{"id":5008,"date":"2013-01-08T11:53:10","date_gmt":"2013-01-08T08:53:10","guid":{"rendered":"https:\/\/www.enerjigazetesi.ist\/?p=5008"},"modified":"2013-01-08T11:53:10","modified_gmt":"2013-01-08T08:53:10","slug":"cari-aciga-yenilebilir-enerji-cozumu","status":"publish","type":"post","link":"https:\/\/www.enerjigazetesi.ist\/en\/cari-aciga-yenilebilir-enerji-cozumu\/","title":{"rendered":"(Turkish) Cari A\u00e7\u0131\u011fa Yenilebilir Enerji \u00c7\u00f6z\u00fcm\u00fc"},"content":{"rendered":"<p class=\"qtranxs-available-languages-message qtranxs-available-languages-message-en\">Sorry, this entry is only available in <a href=\"https:\/\/www.enerjigazetesi.ist\/tr\/wp-json\/wp\/v2\/posts\/5008\" class=\"qtranxs-available-language-link qtranxs-available-language-link-tr\" title=\"Turkish\">Turkish<\/a>. For the sake of viewer convenience, the content is shown below in the alternative language. You may click the link to switch the active language.<\/p><p><strong>\u0130stanbul Gen\u00e7 Giri\u015fimciler Derne\u011fi (\u0130SG\u0130D) Ba\u015fkan\u0131 \u0130nan\u00e7 Kabaday\u0131, cari\u00a0 a\u00e7\u0131\u011f\u0131n ekonomide elde edilen ba\u015far\u0131lar\u0131 g\u00f6lgeledi\u011finden yak\u0131narak, \u201cT\u00fcrkiye, bu\u00a0 soruna \u00e7are bulmak i\u00e7in g\u00fcne\u015f ve r\u00fczg\u00e2r gibi yenilenebilir enerji yat\u0131r\u0131mlar\u0131nda\u00a0 seferberlik ba\u015flatmal\u0131.\u201d dedi.<\/strong><\/p>\n<p><img loading=\"lazy\" class=\"alignright size-medium wp-image-5009\" title=\"yenilebilir-enerji1\" src=\"https:\/\/www.enerjigazetesi.ist\/wp-content\/uploads\/2013\/01\/yenilebilir-enerji1-300x144.jpg\" alt=\"\" width=\"300\" height=\"144\" srcset=\"https:\/\/www.enerjigazetesi.ist\/wp-content\/uploads\/2013\/01\/yenilebilir-enerji1-300x144.jpg 300w, https:\/\/www.enerjigazetesi.ist\/wp-content\/uploads\/2013\/01\/yenilebilir-enerji1-500x241.jpg 500w, https:\/\/www.enerjigazetesi.ist\/wp-content\/uploads\/2013\/01\/yenilebilir-enerji1-80x38.jpg 80w, https:\/\/www.enerjigazetesi.ist\/wp-content\/uploads\/2013\/01\/yenilebilir-enerji1.jpg 615w\" sizes=\"(max-width: 300px) 100vw, 300px\" \/>So\u011futma tedbirlerinin g\u00f6lgeledi\u011fi 2012\u2032de yat\u0131r\u0131mlar\u0131nda ihtiyatl\u0131 davranan\u00a0 sanayici, 2013\u2032e umut ba\u011flad\u0131. Bu senenin hem b\u00fcy\u00fcme hem yat\u0131r\u0131m ortam\u0131 ad\u0131na\u00a0 olumlu olaca\u011f\u0131n\u0131 vurgulayan \u0130SG\u0130D Ba\u015fkan\u0131 Kabaday\u0131, \u201c2012 nispeten sisli bir\u00a0 seneydi. Tedirginliklerin h\u00e2kim oldu\u011fu, sanayici ve t\u00fcccarlar\u0131n yat\u0131r\u0131m\u00a0 kararlar\u0131nda temkinli davrand\u0131\u011f\u0131 bir d\u00f6nemi geride b\u0131rakt\u0131k. 2013\u2032\u00fcn \u00e7arklar\u0131n\u00a0 d\u00f6nece\u011fi, yat\u0131r\u0131mlar\u0131n artaca\u011f\u0131 ve istihdam sorununun daralaca\u011f\u0131 bir sene\u00a0 olaca\u011f\u0131n\u0131 umuyoruz. T\u00fcketim ve yat\u0131r\u0131m harcamalar\u0131n\u0131n artmas\u0131yla ekonominin ivme\u00a0 yakalamas\u0131n\u0131 ve sene sonunda y\u00fczde 4\u2018\u00fc a\u015fan bir b\u00fcy\u00fcme rakam\u0131 elde edilmesini\u00a0 diliyoruz.\u201d ifadelerini kulland\u0131.<\/p>\n<p><strong>2013\u2032te en b\u00fcy\u00fck sorunun istihdam ve cari a\u00e7\u0131k olaca\u011f\u0131n\u0131 anlatan Kabaday\u0131, konu\u015fmas\u0131na \u015f\u00f6yle devam etti:<\/strong><\/p>\n<p>\u201cMaalesef cari a\u00e7\u0131k ekonomimizin yumu\u015fak karn\u0131. Elde edilen ba\u015far\u0131lar her\u00a0 daim cari a\u00e7\u0131\u011f\u0131 g\u00f6lgeliyor. T\u00fcrkiye, b\u00fcy\u00fck b\u00f6l\u00fcm\u00fc enerji ithalat\u0131ndan\u00a0 kaynaklanan a\u00e7\u0131\u011fa \u00e7are bulmak i\u00e7in g\u00fcne\u015f ve r\u00fczg\u00e2r gibi yenilenebilir\u00a0 yat\u0131r\u0131mlar\u0131nda seferber olmal\u0131. Ekonomide so\u011futma \u00e7abalar\u0131 nedeniyle ertelenen\u00a0 pek \u00e7ok yat\u0131r\u0131m karar\u0131n\u0131n yeniden ele al\u0131nmas\u0131n\u0131 ve belirsizlik ortam\u0131n\u0131n\u00a0 kaybolmas\u0131n\u0131 bekliyoruz. Global ekonomide sanc\u0131l\u0131 d\u00f6nemden sonra T\u00fcrkiye\u00a0 ekonomisi d\u0131\u015f \u015foklara kar\u015f\u0131 ne kadar dayan\u0131kl\u0131 oldu\u011funu bir defa daha ortaya\u00a0 koydu. Ekonomi y\u00f6netimi ve sanayinin dikkatli ad\u0131mlar\u0131 ile d\u00fcnya ekonomilerinden\u00a0 olumlu y\u00f6nde ayr\u0131\u015fmay\u0131 ba\u015fard\u0131k. 2013 d\u00fcnyada hala riskli olarak alg\u0131lanan bir\u00a0 sene. Fakat giri\u015fimcilerimiz art\u0131k bekleme d\u00f6nemini sonland\u0131rarak yat\u0131r\u0131m ve\u00a0 istihdam at\u0131l\u0131m\u0131n\u0131 ba\u015flatacak. 2013\u2032te gerek cari a\u00e7\u0131kta gerekse de istihdam\u00a0 sorununda ciddi daralmalar umuyoruz. Bu minvalde sanayiciler olarak\u00a0 kapasitelerimizi geni\u015fletip yeni yat\u0131r\u0131m planlar\u0131n\u0131 devreye ald\u0131\u011f\u0131m\u0131z bir d\u00f6neme\u00a0 girdik. B\u00f6lgede siyasal ve askeri bir olumsuzluk g\u00f6r\u00fclmemesi ve global emtia\u00a0 fiyatlar\u0131nda \u00e7ok b\u00fcy\u00fck bir art\u0131\u015f olmamas\u0131 durumunda hedeflerin rahatl\u0131kla\u00a0 tutaca\u011f\u0131na kanaat getiriyoruz. Elde edilen ba\u015far\u0131lar kredi derecelendirme\u00a0 kurumlar\u0131n\u0131n da dikkatini \u00e7ekiyor. Her ne kadar T\u00fcrkiye\u2019ye kar\u015f\u0131 cimri\u00a0 davransalar da elde edilen ba\u015far\u0131 kredi kurulu\u015flar\u0131n\u0131 not art\u0131\u015f\u0131na mecbur\u00a0 b\u0131rak\u0131yor. Fitch\u2018in ard\u0131ndan di\u011fer kurulu\u015flar\u0131n\u0131n da not art\u0131\u015f\u0131n\u0131n yak\u0131nda\u00a0 gelmesini bekliyoruz.\u201d<\/p>\n<p><strong>\u201c KONUT VE OTOMOT\u0130VE TALEP ARTACAK \u201d<\/strong><\/p>\n<p><strong>2013\u2032\u00fcn yap\u0131, otomotiv, imalat sanayi gibi sekt\u00f6rler i\u00e7in olumlu olaca\u011f\u0131n\u0131 belirten Kabaday\u0131, \u015funlar\u0131 kaydetti:<\/strong><\/p>\n<p>\u201cFaizlerin gerilemesi ve istikrar ortam\u0131 piyasaya ciddi bir ivme katacak.\u00a0 D\u00f6viz ve mevduat\u0131n eski \u00e7ekicili\u011fini yitirmesi birikimleri konut ile otomotive\u00a0 y\u00f6nlendirecek. Yabanc\u0131ya konut sat\u0131\u015f\u0131, kentsel d\u00f6n\u00fc\u015f\u00fcm ve faiz oranlar\u0131nda\u00a0 gerilemenin de etkisi ile gayrimenkul yat\u0131r\u0131mc\u0131lar\u0131n ilk enstr\u00fcmanlar\u0131ndan biri\u00a0 olacak. Bu sene ayaklar frenden kalkarak gaza bas\u0131lacak. Global ekonomide veya\u00a0 T\u00fcrkiye ekonomisinde riskleri, olumsuz senaryolar\u0131 da g\u00f6z ard\u0131 etmeden \u00e7arklar\u0131 d\u00f6nd\u00fcrme vakti geldi. Elde edilen f\u0131rsatlar de\u011ferlendirilerek b\u00fcy\u00fcme, istihdam\u00a0 ve yat\u0131r\u0131m imk\u00e2nlar\u0131 desteklenmeli. 2013\u2032te giri\u015fimcili\u011fin desteklenmesi ad\u0131na\u00a0 devletin bir tak\u0131m destekler vermesi gerekiyor. Ekonominin gelece\u011fine yat\u0131r\u0131m\u00a0 yapmak istiyorsak, uzun vadeli bir istikrar ortam\u0131 istiyorsak giri\u015fimcilere\u00a0 vergi avantaj\u0131 gibi destekler sunmal\u0131y\u0131z.\u201d<\/p>\n<p>Kaynak: <a href=\"http:\/\/www.borsarti.com\/cari-aciga-yenilebilir-enerji-cozumu.html\" target=\"_blank\">BorsaArt\u0131\u00a0<\/a><\/p>","protected":false},"excerpt":{"rendered":"<p>Sorry, this entry is only available in Turkish. For the sake of viewer convenience, the content is shown below in the alternative language. You may click the link to switch the active language.\u0130stanbul Gen\u00e7 Giri\u015fimciler Derne\u011fi (\u0130SG\u0130D) Ba\u015fkan\u0131 \u0130nan\u00e7 Kabaday\u0131, cari\u00a0 a\u00e7\u0131\u011f\u0131n ekonomide elde edilen ba\u015far\u0131lar\u0131 g\u00f6lgeledi\u011finden yak\u0131narak, \u201cT\u00fcrkiye, bu\u00a0 soruna \u00e7are bulmak i\u00e7in g\u00fcne\u015f [&hellip;]<\/p>\n","protected":false},"author":1,"featured_media":5009,"comment_status":"open","ping_status":"open","sticky":false,"template":"","format":"standard","meta":[],"categories":[53,49,48,50],"tags":[13,1741,1740,16,105],"views":549,"_links":{"self":[{"href":"https:\/\/www.enerjigazetesi.ist\/en\/wp-json\/wp\/v2\/posts\/5008"}],"collection":[{"href":"https:\/\/www.enerjigazetesi.ist\/en\/wp-json\/wp\/v2\/posts"}],"about":[{"href":"https:\/\/www.enerjigazetesi.ist\/en\/wp-json\/wp\/v2\/types\/post"}],"author":[{"embeddable":true,"href":"https:\/\/www.enerjigazetesi.ist\/en\/wp-json\/wp\/v2\/users\/1"}],"replies":[{"embeddable":true,"href":"https:\/\/www.enerjigazetesi.ist\/en\/wp-json\/wp\/v2\/comments?post=5008"}],"version-history":[{"count":2,"href":"https:\/\/www.enerjigazetesi.ist\/en\/wp-json\/wp\/v2\/posts\/5008\/revisions"}],"predecessor-version":[{"id":5011,"href":"https:\/\/www.enerjigazetesi.ist\/en\/wp-json\/wp\/v2\/posts\/5008\/revisions\/5011"}],"wp:featuredmedia":[{"embeddable":true,"href":"https:\/\/www.enerjigazetesi.ist\/en\/wp-json\/wp\/v2\/media\/5009"}],"wp:attachment":[{"href":"https:\/\/www.enerjigazetesi.ist\/en\/wp-json\/wp\/v2\/media?parent=5008"}],"wp:term":[{"taxonomy":"category","embeddable":true,"href":"https:\/\/www.enerjigazetesi.ist\/en\/wp-json\/wp\/v2\/categories?post=5008"},{"taxonomy":"post_tag","embeddable":true,"href":"https:\/\/www.enerjigazetesi.ist\/en\/wp-json\/wp\/v2\/tags?post=5008"}],"curies":[{"name":"wp","href":"https:\/\/api.w.org\/{rel}","templated":true}]}}