{"id":50056,"date":"2016-02-06T16:11:09","date_gmt":"2016-02-06T13:11:09","guid":{"rendered":"https:\/\/www.enerjigazetesi.ist\/?p=50056"},"modified":"2016-02-06T16:11:09","modified_gmt":"2016-02-06T13:11:09","slug":"cin-gunes-elektriginde-dunya-lideri-oldu","status":"publish","type":"post","link":"https:\/\/www.enerjigazetesi.ist\/en\/cin-gunes-elektriginde-dunya-lideri-oldu\/","title":{"rendered":"(Turkish) \u00c7in G\u00fcne\u015f Elektri\u011finde D\u00fcnya Lideri Oldu!"},"content":{"rendered":"<p class=\"qtranxs-available-languages-message qtranxs-available-languages-message-en\">Sorry, this entry is only available in <a href=\"https:\/\/www.enerjigazetesi.ist\/tr\/wp-json\/wp\/v2\/posts\/50056\" class=\"qtranxs-available-language-link qtranxs-available-language-link-tr\" title=\"Turkish\">Turkish<\/a>. For the sake of viewer convenience, the content is shown below in the alternative language. You may click the link to switch the active language.<\/p><p><\/p>\n<div id=\"content-text\" style=\"color: #222222;\">\n<p style=\"color: #444444;\"><strong>\u00c7in\u2019in g\u00fcne\u015f elektri\u011fi alan\u0131nda 43 GW\u2019l\u0131k kurulu g\u00fcce ula\u015farak bu alanda d\u00fcnya liderli\u011fini elde etti\u011fi bildirildi.<\/strong><\/p>\n<p style=\"color: #444444;\">\u00dclkenin resmi haber ajans\u0131 Xinhua\u2019ya bilgi veren, \u00c7in Fotovoltaik Sanayi Birli\u011fi Genel Sekreteri Wang Bohua \u00c7in\u2019in bu alandaki kurulu g\u00fcc\u00fcn\u00fc 2015 y\u0131l\u0131nda 15 GW d\u00fczeyinde art\u0131rd\u0131\u011f\u0131 bilgisini verdi. Wang a\u00e7\u0131klamas\u0131nda bu art\u0131\u015f\u0131n bir \u00f6nceki y\u0131la g\u00f6re y\u00fczde 40 oran\u0131nda y\u00fckse<a href=\"https:\/\/www.enerjigazetesi.ist\/wp-content\/uploads\/2016\/02\/cin-gunes-elektriginde-dunya-lideri-oldu.jpg\"><img loading=\"lazy\" class=\"alignleft size-medium wp-image-50057\" src=\"https:\/\/www.enerjigazetesi.ist\/wp-content\/uploads\/2016\/02\/cin-gunes-elektriginde-dunya-lideri-oldu-300x163.jpg\" alt=\"cin-gunes-elektriginde-dunya-lideri-oldu\" width=\"300\" height=\"163\" srcset=\"https:\/\/www.enerjigazetesi.ist\/wp-content\/uploads\/2016\/02\/cin-gunes-elektriginde-dunya-lideri-oldu-300x163.jpg 300w, https:\/\/www.enerjigazetesi.ist\/wp-content\/uploads\/2016\/02\/cin-gunes-elektriginde-dunya-lideri-oldu-80x43.jpg 80w, https:\/\/www.enerjigazetesi.ist\/wp-content\/uploads\/2016\/02\/cin-gunes-elektriginde-dunya-lideri-oldu.jpg 460w\" sizes=\"(max-width: 300px) 100vw, 300px\" \/><\/a>ldi\u011finin de alt\u0131n\u0131 \u00e7izdi.<\/p>\n<p style=\"color: #444444;\">\u00c7in y\u00f6netimi ge\u00e7en y\u0131l\u0131n Kas\u0131m ay\u0131nda a\u00e7\u0131klanan 2016-2020 y\u0131llar\u0131n\u0131 kapsayan 13. Be\u015f Y\u0131ll\u0131k Plan\u2019da 2020 y\u0131l\u0131 i\u00e7in g\u00fcne\u015f elektri\u011fi kurulu g\u00fc\u00e7 hedefi 150 GW olarak belirtilmi\u015fti. \u00c7inli yetkililer bu hedefi daha \u00f6nce 100 GW olarak belirtiyorlard\u0131.<\/p>\n<p style=\"color: #444444;\">Bununla birlikte 2015\u2019in son aylar\u0131na kadar bu alandaki liderli\u011fi Almanya elinde bulunduruyordu.<\/p>\n<p style=\"color: #444444;\">Almanya hen\u00fcz 2015 sonu itibari ile g\u00fcne\u015f elektri\u011fi g\u00fcc\u00fcne dair resmi verileri yay\u0131nlamasa da, Kas\u0131m ay\u0131na dair verilere g\u00f6re 30 Kas\u0131m 2015 itibari ile \u00fclke 39,6 GW\u2019l\u0131k g\u00fcce ula\u015fm\u0131\u015ft\u0131.<\/p>\n<p style=\"color: #444444;\">Bu g\u00fcc\u00fcn 67 MW\u2019l\u0131k b\u00f6l\u00fcm\u00fc Kas\u0131m ay\u0131nda, 1,3 GW\u2019l\u0131k b\u00f6l\u00fcm\u00fc ise son 12 ayl\u0131k d\u00f6nemde devreye girmi\u015fti.<\/p>\n<p style=\"color: #444444;\">Kaynak: <a href=\"http:\/\/yesilekonomi.com\/fotovoltaik\/cin-gunes-elektriginde-dunya-lideri-oldu\" target=\"_blank\" rel=\"nofollow\">Ye\u015fil Ekonomi<\/a><\/p>\n<\/div>\n<p><\/p>","protected":false},"excerpt":{"rendered":"<p>Sorry, this entry is only available in Turkish. For the sake of viewer convenience, the content is shown below in the alternative language. You may click the link to switch the active language. \u00c7in\u2019in g\u00fcne\u015f elektri\u011fi alan\u0131nda 43 GW\u2019l\u0131k kurulu g\u00fcce ula\u015farak bu alanda d\u00fcnya liderli\u011fini elde etti\u011fi bildirildi. \u00dclkenin resmi haber ajans\u0131 Xinhua\u2019ya bilgi [&hellip;]<\/p>\n","protected":false},"author":1,"featured_media":50057,"comment_status":"open","ping_status":"open","sticky":false,"template":"","format":"standard","meta":[],"categories":[51,53,49],"tags":[886,63,67,1009,2698,165,227,1169,13,23133,22975,4269],"views":1057,"_links":{"self":[{"href":"https:\/\/www.enerjigazetesi.ist\/en\/wp-json\/wp\/v2\/posts\/50056"}],"collection":[{"href":"https:\/\/www.enerjigazetesi.ist\/en\/wp-json\/wp\/v2\/posts"}],"about":[{"href":"https:\/\/www.enerjigazetesi.ist\/en\/wp-json\/wp\/v2\/types\/post"}],"author":[{"embeddable":true,"href":"https:\/\/www.enerjigazetesi.ist\/en\/wp-json\/wp\/v2\/users\/1"}],"replies":[{"embeddable":true,"href":"https:\/\/www.enerjigazetesi.ist\/en\/wp-json\/wp\/v2\/comments?post=50056"}],"version-history":[{"count":1,"href":"https:\/\/www.enerjigazetesi.ist\/en\/wp-json\/wp\/v2\/posts\/50056\/revisions"}],"predecessor-version":[{"id":50058,"href":"https:\/\/www.enerjigazetesi.ist\/en\/wp-json\/wp\/v2\/posts\/50056\/revisions\/50058"}],"wp:featuredmedia":[{"embeddable":true,"href":"https:\/\/www.enerjigazetesi.ist\/en\/wp-json\/wp\/v2\/media\/50057"}],"wp:attachment":[{"href":"https:\/\/www.enerjigazetesi.ist\/en\/wp-json\/wp\/v2\/media?parent=50056"}],"wp:term":[{"taxonomy":"category","embeddable":true,"href":"https:\/\/www.enerjigazetesi.ist\/en\/wp-json\/wp\/v2\/categories?post=50056"},{"taxonomy":"post_tag","embeddable":true,"href":"https:\/\/www.enerjigazetesi.ist\/en\/wp-json\/wp\/v2\/tags?post=50056"}],"curies":[{"name":"wp","href":"https:\/\/api.w.org\/{rel}","templated":true}]}}