{"id":50053,"date":"2016-02-06T16:06:46","date_gmt":"2016-02-06T13:06:46","guid":{"rendered":"https:\/\/www.enerjigazetesi.ist\/?p=50053"},"modified":"2016-02-06T16:06:46","modified_gmt":"2016-02-06T13:06:46","slug":"kuresel-gunes-elektrigi-gucu-262-gw-oldu","status":"publish","type":"post","link":"https:\/\/www.enerjigazetesi.ist\/en\/kuresel-gunes-elektrigi-gucu-262-gw-oldu\/","title":{"rendered":"(Turkish) K\u00fcresel G\u00fcne\u015f Elektri\u011fi G\u00fcc\u00fc 262 GW Oldu&#8230;"},"content":{"rendered":"<p class=\"qtranxs-available-languages-message qtranxs-available-languages-message-en\">Sorry, this entry is only available in <a href=\"https:\/\/www.enerjigazetesi.ist\/tr\/wp-json\/wp\/v2\/posts\/50053\" class=\"qtranxs-available-language-link qtranxs-available-language-link-tr\" title=\"Turkish\">Turkish<\/a>. For the sake of viewer convenience, the content is shown below in the alternative language. You may click the link to switch the active language.<\/p><p><\/p>\n<p style=\"color: #444444;\"><strong>K\u00fcresel g\u00fcne\u015f elektri\u011fi kurulu g\u00fcc\u00fcn\u00fcn 262 MW seviyesine y\u00fckseldi\u011fi bildirildi. ABD merkezli ara\u015ft\u0131rma kurulu\u015fu GTM Research taraf\u0131ndan yap\u0131lan a\u00e7\u0131klamaya g\u00f6re 2015 y\u0131l\u0131nda ger\u00e7ekle\u015fen kurulumlar\u0131n toplam g\u00fcc\u00fc 59 MW olurken, fotovoltaik pazar\u0131nda y\u0131ll\u0131k b\u00fcy\u00fcme oran\u0131 ise y\u00fczde 34 olarak ger\u00e7ekl<a href=\"https:\/\/www.enerjigazetesi.ist\/wp-content\/uploads\/2016\/02\/kuresel-gunes-elektrigi-gucu-262-gw-oldu.jpg\"><img loading=\"lazy\" class=\"alignright size-medium wp-image-50054\" src=\"https:\/\/www.enerjigazetesi.ist\/wp-content\/uploads\/2016\/02\/kuresel-gunes-elektrigi-gucu-262-gw-oldu-300x163.jpg\" alt=\"kuresel-gunes-elektrigi-gucu-262-gw-oldu\" width=\"300\" height=\"163\" srcset=\"https:\/\/www.enerjigazetesi.ist\/wp-content\/uploads\/2016\/02\/kuresel-gunes-elektrigi-gucu-262-gw-oldu-300x163.jpg 300w, https:\/\/www.enerjigazetesi.ist\/wp-content\/uploads\/2016\/02\/kuresel-gunes-elektrigi-gucu-262-gw-oldu-80x43.jpg 80w, https:\/\/www.enerjigazetesi.ist\/wp-content\/uploads\/2016\/02\/kuresel-gunes-elektrigi-gucu-262-gw-oldu.jpg 460w\" sizes=\"(max-width: 300px) 100vw, 300px\" \/><\/a>e\u015fti.\u00a0<\/strong><\/p>\n<p style=\"color: #444444;\">Kurulu\u015fun a\u00e7\u0131klamas\u0131nda bu verilerin hen\u00fcz kesinle\u015fmemi\u015f \u00f6n bilgi niteli\u011finde oldu\u011funun da alt\u0131 \u00e7izildi.<\/p>\n<p style=\"color: #444444;\">Kurulu\u015f 2016 y\u0131l\u0131 i\u00e7in ise 64 GW\u2019l\u0131k b\u00fcy\u00fcme ile y\u0131l sonunda 321 GW\u2019l\u0131k k\u00fcm\u00fclatif g\u00fc\u00e7 \u00f6ng\u00f6r\u00fcyor.<\/p>\n<p style=\"color: #444444;\">2015 y\u0131l\u0131nda pazar\u0131n en \u00f6nemli iki oyuncusu olan ABD ve \u00c7in 2016 da bu konumlar\u0131n\u0131 koruyacaklar.<\/p>\n<p style=\"color: #444444;\">Bununla birlikte \u00f6nceki \u00e7al\u0131\u015fmalar\u0131nda ABD\u2019nin 2015-2020 y\u0131lllar\u0131 aras\u0131ndaki ortalama pazar pay\u0131n\u0131 y\u00fczde 10 olarak \u00f6ng\u00f6ren kurulu\u015f bunu yukar\u0131 do\u011fru revize etti\u011fini bildirildi.<\/p>\n<p style=\"color: #444444;\">GTM Research analizine g\u00f6re ge\u00e7en y\u0131l uzat\u0131lan vergi te\u015fvi\u011fi d\u00fczenlemesi 2015-2020 y\u0131llar\u0131 aras\u0131ndaki d\u00f6nemde ABD\u2019nin\u00a0k\u00fcresel fotovoltaik pazar\u0131ndaki pay\u0131n\u0131n y\u00fczde 15 d\u00fczeyinde olmas\u0131n\u0131 sa\u011flayacak.<\/p>\n<p style=\"color: #444444;\">Kaynak: <a href=\"http:\/\/yesilekonomi.com\/fotovoltaik\/kuresel-gunes-elektrigi-gucu-262-mw-oldu\" target=\"_blank\" rel=\"nofollow\">Ye\u015fil Ekonomi<\/a><\/p>\n<p><\/p>","protected":false},"excerpt":{"rendered":"<p>Sorry, this entry is only available in Turkish. For the sake of viewer convenience, the content is shown below in the alternative language. You may click the link to switch the active language. K\u00fcresel g\u00fcne\u015f elektri\u011fi kurulu g\u00fcc\u00fcn\u00fcn 262 MW seviyesine y\u00fckseldi\u011fi bildirildi. ABD merkezli ara\u015ft\u0131rma kurulu\u015fu GTM Research taraf\u0131ndan yap\u0131lan a\u00e7\u0131klamaya g\u00f6re 2015 y\u0131l\u0131nda [&hellip;]<\/p>\n","protected":false},"author":1,"featured_media":50054,"comment_status":"open","ping_status":"open","sticky":false,"template":"","format":"standard","meta":[],"categories":[51,53,49],"tags":[63,67,1009,2698,165,227,1169,13,23133,22975,4269],"views":808,"_links":{"self":[{"href":"https:\/\/www.enerjigazetesi.ist\/en\/wp-json\/wp\/v2\/posts\/50053"}],"collection":[{"href":"https:\/\/www.enerjigazetesi.ist\/en\/wp-json\/wp\/v2\/posts"}],"about":[{"href":"https:\/\/www.enerjigazetesi.ist\/en\/wp-json\/wp\/v2\/types\/post"}],"author":[{"embeddable":true,"href":"https:\/\/www.enerjigazetesi.ist\/en\/wp-json\/wp\/v2\/users\/1"}],"replies":[{"embeddable":true,"href":"https:\/\/www.enerjigazetesi.ist\/en\/wp-json\/wp\/v2\/comments?post=50053"}],"version-history":[{"count":1,"href":"https:\/\/www.enerjigazetesi.ist\/en\/wp-json\/wp\/v2\/posts\/50053\/revisions"}],"predecessor-version":[{"id":50055,"href":"https:\/\/www.enerjigazetesi.ist\/en\/wp-json\/wp\/v2\/posts\/50053\/revisions\/50055"}],"wp:featuredmedia":[{"embeddable":true,"href":"https:\/\/www.enerjigazetesi.ist\/en\/wp-json\/wp\/v2\/media\/50054"}],"wp:attachment":[{"href":"https:\/\/www.enerjigazetesi.ist\/en\/wp-json\/wp\/v2\/media?parent=50053"}],"wp:term":[{"taxonomy":"category","embeddable":true,"href":"https:\/\/www.enerjigazetesi.ist\/en\/wp-json\/wp\/v2\/categories?post=50053"},{"taxonomy":"post_tag","embeddable":true,"href":"https:\/\/www.enerjigazetesi.ist\/en\/wp-json\/wp\/v2\/tags?post=50053"}],"curies":[{"name":"wp","href":"https:\/\/api.w.org\/{rel}","templated":true}]}}