{"id":50041,"date":"2016-02-06T15:49:18","date_gmt":"2016-02-06T12:49:18","guid":{"rendered":"https:\/\/www.enerjigazetesi.ist\/?p=50041"},"modified":"2016-02-06T15:49:18","modified_gmt":"2016-02-06T12:49:18","slug":"ab-norvec-enerji-forumu","status":"publish","type":"post","link":"https:\/\/www.enerjigazetesi.ist\/en\/ab-norvec-enerji-forumu\/","title":{"rendered":"(Turkish) AB-Norve\u00e7 Enerji Forumu&#8230;"},"content":{"rendered":"<p class=\"qtranxs-available-languages-message qtranxs-available-languages-message-en\">Sorry, this entry is only available in <a href=\"https:\/\/www.enerjigazetesi.ist\/tr\/wp-json\/wp\/v2\/posts\/50041\" class=\"qtranxs-available-language-link qtranxs-available-language-link-tr\" title=\"Turkish\">Turkish<\/a>. For the sake of viewer convenience, the content is shown below in the alternative language. You may click the link to switch the active language.<\/p><p><\/p>\n<p style=\"color: #363636;\"><strong>AB Komisyonu \u0130klim ve Enerjiden Sorumlu \u00dcyesi Miguel Arias Canete, \u201cBiz enerjide d\u00f6n\u00fc\u015f\u00fcmde do\u011falgaz\u0131 g\u00f6zard\u0131 edemeyiz. Avrupa enerji stratejisinde do\u011falgaz \u00f6nemli olmaya devam edecek\u201d dedi.<\/strong><\/p>\n<p style=\"color: #363636;\">Canete, Br\u00fcksel\u2019de 3\u2032\u00fcnc\u00fcs\u00fc d\u00fczenlenen AB-Norve\u00e7 Enerji Forumu\u2019nda, Norve\u00e7\u2019in Avrupa\u2019n\u0131n do\u011falgaz <a href=\"https:\/\/www.enerjigazetesi.ist\/wp-content\/uploads\/2016\/02\/ab-norvec-enerji-forumu.jpg\"><img loading=\"lazy\" class=\"alignright  wp-image-50042\" src=\"https:\/\/www.enerjigazetesi.ist\/wp-content\/uploads\/2016\/02\/ab-norvec-enerji-forumu.jpg\" alt=\"ab-norvec-enerji-forumu\" width=\"300\" height=\"211\" \/><\/a>arz g\u00fcvenli\u011fi i\u00e7in stratejik \u00f6nemde bir ortak oldu\u011funu belirterek, Norve\u00e7\u2019in \u00fcretti\u011fi do\u011falgaz\u0131n tamam\u0131na yak\u0131n\u0131n\u0131n AB \u00fclkelerine ihra\u00e7 edildi\u011fini s\u00f6yledi.<\/p>\n<p style=\"color: #363636;\">Avrupa\u2019n\u0131n enerji d\u00f6n\u00fc\u015f\u00fcm\u00fcnde Norve\u00e7\u2019in sahip oldu\u011fu do\u011falgaz kaynaklar\u0131n\u0131n \u00f6nemli rol oynayaca\u011f\u0131na i\u015faret eden Canete, \u201cBiz enerjide d\u00f6n\u00fc\u015f\u00fcmde do\u011falgaz\u0131 g\u00f6zard\u0131 edemeyiz. Avrupa enerji stratejisinde do\u011falgaz \u00f6nemli olmaya devam edecek\u201d diye konu\u015ftu.<\/p>\n<p style=\"color: #363636;\">Canete, AB Komisyonunun enerji g\u00fcvenlik paketini a\u00e7\u0131klayaca\u011f\u0131na dikkati \u00e7ekerek, \u201cEnerji g\u00fcvenlik paketinde, AB \u00fclkelerinin enerjide 3\u2032\u00fcnc\u00fc \u00fclkelerle yapacaklar\u0131 h\u00fck\u00fcmetleraras\u0131 anla\u015fmalar\u0131n Avrupa\u2019da tam uyumlu olmas\u0131 teklif edilecek\u201d ifadelerini kulland\u0131.<\/p>\n<p style=\"color: #363636;\">AB \u00fcyesi \u00fclkelerin stratejik olarak LNG\u2019ye (s\u0131v\u0131la\u015ft\u0131r\u0131lm\u0131\u015f do\u011falgaz) eri\u015fimi olmas\u0131n\u0131n \u00f6nemine de\u011finen Canete, enerjide d\u00f6n\u00fc\u015f\u00fcm\u00fcn bir g\u00fcnde yap\u0131lamayaca\u011f\u0131n\u0131 s\u00f6yledi.<\/p>\n<p style=\"color: #363636;\">Canete, Avrupa\u2019n\u0131n do\u011falgaza ihtiyac\u0131 oldu\u011funu ve bunun da g\u00fcvenli kaynaklardan sa\u011flanmas\u0131 gerekti\u011fine dikkati \u00e7ekerek, \u201cNorve\u00e7 gaz arz\u0131nda g\u00fcvenilir bir partner. Gelecekte, az veya \u00e7ok, gaza ihtiya\u00e7 olacak. Bizim baz\u0131 arkada\u015flar\u0131m\u0131z ise g\u00fcvenilir partner de\u011fil\u201d dedi.<\/p>\n<p style=\"color: #363636;\">Norve\u00e7 Enerji ve Petrol Bakan\u0131 Tord Lien de, Avrupa\u2019n\u0131n enerji ve iklim politikalar\u0131n\u0131n birbirine ba\u011f\u0131ml\u0131 oldu\u011funu, her ikisinde sa\u011flanacak ba\u015far\u0131n\u0131n \u00f6nem arz etti\u011fini vurgulad\u0131.<\/p>\n<p style=\"color: #363636;\">Avrupa\u2019da uygulanacak enerji sistemlerinin hem makul fiyatl\u0131, hem istihdama katk\u0131 verici hem de \u00e7evre dostu olmas\u0131 gerekti\u011fini s\u00f6yleyen Lien, \u201cAvrupa\u2019n\u0131n enerji gelece\u011finde Norve\u00e7 do\u011falgaz\u0131 \u00f6nemli rol oynayacak\u201d dedi.<\/p>\n<p style=\"color: #363636;\">AB\u2019nin Norve\u00e7 gaz\u0131n\u0131 kendi gaz\u0131 gibi g\u00f6rmesi gerekti\u011finin alt\u0131n\u0131 \u00e7izen Lien, yenilenebilir enerji yat\u0131r\u0131mlar\u0131nda do\u011falgaz kullan\u0131larak esnek \u00e7\u00f6z\u00fcmler \u00fcretilebildi\u011fini an\u0131msatt\u0131 ve \u201cAB, Norve\u00e7 gaz\u0131n\u0131 i\u00e7 piyasada \u00fcretilen Avrupa gaz\u0131 g\u00f6z\u00fcyle g\u00f6rmelidir\u201d yorumunu yapt\u0131.<\/p>\n<p style=\"color: #363636;\">\u00d6te yandan, Norve\u00e7 kendi ihtiyac\u0131 olan elektri\u011fin tamam\u0131n\u0131 yenilenebilir kaynaklardan elde ediyor. AB\u2019nin do\u011falgaz ihtiyac\u0131n\u0131 kar\u015f\u0131lamada Norve\u00e7, Rusya\u2019dan sonra ikinci s\u0131rada yer al\u0131yor.<\/p>\n<p style=\"color: #363636;\">Kaynak: AA<\/p>\n<p><\/p>","protected":false},"excerpt":{"rendered":"<p>Sorry, this entry is only available in Turkish. For the sake of viewer convenience, the content is shown below in the alternative language. You may click the link to switch the active language. AB Komisyonu \u0130klim ve Enerjiden Sorumlu \u00dcyesi Miguel Arias Canete, \u201cBiz enerjide d\u00f6n\u00fc\u015f\u00fcmde do\u011falgaz\u0131 g\u00f6zard\u0131 edemeyiz. Avrupa enerji stratejisinde do\u011falgaz \u00f6nemli olmaya [&hellip;]<\/p>\n","protected":false},"author":1,"featured_media":50042,"comment_status":"open","ping_status":"open","sticky":false,"template":"","format":"standard","meta":[],"categories":[46,53],"tags":[1192,4554,1964,92,63,3756,67,28366,1009,2698,165,2012,6331,2585],"views":565,"_links":{"self":[{"href":"https:\/\/www.enerjigazetesi.ist\/en\/wp-json\/wp\/v2\/posts\/50041"}],"collection":[{"href":"https:\/\/www.enerjigazetesi.ist\/en\/wp-json\/wp\/v2\/posts"}],"about":[{"href":"https:\/\/www.enerjigazetesi.ist\/en\/wp-json\/wp\/v2\/types\/post"}],"author":[{"embeddable":true,"href":"https:\/\/www.enerjigazetesi.ist\/en\/wp-json\/wp\/v2\/users\/1"}],"replies":[{"embeddable":true,"href":"https:\/\/www.enerjigazetesi.ist\/en\/wp-json\/wp\/v2\/comments?post=50041"}],"version-history":[{"count":1,"href":"https:\/\/www.enerjigazetesi.ist\/en\/wp-json\/wp\/v2\/posts\/50041\/revisions"}],"predecessor-version":[{"id":50043,"href":"https:\/\/www.enerjigazetesi.ist\/en\/wp-json\/wp\/v2\/posts\/50041\/revisions\/50043"}],"wp:featuredmedia":[{"embeddable":true,"href":"https:\/\/www.enerjigazetesi.ist\/en\/wp-json\/wp\/v2\/media\/50042"}],"wp:attachment":[{"href":"https:\/\/www.enerjigazetesi.ist\/en\/wp-json\/wp\/v2\/media?parent=50041"}],"wp:term":[{"taxonomy":"category","embeddable":true,"href":"https:\/\/www.enerjigazetesi.ist\/en\/wp-json\/wp\/v2\/categories?post=50041"},{"taxonomy":"post_tag","embeddable":true,"href":"https:\/\/www.enerjigazetesi.ist\/en\/wp-json\/wp\/v2\/tags?post=50041"}],"curies":[{"name":"wp","href":"https:\/\/api.w.org\/{rel}","templated":true}]}}