{"id":49965,"date":"2016-02-04T19:51:17","date_gmt":"2016-02-04T16:51:17","guid":{"rendered":"https:\/\/www.enerjigazetesi.ist\/?p=49965"},"modified":"2016-02-04T19:51:17","modified_gmt":"2016-02-04T16:51:17","slug":"gunese-yasa-onerisi","status":"publish","type":"post","link":"https:\/\/www.enerjigazetesi.ist\/en\/gunese-yasa-onerisi\/","title":{"rendered":"(Turkish) G\u00fcne\u015f\u2019e Yasa \u00d6nerisi!"},"content":{"rendered":"<p class=\"qtranxs-available-languages-message qtranxs-available-languages-message-en\">Sorry, this entry is only available in <a href=\"https:\/\/www.enerjigazetesi.ist\/tr\/wp-json\/wp\/v2\/posts\/49965\" class=\"qtranxs-available-language-link qtranxs-available-language-link-tr\" title=\"Turkish\">Turkish<\/a>. For the sake of viewer convenience, the content is shown below in the alternative language. You may click the link to switch the active language.<\/p><p><\/p>\n<p style=\"color: #363636;\"><strong>Orta Do\u011fu Teknik \u00dcniversitesi (ODT\u00dc) \u00d6\u011fretim \u00dcyesi Do\u00e7. Dr. \u00c7etin G\u00f6ksu, T\u00fcrkiye\u2019nin k\u00fcresel \u0131s\u0131nmaya kar\u015f\u0131 m\u00fccadelede kararl\u0131 oldu\u011funu belirterek, \u201cDaha ba\u015far\u0131l\u0131 ve h\u0131zl\u0131 sonu\u00e7lar almak i\u00e7in bir \u2018G\u00fcne\u015f Yasas\u0131\u2019n\u0131n \u00e7\u0131kar\u0131lmas\u0131n\u0131 \u00f6neriyoruz\u201d dedi.<\/strong><\/p>\n<p style=\"color: #363636;\">G\u00f6ksu, AA muhabirine yapt\u0131\u011f\u0131 a\u00e7\u0131klamada, T\u00fcrkiye\u2019deki g\u00fcne\u015f enerjisi potansiyelinin \u00fclkenin t\u00fcketti\u011fi t<a href=\"https:\/\/www.enerjigazetesi.ist\/wp-content\/uploads\/2016\/02\/gunese-yasa-onerisi.jpg\"><img loading=\"lazy\" class=\"alignright  wp-image-49966\" src=\"https:\/\/www.enerjigazetesi.ist\/wp-content\/uploads\/2016\/02\/gunese-yasa-onerisi.jpg\" alt=\"gunese-yasa-onerisi\" width=\"300\" height=\"208\" \/><\/a>oplam enerjinin 20 kat\u0131 oldu\u011funu vurgulayarak, \u201cNas\u0131l petrol ve do\u011falgaz yasas\u0131 varsa, hepsinden daha zengin olan, \u00e7evreyi kirletmeyen, y\u00fczde y\u00fcz yerli kaynak olan g\u00fcne\u015f i\u00e7in de yasa kesinlikle gereklidir. Ayr\u0131ca bu yasay\u0131 d\u00fcnyada ilk T\u00fcrkiye \u00e7\u0131kar\u0131rsa di\u011fer \u00fclkelere de \u00f6nc\u00fcl\u00fck edebilir, yol g\u00f6sterebilir. L\u00fctfen bu f\u0131rsat\u0131 ka\u00e7\u0131rmayal\u0131m\u201d ifadelerini kulland\u0131.<\/p>\n<p style=\"color: #363636;\">T\u00fcrkiye\u2019nin sahip oldu\u011fu enerji potansiyelini daha iyi de\u011ferlendirmek ve \u00fclkenin emisyonlar\u0131n\u0131 azaltmak ad\u0131na bu yasan\u0131n \u00e7\u0131kmas\u0131 gerekti\u011fini savunan G\u00f6ksu, \u201cG\u00fcne\u015f enerjili kentleri hayata ge\u00e7irebilmek, evlerin, binalar\u0131n g\u00fcne\u015ften maksimum yararlanmas\u0131, hem T\u00fcrkiye\u2019de hem de ihracatta kullan\u0131lacak yeni g\u00fcne\u015f teknolojilerini geli\u015ftirebilmek, daha fazla i\u015f alan\u0131 a\u00e7\u0131p i\u015fsizli\u011fi d\u00fc\u015f\u00fcrebilmek i\u00e7in yasal d\u00fczenleme gerekiyor\u201d de\u011ferlendirmesinde bulundu.<\/p>\n<p style=\"color: #363636;\">G\u00f6ksu, T\u00fcrkiye\u2019nin Paris \u0130klim Zirvesi Sonu\u00e7 Belgesini imzalayarak \u00fclke emisyonlar\u0131n\u0131 azaltmay\u0131, yenilenebilir enerji kaynaklar\u0131na y\u00f6nelmeyi kabul etti\u011fini belirterek, s\u00f6zlerini \u015f\u00f6yle tamamlad\u0131:<\/p>\n<p style=\"color: #363636;\">\u201cHer \u015feyden \u00f6nce T\u00fcrkiye, k\u00fcresel \u0131s\u0131nmaya kar\u015f\u0131 sava\u015fta kararl\u0131 oldu\u011funu uluslararas\u0131 bir s\u00f6zle\u015fme ile belirlemi\u015ftir. T\u00fcrkiye, bug\u00fcne kadar yenilenebilir enerji \u00fcretimi konusunda baz\u0131 ad\u0131mlar atm\u0131\u015ft\u0131r. Bu ad\u0131mlar aras\u0131nda, Enerji Verimlilik Yasas\u0131, Yenilebilir Enerji Yasas\u0131, Binalarda Enerji Performans Y\u00f6netmenli\u011fi, enerji kimlik belirleme \u00e7al\u0131\u015fmalar\u0131, g\u00fcne\u015f ve r\u00fczgar enerjisine verilen te\u015fvikler \u00f6nemli geli\u015fmelerdir. Bu te\u015fvikler, \u00fclkemizde yenilenebilir enerji \u00fcretiminde az da olsa \u00f6nemli ba\u015flang\u0131\u00e7lar yapm\u0131\u015ft\u0131r.\u201d<\/p>\n<p style=\"color: #363636;\">Kaynak: AA<\/p>\n<p><\/p>","protected":false},"excerpt":{"rendered":"<p>Sorry, this entry is only available in Turkish. For the sake of viewer convenience, the content is shown below in the alternative language. You may click the link to switch the active language. Orta Do\u011fu Teknik \u00dcniversitesi (ODT\u00dc) \u00d6\u011fretim \u00dcyesi Do\u00e7. Dr. \u00c7etin G\u00f6ksu, T\u00fcrkiye\u2019nin k\u00fcresel \u0131s\u0131nmaya kar\u015f\u0131 m\u00fccadelede kararl\u0131 oldu\u011funu belirterek, \u201cDaha ba\u015far\u0131l\u0131 ve [&hellip;]<\/p>\n","protected":false},"author":1,"featured_media":49966,"comment_status":"open","ping_status":"open","sticky":false,"template":"","format":"standard","meta":[],"categories":[53,49],"tags":[28334,63,67,1009,2698,165,227,13,23133,22975,4269,28335,985,4680,97],"views":886,"_links":{"self":[{"href":"https:\/\/www.enerjigazetesi.ist\/en\/wp-json\/wp\/v2\/posts\/49965"}],"collection":[{"href":"https:\/\/www.enerjigazetesi.ist\/en\/wp-json\/wp\/v2\/posts"}],"about":[{"href":"https:\/\/www.enerjigazetesi.ist\/en\/wp-json\/wp\/v2\/types\/post"}],"author":[{"embeddable":true,"href":"https:\/\/www.enerjigazetesi.ist\/en\/wp-json\/wp\/v2\/users\/1"}],"replies":[{"embeddable":true,"href":"https:\/\/www.enerjigazetesi.ist\/en\/wp-json\/wp\/v2\/comments?post=49965"}],"version-history":[{"count":1,"href":"https:\/\/www.enerjigazetesi.ist\/en\/wp-json\/wp\/v2\/posts\/49965\/revisions"}],"predecessor-version":[{"id":49967,"href":"https:\/\/www.enerjigazetesi.ist\/en\/wp-json\/wp\/v2\/posts\/49965\/revisions\/49967"}],"wp:featuredmedia":[{"embeddable":true,"href":"https:\/\/www.enerjigazetesi.ist\/en\/wp-json\/wp\/v2\/media\/49966"}],"wp:attachment":[{"href":"https:\/\/www.enerjigazetesi.ist\/en\/wp-json\/wp\/v2\/media?parent=49965"}],"wp:term":[{"taxonomy":"category","embeddable":true,"href":"https:\/\/www.enerjigazetesi.ist\/en\/wp-json\/wp\/v2\/categories?post=49965"},{"taxonomy":"post_tag","embeddable":true,"href":"https:\/\/www.enerjigazetesi.ist\/en\/wp-json\/wp\/v2\/tags?post=49965"}],"curies":[{"name":"wp","href":"https:\/\/api.w.org\/{rel}","templated":true}]}}