{"id":49928,"date":"2016-02-04T01:23:08","date_gmt":"2016-02-03T22:23:08","guid":{"rendered":"https:\/\/www.enerjigazetesi.ist\/?p=49928"},"modified":"2016-02-04T01:23:08","modified_gmt":"2016-02-03T22:23:08","slug":"fransada-kaldirimlara-gunes-paneli-dosenecek","status":"publish","type":"post","link":"https:\/\/www.enerjigazetesi.ist\/en\/fransada-kaldirimlara-gunes-paneli-dosenecek\/","title":{"rendered":"(Turkish) Fransa\u2019da Kald\u0131r\u0131mlara G\u00fcne\u015f Paneli D\u00f6\u015fenecek!"},"content":{"rendered":"<p class=\"qtranxs-available-languages-message qtranxs-available-languages-message-en\">Sorry, this entry is only available in <a href=\"https:\/\/www.enerjigazetesi.ist\/tr\/wp-json\/wp\/v2\/posts\/49928\" class=\"qtranxs-available-language-link qtranxs-available-language-link-tr\" title=\"Turkish\">Turkish<\/a>. For the sake of viewer convenience, the content is shown below in the alternative language. You may click the link to switch the active language.<\/p><p><span style=\"font-weight: bold; color: #363636;\">Fransa \u00c7evre Bakanl\u0131\u011f\u0131, g\u00fcne\u015f enerjisinden daha fazla istifade etmek, mevcut alanlar\u0131 daha verimli kullanabilmek i\u00e7in bisiklet yollar\u0131na g\u00fcne\u015f panelleri&#8230;<br \/>\n<\/span><\/p>\n<p style=\"color: #363636;\">Fransa \u00c7evre Bakanl\u0131\u011f\u0131, g\u00fcne\u015f enerjisinden daha fazla istifade etmek, mevcut alanlar\u0131 daha verimli kullanabilmek i\u00e7in bisiklet yollar\u0131na g\u00fcne\u015f panelleri d\u00f6\u015fenerek enerji elde edecek.<img loading=\"lazy\" class=\"alignright  wp-image-49929\" src=\"https:\/\/www.enerjigazetesi.ist\/wp-content\/uploads\/2016\/02\/fransada-kaldirimlara-gunes-paneli-dosenecek.jpg\" alt=\"fransada-kaldirimlara-gunes-paneli-dosenecek\" width=\"300\" height=\"200\" \/><\/p>\n<p style=\"color: #363636;\">Yenilenebilir enerji konusunda alternatifler arayan Fransa, bisiklet yollar\u0131na g\u00fcne\u015f enerjisi panelleri d\u00f6\u015feyerek enerji a\u00e7\u0131\u011f\u0131na do\u011fal yollardan \u00e7are \u00fcretecek. Fransa Enerji ve \u00c7evre Bakan\u0131 Segolene Royal, projenin mevcut bisiklet yollar\u0131na d\u00f6\u015fenecek panellerle do\u011fal enerji elde edilece\u011fini belirterek, ilk etapta bin kilometrelik bir yolun g\u00fcne\u015f panelleriyle d\u00f6\u015fenece\u011fini a\u00e7\u0131klad\u0131.<\/p>\n<p style=\"color: #363636;\">\u0130n\u015faat Geli\u015ftirme Birli\u011fi, Frans\u0131z Ulusal Enerji Enstit\u00fcs\u00fc ve Global \u015firketinin ortakla\u015fa geli\u015ftirdikleri enerji panellerinin \u00e7ok katmanl\u0131 olup, solar h\u00fccrelerinin en alt b\u00f6l\u00fcm\u00fcn\u00fcn i\u00e7ine g\u00f6m\u00fcl\u00fc olan polikristalin silikondan olu\u015ftu\u011fu a\u00e7\u0131kland\u0131. Bir ka\u00e7 milimetre kal\u0131nl\u0131\u011f\u0131 olan panellerin \u00fczerinde kamyon ge\u00e7mesi halinde bile zarar g\u00f6rmeyece\u011fi bildirildi.<\/p>\n<p style=\"color: #363636;\">Projenin verimlili\u011fiyle ilgili a\u00e7\u0131klama yapan Fransa Enerji ve \u00c7evre Bakan\u0131 Segolene Royal, 20 metrekarelik bisiklet yoluna d\u00f6\u015fenen g\u00fcne\u015f enerjisi panelinin bir evin ihtiyac\u0131n\u0131 kar\u015f\u0131layabilecek enerji \u00fcretece\u011fini belirterek \u00fcretilen enerjinin \u0131s\u0131tma, sokak ayd\u0131nlatma ve kamusal binalar\u0131n enerji ihtiyac\u0131n\u0131 kar\u015f\u0131layabileceklerini a\u00e7\u0131klad\u0131. Bakan, bin kilometrelik yolla be\u015f milyon ki\u015finin enerji ihtiyac\u0131n\u0131n kar\u015f\u0131lanaca\u011f\u0131 etti. Uzmanlar Fransa\u2019n\u0131n uygulamaya koyaca\u011f\u0131 sistemin ABD\u2019de uyguland\u0131\u011f\u0131n\u0131 ve park yerlerine g\u00fcne\u015f panellerinin d\u00f6\u015fenerek enerji elde edildi\u011fi hat\u0131rlat\u0131ld\u0131.<\/p>\n<p style=\"color: #363636;\">Kaynak: \u0130HA<\/p>\n<p><\/p>","protected":false},"excerpt":{"rendered":"<p>Sorry, this entry is only available in Turkish. For the sake of viewer convenience, the content is shown below in the alternative language. You may click the link to switch the active language.Fransa \u00c7evre Bakanl\u0131\u011f\u0131, g\u00fcne\u015f enerjisinden daha fazla istifade etmek, mevcut alanlar\u0131 daha verimli kullanabilmek i\u00e7in bisiklet yollar\u0131na g\u00fcne\u015f panelleri&#8230; Fransa \u00c7evre Bakanl\u0131\u011f\u0131, g\u00fcne\u015f [&hellip;]<\/p>\n","protected":false},"author":1,"featured_media":49929,"comment_status":"open","ping_status":"open","sticky":false,"template":"","format":"standard","meta":[],"categories":[53,49],"tags":[2530,63,67,1009,2698,165,1346,28309,227,13,23133,142,22975,4269,1190,16142,97],"views":962,"_links":{"self":[{"href":"https:\/\/www.enerjigazetesi.ist\/en\/wp-json\/wp\/v2\/posts\/49928"}],"collection":[{"href":"https:\/\/www.enerjigazetesi.ist\/en\/wp-json\/wp\/v2\/posts"}],"about":[{"href":"https:\/\/www.enerjigazetesi.ist\/en\/wp-json\/wp\/v2\/types\/post"}],"author":[{"embeddable":true,"href":"https:\/\/www.enerjigazetesi.ist\/en\/wp-json\/wp\/v2\/users\/1"}],"replies":[{"embeddable":true,"href":"https:\/\/www.enerjigazetesi.ist\/en\/wp-json\/wp\/v2\/comments?post=49928"}],"version-history":[{"count":1,"href":"https:\/\/www.enerjigazetesi.ist\/en\/wp-json\/wp\/v2\/posts\/49928\/revisions"}],"predecessor-version":[{"id":49930,"href":"https:\/\/www.enerjigazetesi.ist\/en\/wp-json\/wp\/v2\/posts\/49928\/revisions\/49930"}],"wp:featuredmedia":[{"embeddable":true,"href":"https:\/\/www.enerjigazetesi.ist\/en\/wp-json\/wp\/v2\/media\/49929"}],"wp:attachment":[{"href":"https:\/\/www.enerjigazetesi.ist\/en\/wp-json\/wp\/v2\/media?parent=49928"}],"wp:term":[{"taxonomy":"category","embeddable":true,"href":"https:\/\/www.enerjigazetesi.ist\/en\/wp-json\/wp\/v2\/categories?post=49928"},{"taxonomy":"post_tag","embeddable":true,"href":"https:\/\/www.enerjigazetesi.ist\/en\/wp-json\/wp\/v2\/tags?post=49928"}],"curies":[{"name":"wp","href":"https:\/\/api.w.org\/{rel}","templated":true}]}}