{"id":49913,"date":"2016-02-04T01:00:03","date_gmt":"2016-02-03T22:00:03","guid":{"rendered":"https:\/\/www.enerjigazetesi.ist\/?p=49913"},"modified":"2016-02-04T01:00:03","modified_gmt":"2016-02-03T22:00:03","slug":"turkiye-ve-iran-arasindaki-dogalgaz-isbirligini-daha-da-gelisecek","status":"publish","type":"post","link":"https:\/\/www.enerjigazetesi.ist\/en\/turkiye-ve-iran-arasindaki-dogalgaz-isbirligini-daha-da-gelisecek\/","title":{"rendered":"(Turkish) \u201cT\u00fcrkiye ve \u0130ran Aras\u0131ndaki Do\u011falgaz \u0130\u015fbirli\u011fini Daha da Geli\u015fecek&#8230;\u201d"},"content":{"rendered":"<p class=\"qtranxs-available-languages-message qtranxs-available-languages-message-en\">Sorry, this entry is only available in <a href=\"https:\/\/www.enerjigazetesi.ist\/tr\/wp-json\/wp\/v2\/posts\/49913\" class=\"qtranxs-available-language-link qtranxs-available-language-link-tr\" title=\"Turkish\">Turkish<\/a>. For the sake of viewer convenience, the content is shown below in the alternative language. You may click the link to switch the active language.<\/p><p><\/p>\n<p style=\"color: #0a0a0a;\"><strong>\u0130ran\u2019\u0131n Ankara B\u00fcy\u00fckel\u00e7isi Bikdeli \u0130ran\u2019\u0131n T\u00fcrkiye\u2019ye satt\u0131\u011f\u0131 do\u011falgazla ilgili a\u00e7\u0131klamalarda bulundu. Bikdeli, \u201cTahkimin sonu\u00e7lanmas\u0131 iki \u00fclke aras\u0131ndaki do\u011falgaz i\u015fbirli\u011fini daha da geli\u015ftirmek ad\u0131na yeni bir ba\u015flang\u0131\u00e7 say\u0131l\u0131r.<\/strong><\/p>\n<p style=\"color: #0a0a0a;\">M\u00fcsaade edin, uzmanlar\u0131m\u0131z tahkime ili\u015fkin gerekli g\u00f6r\u00fc\u015fme ve \u00e7al\u0131\u015fmalar\u0131 ger\u00e7ekle\u015ftirsin, bu konu sonu\u00e7lan\u0131r sonu\u00e7lanmaz size bildirece\u011fiz\u201d de<a href=\"https:\/\/www.enerjigazetesi.ist\/wp-content\/uploads\/2016\/02\/turkiye-ve-iran-arasindaki-dogalgaz-isbirligini-daha-da-gelisecek.jpg\"><img loading=\"lazy\" class=\"alignleft size-medium wp-image-49914\" src=\"https:\/\/www.enerjigazetesi.ist\/wp-content\/uploads\/2016\/02\/turkiye-ve-iran-arasindaki-dogalgaz-isbirligini-daha-da-gelisecek-300x165.jpg\" alt=\"turkiye-ve-iran-arasindaki-dogalgaz-isbirligini-daha-da-gelisecek\" width=\"300\" height=\"165\" srcset=\"https:\/\/www.enerjigazetesi.ist\/wp-content\/uploads\/2016\/02\/turkiye-ve-iran-arasindaki-dogalgaz-isbirligini-daha-da-gelisecek-300x165.jpg 300w, https:\/\/www.enerjigazetesi.ist\/wp-content\/uploads\/2016\/02\/turkiye-ve-iran-arasindaki-dogalgaz-isbirligini-daha-da-gelisecek-500x276.jpg 500w, https:\/\/www.enerjigazetesi.ist\/wp-content\/uploads\/2016\/02\/turkiye-ve-iran-arasindaki-dogalgaz-isbirligini-daha-da-gelisecek-80x44.jpg 80w, https:\/\/www.enerjigazetesi.ist\/wp-content\/uploads\/2016\/02\/turkiye-ve-iran-arasindaki-dogalgaz-isbirligini-daha-da-gelisecek.jpg 696w\" sizes=\"(max-width: 300px) 100vw, 300px\" \/><\/a>di. Bikdeli, tahkimin sonu\u00e7lar\u0131n\u0131n kamuoyu \u00f6n\u00fcnde tart\u0131\u015f\u0131lacak konular olmad\u0131\u011f\u0131n\u0131 ve uzmanlar \u00e7al\u0131\u015fmalar\u0131n\u0131 tamamlad\u0131ktan sonra sonu\u00e7lar\u0131n iletilece\u011fini vurgulayarak, \u201cTahkimin sonu\u00e7lanmas\u0131 iki \u00fclke aras\u0131ndaki do\u011falgaz i\u015fbirli\u011fini daha da geli\u015ftirmek ad\u0131na yeni bir ba\u015flang\u0131\u00e7 say\u0131l\u0131r\u201d diye konu\u015ftu.<\/p>\n<p style=\"color: #0a0a0a;\">Bikdeli, T\u00fcrkiye-\u0130ran eTIR Pilot Projesi tan\u0131t\u0131m t\u00f6reninin ard\u0131ndan sorular\u0131 yan\u0131tlad\u0131. Do\u011falgaz ticaretinin kendine \u00f6zg\u00fc ve profesyonelce bir ticaret oldu\u011funu belirten Bikdeli, \u015f\u00f6yle konu\u015ftu:<\/p>\n<p style=\"color: #0a0a0a;\">\u201cDo\u011falgaz fiyat\u0131n\u0131 belirleme ad\u0131na da bu anla\u015fma metinlerinde \u00e7e\u015fitli maddeler s\u0131\u011fd\u0131r\u0131l\u0131yor ki bunlardan biri de gerekti\u011finde tahkime ba\u015fvurmakt\u0131r. Dolay\u0131s\u0131yla tahkime ba\u015fvurmak dava a\u00e7ma anlam\u0131 ta\u015f\u0131mamaktad\u0131r. Tam tersine anla\u015fma kurallar\u0131na uygun do\u011falgaz fiyat\u0131n\u0131 belirlemek anlam\u0131ndad\u0131r. Y\u0131llard\u0131r devam eden tahkim s\u00fcreci de sadece ve sadece do\u011falgaz anla\u015fmas\u0131n\u0131n bir gere\u011finin uygulanmas\u0131d\u0131r. Bu konu kamuoyunda g\u00fcndeme getirip tart\u0131\u015faca\u011f\u0131m\u0131z bir konu de\u011fildir.\u201d<\/p>\n<p style=\"color: #0a0a0a;\">Bikdeli, do\u011falgaz ticaretinin kendine has kurallar\u0131n\u0131n oldu\u011funu belirterek, \u201cUzmanlar\u0131m\u0131z da ba\u015f\u0131ndan beri konuyla ilgili kurallara ve hukuka g\u00f6re davran\u0131laca\u011f\u0131n\u0131 a\u00e7\u0131klad\u0131lar. Biz her zaman \u015funu vurgulam\u0131\u015f\u0131zd\u0131r ki \u015fu anda cereyan eden tahkim s\u00fcrecini de\u011ferlendirmek ad\u0131na \u2018yok efendim sonunda do\u011falgaz fiyat\u0131 ucuzlayacak veya artacak\u2019 gibi konular\u0131 tart\u0131\u015fmay\u0131 do\u011fru bulmad\u0131\u011f\u0131m\u0131z\u0131 s\u00f6yledik. M\u00fcsaade edin uzmanlar\u0131m\u0131z iki \u00fclke aras\u0131ndaki do\u011falgaz ticareti anla\u015fmas\u0131n\u0131n maddelerinin gere\u011fini yerine getirmek i\u00e7in \u00fczerine d\u00fc\u015feni yaps\u0131nlar. Gereken g\u00f6r\u00fc\u015fmeleri ve \u00e7al\u0131\u015fmalar\u0131n\u0131 ger\u00e7ekle\u015ftirsinler\u201d ifadelerini kulland\u0131.<\/p>\n<p style=\"color: #0a0a0a;\">Kaynak: Enerji Enstit\u00fcs\u00fc<\/p>\n<p><\/p>","protected":false},"excerpt":{"rendered":"<p>Sorry, this entry is only available in Turkish. For the sake of viewer convenience, the content is shown below in the alternative language. You may click the link to switch the active language. \u0130ran\u2019\u0131n Ankara B\u00fcy\u00fckel\u00e7isi Bikdeli \u0130ran\u2019\u0131n T\u00fcrkiye\u2019ye satt\u0131\u011f\u0131 do\u011falgazla ilgili a\u00e7\u0131klamalarda bulundu. Bikdeli, \u201cTahkimin sonu\u00e7lanmas\u0131 iki \u00fclke aras\u0131ndaki do\u011falgaz i\u015fbirli\u011fini daha da geli\u015ftirmek [&hellip;]<\/p>\n","protected":false},"author":1,"featured_media":49914,"comment_status":"open","ping_status":"open","sticky":false,"template":"","format":"standard","meta":[],"categories":[46,53],"tags":[28290,92,226,9302,19761,28291,2092,2677,2029,63,67,1009,2698,165,1771,28292,16642],"views":673,"_links":{"self":[{"href":"https:\/\/www.enerjigazetesi.ist\/en\/wp-json\/wp\/v2\/posts\/49913"}],"collection":[{"href":"https:\/\/www.enerjigazetesi.ist\/en\/wp-json\/wp\/v2\/posts"}],"about":[{"href":"https:\/\/www.enerjigazetesi.ist\/en\/wp-json\/wp\/v2\/types\/post"}],"author":[{"embeddable":true,"href":"https:\/\/www.enerjigazetesi.ist\/en\/wp-json\/wp\/v2\/users\/1"}],"replies":[{"embeddable":true,"href":"https:\/\/www.enerjigazetesi.ist\/en\/wp-json\/wp\/v2\/comments?post=49913"}],"version-history":[{"count":1,"href":"https:\/\/www.enerjigazetesi.ist\/en\/wp-json\/wp\/v2\/posts\/49913\/revisions"}],"predecessor-version":[{"id":49915,"href":"https:\/\/www.enerjigazetesi.ist\/en\/wp-json\/wp\/v2\/posts\/49913\/revisions\/49915"}],"wp:featuredmedia":[{"embeddable":true,"href":"https:\/\/www.enerjigazetesi.ist\/en\/wp-json\/wp\/v2\/media\/49914"}],"wp:attachment":[{"href":"https:\/\/www.enerjigazetesi.ist\/en\/wp-json\/wp\/v2\/media?parent=49913"}],"wp:term":[{"taxonomy":"category","embeddable":true,"href":"https:\/\/www.enerjigazetesi.ist\/en\/wp-json\/wp\/v2\/categories?post=49913"},{"taxonomy":"post_tag","embeddable":true,"href":"https:\/\/www.enerjigazetesi.ist\/en\/wp-json\/wp\/v2\/tags?post=49913"}],"curies":[{"name":"wp","href":"https:\/\/api.w.org\/{rel}","templated":true}]}}