{"id":4990,"date":"2013-01-08T10:23:05","date_gmt":"2013-01-08T07:23:05","guid":{"rendered":"https:\/\/www.enerjigazetesi.ist\/?p=4990"},"modified":"2013-01-08T10:23:05","modified_gmt":"2013-01-08T07:23:05","slug":"calik-yedastan-enerji-verimliligi-egitimi","status":"publish","type":"post","link":"https:\/\/www.enerjigazetesi.ist\/en\/calik-yedastan-enerji-verimliligi-egitimi\/","title":{"rendered":"(Turkish) \u00c7al\u0131k Yeda\u015f&#8217;tan &#8220;Enerji Verimlili\u011fi E\u011fitimi&#8221;"},"content":{"rendered":"<p class=\"qtranxs-available-languages-message qtranxs-available-languages-message-en\">Sorry, this entry is only available in <a href=\"https:\/\/www.enerjigazetesi.ist\/tr\/wp-json\/wp\/v2\/posts\/4990\" class=\"qtranxs-available-language-link qtranxs-available-language-link-tr\" title=\"Turkish\">Turkish<\/a>. For the sake of viewer convenience, the content is shown below in the alternative language. You may click the link to switch the active language.<\/p><p><strong>\u00c7al\u0131k YEDA\u015e, enerji verimlili\u011fine y\u00f6nelik toplum bilincinin art\u0131r\u0131lmas\u0131 amac\u0131yla bir \u00f6zel okul \u00f6\u011frencilerine e\u011fitim verdi.<\/strong><\/p>\n<p>\u00c7al\u0131k YEDA\u015e, enerji verimlili\u011fine y\u00f6nelik toplum bilincinin art\u0131r\u0131lmas\u0131 amac\u0131yla bir \u00f6zel okul \u00f6\u011frencilerine e\u011fitim verdi.<\/p>\n<p>Samsun, Ordu, Amasya, \u00c7orum ve Sinop&#8217;un elektrik da\u011f\u0131t\u0131m i\u015fini \u00fcstlenen \u00c7al\u0131k YEDA\u015e, Enerji Verimlili\u011fi Haftas\u0131 nedeniyle, \u00f6\u011frencilere &#8216;mesken tipi elektrik t\u00fcketiminde&#8217; verimli enerji kullan\u0131m\u0131n\u0131 anlatt\u0131. \u00c7al\u0131k YEDA\u015e Genel M\u00fcd\u00fcrl\u00fck binas\u0131nda ger\u00e7ekle\u015ftirilen e\u011fitimde, \u00f6\u011frencilere enerjiyi nas\u0131l verimli kullanacaklar\u0131na ili\u015fkin bilgi verildi.<\/p>\n<p><img loading=\"lazy\" class=\"alignright size-medium wp-image-4991\" title=\"calik-yedas-tan-enerji-verimliligi-egitimi-4229648_o\" src=\"https:\/\/www.enerjigazetesi.ist\/wp-content\/uploads\/2013\/01\/calik-yedas-tan-enerji-verimliligi-egitimi-4229648_o-300x199.jpg\" alt=\"\" width=\"300\" height=\"199\" srcset=\"https:\/\/www.enerjigazetesi.ist\/wp-content\/uploads\/2013\/01\/calik-yedas-tan-enerji-verimliligi-egitimi-4229648_o-300x199.jpg 300w, https:\/\/www.enerjigazetesi.ist\/wp-content\/uploads\/2013\/01\/calik-yedas-tan-enerji-verimliligi-egitimi-4229648_o-75x50.jpg 75w, https:\/\/www.enerjigazetesi.ist\/wp-content\/uploads\/2013\/01\/calik-yedas-tan-enerji-verimliligi-egitimi-4229648_o.jpg 400w\" sizes=\"(max-width: 300px) 100vw, 300px\" \/>E\u011fitim seminerinde Genel M\u00fcd\u00fcr Nurettin T\u00fcrko\u011flu, s\u00f6zlerine &#8220;Bir r\u00fcyam\u0131z var \u00e7ocuklar ve bu r\u00fcyam\u0131z\u0131 sizlerle birlikte ger\u00e7ekle\u015ftirece\u011fiz&#8221; diye ba\u015flad\u0131. T\u00fcrko\u011flu, &#8220;B\u00f6lgemizde a\u011f\u0131rl\u0131kl\u0131 olarak mesken tipi elektrik t\u00fcketiminin verimli kullan\u0131m\u0131 ve buradan elde edilen art\u0131 de\u011ferin \u00fcretime kayd\u0131r\u0131lmas\u0131 bir \u00c7ALIK YEDA\u015e r\u00fcyas\u0131d\u0131r. Biz arkada\u015flar\u0131m\u0131zla bu r\u00fcyay\u0131 hayata ge\u00e7irmek i\u00e7in var g\u00fcc\u00fcm\u00fczle \u00e7al\u0131\u015f\u0131yoruz. Bu r\u00fcyay\u0131 ger\u00e7ekle\u015ftirmekte kararl\u0131 ve inan\u00e7l\u0131y\u0131z. G\u00f6n\u00fcll\u00fc \u00e7al\u0131\u015fanlar\u0131m\u0131z\u0131 enerji verimlili\u011fi ve elektri\u011fin yayg\u0131n kullan\u0131m\u0131 konular\u0131nda e\u011fitmeyi ve e\u011fitti\u011fimiz \u00e7al\u0131\u015fanlar\u0131m\u0131z\u0131n \u00f6zellikle sizler ve ev kad\u0131nlar\u0131 arac\u0131l\u0131\u011f\u0131yla verimlilik kavram\u0131n\u0131 \u00f6zellikle t\u00fcm b\u00f6lgeye yayg\u0131nla\u015ft\u0131r\u0131p yerle\u015ftirmesini hedefliyoruz. Asl\u0131nda bu projemiz bizim ekonomik, \u00e7evresel ve sosyal olmak \u00fczere ele ald\u0131\u011f\u0131m\u0131z 14 kurumsal sosyal sorumluluk projemizden birisi olup, 2012 &#8211; 2015 d\u00f6nemine ait planlamas\u0131 kapsam\u0131nda y\u00fcr\u00fct\u00fclen bir \u00e7al\u0131\u015fmad\u0131r. Bug\u00fcnlerde kamuoyunun g\u00fcndemine gelen Enerji ve Aile Bakanl\u0131\u011f\u0131&#8217;n\u0131n ortakla\u015fa koordinat\u00f6rl\u00fc\u011f\u00fcnde y\u00fcr\u00fct\u00fclen &#8216;Enerji Han\u0131m Projesi&#8217; kapsam\u0131ndad\u0131r. Bir toplumun refah\u0131nda kad\u0131nlar\u0131n \u00f6nemi kadar siz gen\u00e7 n\u00fcfusumuza da \u00e7ok g\u00f6rev d\u00fc\u015f\u00fcyor&#8221; dedi.<\/p>\n<p>Genel M\u00fcd\u00fcr T\u00fcrko\u011flu, T\u00fcrkiye&#8217;nin gen\u00e7 bir n\u00fcfusa sahip oldu\u011funu ve enerji verimlili\u011fi konusunda istenilen davran\u0131\u015f de\u011fi\u015fikli\u011fini olu\u015fturmak i\u00e7in &#8220;A\u011fa\u00e7 ya\u015fken e\u011filir&#8221; d\u00fc\u015f\u00fcncesiyle hareket etmenin \u00f6nemine dikkat \u00e7ekerek, &#8220;O nedenle sizler bizim \u00e7ok \u00f6nemlisiniz. Ger\u00e7ekle\u015ftirdi\u011fimiz e\u011fitimlerin amac\u0131na ula\u015ft\u0131\u011f\u0131n\u0131, bu bilincin olu\u015ftu\u011funu g\u00f6rmek bizleri \u00e7ok mutlu ediyor. E\u011fitimlerin tamamlanmas\u0131yla birer enerji dedektifi olacak olan \u00f6\u011frencilerin, \u00e7evrelerini enerji verimlili\u011fi konusunda y\u00f6nlendireceklerine inan\u0131yoruz. D\u00fcnyada enerji iletim kaynaklar\u0131 s\u0131n\u0131rl\u0131 \u00e7e\u015fitlikle olup yeni bir enerji kayna\u011f\u0131 tasarruftur. Buradan bir kaynak \u00fcretmi\u015f oluyoruz&#8221; diye konu\u015ftu.<\/p>\n<p>\u00d6te yandan daha \u00f6nce de sosyal sorumluluk projeleri kapsam\u0131nda karnesini alan ilk\u00f6\u011fretim okulu \u00f6\u011frencilerine, enerji verimlili\u011fi konusuna dikkat \u00e7ekmek amac\u0131yla yapt\u0131r\u0131lan \u00f6zel yapbozlar da\u011f\u0131tan \u00c7al\u0131k YEDA\u015e, \u00e7al\u0131\u015fmalar\u0131n\u0131 yayg\u0131nla\u015ft\u0131rmay\u0131 ve gen\u00e7 n\u00fcfusu enerji verimlili\u011fine y\u00f6nlendirme \u00e7al\u0131\u015fmalar\u0131n\u0131 s\u00fcrd\u00fcr\u00fcyor. G\u00f6n\u00fcll\u00fc \u00c7ALIK YEDA\u015e \u00e7al\u0131\u015fanlar\u0131n\u0131n enerji verimlili\u011fi ve elektri\u011fin yayg\u0131n kullan\u0131m\u0131 konular\u0131nda e\u011fitilmelerinin ard\u0131ndan \u00f6ncelikle mesken tipi elektrik t\u00fcketiminin daralt\u0131lmas\u0131na d\u00f6n\u00fck fark\u0131ndal\u0131k ve bilin\u00e7lendirme \u00e7al\u0131\u015fmalar\u0131 yapmay\u0131 hedefliyor.<\/p>\n<p>Kaynak: <a href=\"http:\/\/www.haberler.com\/calik-yedas-tan-enerji-verimliligi-egitimi-4229648-haberi\/\" target=\"_blank\">Haberler<\/a><\/p>","protected":false},"excerpt":{"rendered":"<p>Sorry, this entry is only available in Turkish. For the sake of viewer convenience, the content is shown below in the alternative language. You may click the link to switch the active language.\u00c7al\u0131k YEDA\u015e, enerji verimlili\u011fine y\u00f6nelik toplum bilincinin art\u0131r\u0131lmas\u0131 amac\u0131yla bir \u00f6zel okul \u00f6\u011frencilerine e\u011fitim verdi. \u00c7al\u0131k YEDA\u015e, enerji verimlili\u011fine y\u00f6nelik toplum bilincinin art\u0131r\u0131lmas\u0131 [&hellip;]<\/p>\n","protected":false},"author":1,"featured_media":4991,"comment_status":"open","ping_status":"open","sticky":false,"template":"","format":"standard","meta":[],"categories":[53,52],"tags":[1726,67,12,1727,1728],"views":649,"_links":{"self":[{"href":"https:\/\/www.enerjigazetesi.ist\/en\/wp-json\/wp\/v2\/posts\/4990"}],"collection":[{"href":"https:\/\/www.enerjigazetesi.ist\/en\/wp-json\/wp\/v2\/posts"}],"about":[{"href":"https:\/\/www.enerjigazetesi.ist\/en\/wp-json\/wp\/v2\/types\/post"}],"author":[{"embeddable":true,"href":"https:\/\/www.enerjigazetesi.ist\/en\/wp-json\/wp\/v2\/users\/1"}],"replies":[{"embeddable":true,"href":"https:\/\/www.enerjigazetesi.ist\/en\/wp-json\/wp\/v2\/comments?post=4990"}],"version-history":[{"count":2,"href":"https:\/\/www.enerjigazetesi.ist\/en\/wp-json\/wp\/v2\/posts\/4990\/revisions"}],"predecessor-version":[{"id":4993,"href":"https:\/\/www.enerjigazetesi.ist\/en\/wp-json\/wp\/v2\/posts\/4990\/revisions\/4993"}],"wp:featuredmedia":[{"embeddable":true,"href":"https:\/\/www.enerjigazetesi.ist\/en\/wp-json\/wp\/v2\/media\/4991"}],"wp:attachment":[{"href":"https:\/\/www.enerjigazetesi.ist\/en\/wp-json\/wp\/v2\/media?parent=4990"}],"wp:term":[{"taxonomy":"category","embeddable":true,"href":"https:\/\/www.enerjigazetesi.ist\/en\/wp-json\/wp\/v2\/categories?post=4990"},{"taxonomy":"post_tag","embeddable":true,"href":"https:\/\/www.enerjigazetesi.ist\/en\/wp-json\/wp\/v2\/tags?post=4990"}],"curies":[{"name":"wp","href":"https:\/\/api.w.org\/{rel}","templated":true}]}}