{"id":49869,"date":"2016-02-02T13:12:14","date_gmt":"2016-02-02T10:12:14","guid":{"rendered":"https:\/\/www.enerjigazetesi.ist\/?p=49869"},"modified":"2016-02-02T13:12:14","modified_gmt":"2016-02-02T10:12:14","slug":"en-buyuk-gunes-projelerinden-olan-nurun-ilk-kismi-fasta-aciliyor","status":"publish","type":"post","link":"https:\/\/www.enerjigazetesi.ist\/en\/en-buyuk-gunes-projelerinden-olan-nurun-ilk-kismi-fasta-aciliyor\/","title":{"rendered":"(Turkish) En B\u00fcy\u00fck G\u00fcne\u015f Projelerinden Olan Nur\u2019un \u0130lk K\u0131sm\u0131 Fas\u2019ta A\u00e7\u0131l\u0131yor!"},"content":{"rendered":"<p class=\"qtranxs-available-languages-message qtranxs-available-languages-message-en\">Sorry, this entry is only available in <a href=\"https:\/\/www.enerjigazetesi.ist\/tr\/wp-json\/wp\/v2\/posts\/49869\" class=\"qtranxs-available-language-link qtranxs-available-language-link-tr\" title=\"Turkish\">Turkish<\/a>. For the sake of viewer convenience, the content is shown below in the alternative language. You may click the link to switch the active language.<\/p><p><\/p>\n<p style=\"color: #0a0a0a;\"><strong>Fas Kral\u0131 bas\u0131n ofisinden yap\u0131lan a\u00e7\u0131klamada, Kral 6. Muhammed\u2019in, d\u00fcnyan\u0131n en b\u00fcy\u00fck g\u00fcne\u015f enerjisi projelerinden olan Nur\u2019un ilk k\u0131sm\u0131 Nur 1 santralinin \u00e7ar\u015famba g\u00fcn\u00fc Varzazat kentinde yap\u0131lacak a\u00e7\u0131l\u0131\u015f t\u00f6renine kat\u0131laca\u011f\u0131 ifade edildi<\/strong>.<a href=\"https:\/\/www.enerjigazetesi.ist\/wp-content\/uploads\/2016\/02\/en-buyuk-gunes-projelerinden-olan-nurun-ilk-kismi-fasta-aciliyor.jpg\"><img loading=\"lazy\" class=\"alignright size-medium wp-image-49870\" src=\"https:\/\/www.enerjigazetesi.ist\/wp-content\/uploads\/2016\/02\/en-buyuk-gunes-projelerinden-olan-nurun-ilk-kismi-fasta-aciliyor-300x165.jpg\" alt=\"en-buyuk-gunes-projelerinden-olan-nurun-ilk-kismi-fasta-aciliyor\" width=\"300\" height=\"165\" srcset=\"https:\/\/www.enerjigazetesi.ist\/wp-content\/uploads\/2016\/02\/en-buyuk-gunes-projelerinden-olan-nurun-ilk-kismi-fasta-aciliyor-300x165.jpg 300w, https:\/\/www.enerjigazetesi.ist\/wp-content\/uploads\/2016\/02\/en-buyuk-gunes-projelerinden-olan-nurun-ilk-kismi-fasta-aciliyor-500x276.jpg 500w, https:\/\/www.enerjigazetesi.ist\/wp-content\/uploads\/2016\/02\/en-buyuk-gunes-projelerinden-olan-nurun-ilk-kismi-fasta-aciliyor-80x44.jpg 80w, https:\/\/www.enerjigazetesi.ist\/wp-content\/uploads\/2016\/02\/en-buyuk-gunes-projelerinden-olan-nurun-ilk-kismi-fasta-aciliyor.jpg 696w\" sizes=\"(max-width: 300px) 100vw, 300px\" \/><\/a><span id=\"more-75811\"><\/span><\/p>\n<p style=\"color: #0a0a0a;\">Santralin ge\u00e7en ay planlanan a\u00e7\u0131l\u0131\u015f\u0131, herhangi bir sebep g\u00f6sterilmeden ertelenmi\u015fti. Toplam 652 milyon dolara mal olan Nur 1 santrali, ba\u015fkent Rabat b\u00fcy\u00fckl\u00fc\u011f\u00fcnde bir alana in\u015fa edildi.<\/p>\n<p style=\"color: #0a0a0a;\">Fotovoltaik (solar elektrik) teknolojisi ile kurulan g\u00fc\u00e7 istasyonlar\u0131ndan, Nur 2 ve Nur 3 projeleri de tamamland\u0131ktan sonra toplam 580 megavat g\u00fc\u00e7 elde edilmesi bekleniyor.<\/p>\n<p style=\"color: #0a0a0a;\">Enerji ihtiyac\u0131n\u0131n y\u00fczde 94,5\u2019ini ithal eden Fas, yenilenebilir enerji projeleri ile 2020 y\u0131l\u0131na kadar enerji ihtiyac\u0131n\u0131n y\u00fczde 52\u2019sini yenilenebilir enerji ile kar\u015f\u0131lamay\u0131 ama\u00e7l\u0131yor.<\/p>\n<p style=\"color: #0a0a0a;\">Kaynak: Enerji Enstit\u00fcs\u00fc<\/p>\n<p><\/p>","protected":false},"excerpt":{"rendered":"<p>Sorry, this entry is only available in Turkish. For the sake of viewer convenience, the content is shown below in the alternative language. You may click the link to switch the active language. Fas Kral\u0131 bas\u0131n ofisinden yap\u0131lan a\u00e7\u0131klamada, Kral 6. Muhammed\u2019in, d\u00fcnyan\u0131n en b\u00fcy\u00fck g\u00fcne\u015f enerjisi projelerinden olan Nur\u2019un ilk k\u0131sm\u0131 Nur 1 santralinin [&hellip;]<\/p>\n","protected":false},"author":1,"featured_media":49870,"comment_status":"open","ping_status":"open","sticky":false,"template":"","format":"standard","meta":[],"categories":[53,49],"tags":[63,67,1009,93,2698,165,15126,2403,227,13,7781,23133,22975,4269,28272,28273,3866],"views":1329,"_links":{"self":[{"href":"https:\/\/www.enerjigazetesi.ist\/en\/wp-json\/wp\/v2\/posts\/49869"}],"collection":[{"href":"https:\/\/www.enerjigazetesi.ist\/en\/wp-json\/wp\/v2\/posts"}],"about":[{"href":"https:\/\/www.enerjigazetesi.ist\/en\/wp-json\/wp\/v2\/types\/post"}],"author":[{"embeddable":true,"href":"https:\/\/www.enerjigazetesi.ist\/en\/wp-json\/wp\/v2\/users\/1"}],"replies":[{"embeddable":true,"href":"https:\/\/www.enerjigazetesi.ist\/en\/wp-json\/wp\/v2\/comments?post=49869"}],"version-history":[{"count":1,"href":"https:\/\/www.enerjigazetesi.ist\/en\/wp-json\/wp\/v2\/posts\/49869\/revisions"}],"predecessor-version":[{"id":49871,"href":"https:\/\/www.enerjigazetesi.ist\/en\/wp-json\/wp\/v2\/posts\/49869\/revisions\/49871"}],"wp:featuredmedia":[{"embeddable":true,"href":"https:\/\/www.enerjigazetesi.ist\/en\/wp-json\/wp\/v2\/media\/49870"}],"wp:attachment":[{"href":"https:\/\/www.enerjigazetesi.ist\/en\/wp-json\/wp\/v2\/media?parent=49869"}],"wp:term":[{"taxonomy":"category","embeddable":true,"href":"https:\/\/www.enerjigazetesi.ist\/en\/wp-json\/wp\/v2\/categories?post=49869"},{"taxonomy":"post_tag","embeddable":true,"href":"https:\/\/www.enerjigazetesi.ist\/en\/wp-json\/wp\/v2\/tags?post=49869"}],"curies":[{"name":"wp","href":"https:\/\/api.w.org\/{rel}","templated":true}]}}