{"id":49820,"date":"2016-02-01T23:26:22","date_gmt":"2016-02-01T20:26:22","guid":{"rendered":"https:\/\/www.enerjigazetesi.ist\/?p=49820"},"modified":"2016-02-01T23:26:22","modified_gmt":"2016-02-01T20:26:22","slug":"aksa-goynuk-termik-santralinin-ikinci-fazi-faaliyete-basladi","status":"publish","type":"post","link":"https:\/\/www.enerjigazetesi.ist\/en\/aksa-goynuk-termik-santralinin-ikinci-fazi-faaliyete-basladi\/","title":{"rendered":"(Turkish) Aksa G\u00f6yn\u00fck Termik Santrali\u2019nin \u0130kinci Faz\u0131 Faaliyete Ba\u015flad\u0131!"},"content":{"rendered":"<p class=\"qtranxs-available-languages-message qtranxs-available-languages-message-en\">Sorry, this entry is only available in <a href=\"https:\/\/www.enerjigazetesi.ist\/tr\/wp-json\/wp\/v2\/posts\/49820\" class=\"qtranxs-available-language-link qtranxs-available-language-link-tr\" title=\"Turkish\">Turkish<\/a>. For the sake of viewer convenience, the content is shown below in the alternative language. You may click the link to switch the active language.<\/p><p><\/p>\n<p style=\"color: #0a0a0a;\"><strong>Aksa Enerji taraf\u0131ndan temeli 2012 y\u0131l\u0131nda at\u0131lan, yerli k\u00f6m\u00fcr kullanarak enerji \u00fcreten Aksa G\u00f6yn\u00fck Enerji Termik Santrali\u2019nin 135 MW\u2019l\u0131k ikinci faz\u0131n\u0131n kabul\u00fc Enerji ve Tabii Kaynaklar Bakanl\u0131\u011f\u0131 taraf\u0131ndan yap\u0131ld\u0131.<\/strong><span id=\"more-75782\"><\/span><\/p>\n<p style=\"color: #0a0a0a;\">T\u00fcrkiye\u2019nin \u00f6zel sekt\u00f6r taraf\u0131ndan yat\u0131r\u0131m\u0131 yap\u0131larak devreye al\u0131nan ve yerli k\u00f6m\u00fcr kullan\u0131lan iki santralinden biri olan Aksa G\u00f6yn\u00fck Enerji T<a href=\"https:\/\/www.enerjigazetesi.ist\/wp-content\/uploads\/2016\/02\/aksa-goynuk-termik-santralinin-ikinci-fazi-faaliyete-basladi.jpg\"><img loading=\"lazy\" class=\"alignleft size-medium wp-image-49821\" src=\"https:\/\/www.enerjigazetesi.ist\/wp-content\/uploads\/2016\/02\/aksa-goynuk-termik-santralinin-ikinci-fazi-faaliyete-basladi-300x165.jpg\" alt=\"aksa-goynuk-termik-santralinin-ikinci-fazi-faaliyete-basladi\" width=\"300\" height=\"165\" srcset=\"https:\/\/www.enerjigazetesi.ist\/wp-content\/uploads\/2016\/02\/aksa-goynuk-termik-santralinin-ikinci-fazi-faaliyete-basladi-300x165.jpg 300w, https:\/\/www.enerjigazetesi.ist\/wp-content\/uploads\/2016\/02\/aksa-goynuk-termik-santralinin-ikinci-fazi-faaliyete-basladi-500x276.jpg 500w, https:\/\/www.enerjigazetesi.ist\/wp-content\/uploads\/2016\/02\/aksa-goynuk-termik-santralinin-ikinci-fazi-faaliyete-basladi-80x44.jpg 80w, https:\/\/www.enerjigazetesi.ist\/wp-content\/uploads\/2016\/02\/aksa-goynuk-termik-santralinin-ikinci-fazi-faaliyete-basladi.jpg 696w\" sizes=\"(max-width: 300px) 100vw, 300px\" \/><\/a>ermik Santrali\u2019ne 390 milyon Amerikan Dolar\u0131 yat\u0131r\u0131m yap\u0131ld\u0131. Toplam 270 MW kurulu g\u00fcc\u00fcyle y\u0131lda 2 milyar kilowattsaatlik (kWh) \u00fcretim yapacak santralde \u00fcretilen elektrikle 150 bin hanenin, ba\u015fka bir deyi\u015fle 600 bin ki\u015finin enerji ihtiyac\u0131 kar\u015f\u0131lanacak.<\/p>\n<p style=\"color: #0a0a0a;\">T\u00fcrkiye\u2019nin halka a\u00e7\u0131k serbest elektrik \u00fcreticisi olan Aksa Enerji, yerli k\u00f6m\u00fcrden enerji \u00fcretece\u011fi Aksa G\u00f6yn\u00fck Enerji Termik Santrali\u2019nin ikinci faz\u0131n\u0131 devreye ald\u0131. Temeli 2012 y\u0131l\u0131nda at\u0131lan, ilk faz\u0131 15 Temmuz 2015 tarihinde ticari faaliyete ge\u00e7en Aksa G\u00f6yn\u00fck Enerji Termik Santrali\u2019nin 135 MW\u2019l\u0131k ikinci faz\u0131n\u0131n kabul\u00fc Enerji ve Tabii Kaynaklar Bakanl\u0131\u011f\u0131 taraf\u0131ndan yap\u0131ld\u0131. 390 milyon Amerikan Dolar\u0131 yat\u0131r\u0131mla faaliyete ge\u00e7en santralle Aksa Enerji, kurulu g\u00fcc\u00fcn\u00fc 2,211 MW\u2019a y\u00fckseltti.<\/p>\n<p style=\"color: #0a0a0a;\">Aksa Enerji, \u00e7evreye duyarl\u0131 yakla\u015f\u0131m\u0131yla linyit k\u00f6m\u00fcr\u00fcn\u00fcn \u00e7evre ve insan sa\u011fl\u0131\u011f\u0131 \u00fczerine olas\u0131 etkilerini bertaraf etmek \u00fczere gerekli yat\u0131r\u0131mlar\u0131 yapt\u0131 ve T\u00fcrkiye\u2019de bir ilk olan\u00a0<span style=\"text-decoration: underline;\">\u201cbaca gaz\u0131 ar\u0131tma sistemi\u201d<\/span><span style=\"text-decoration: underline;\">ni<\/span>\u00a0Aksa G\u00f6yn\u00fck Enerji Termik Santrali\u2019ne kurdu. Aksa G\u00f6yn\u00fck Enerji Termik Santrali bu sistem ile, Avrupa Birli\u011fi\u2019nin 2018 y\u0131l\u0131nda \u015fart ko\u015ftu\u011fu d\u00fc\u015f\u00fck emisyon de\u011ferlerine faaliyete girdi\u011fi andan itibaren ula\u015ft\u0131.<\/p>\n<p style=\"color: #0a0a0a;\">T\u00fcrkiye\u2019de yerli k\u00f6m\u00fcr kullanarak \u00f6zel sekt\u00f6r taraf\u0131ndan devreye al\u0131nan iki santralden biri olan Aksa G\u00f6yn\u00fck Enerji Termik Santrali, 270 MW kurulu g\u00fcc\u00fcyle y\u0131lda 2 milyar kilowattsaatlik \u00fcretim yaparak 600 bin ki\u015finin enerji ihtiyac\u0131n\u0131 kar\u015f\u0131layacak. \u015eirket kurulu g\u00fcc\u00fcn\u00fcn %12\u2019sini temsil eden ve yerli bir kaynak olan linyitten enerji \u00fcretimi yapan santral, hem \u00fclkemizin cari a\u00e7\u0131k ile sava\u015f\u0131na katk\u0131 sa\u011flayacak, hem de \u015firketin enerji \u00fcretim maliyetlerini d\u00fc\u015f\u00fcrerek karl\u0131l\u0131\u011f\u0131na olumlu yans\u0131yacak.<\/p>\n<p style=\"color: #0a0a0a;\">Kaynak: Enerji Enstit\u00fcs\u00fc<\/p>\n<p><\/p>","protected":false},"excerpt":{"rendered":"<p>Sorry, this entry is only available in Turkish. For the sake of viewer convenience, the content is shown below in the alternative language. You may click the link to switch the active language. Aksa Enerji taraf\u0131ndan temeli 2012 y\u0131l\u0131nda at\u0131lan, yerli k\u00f6m\u00fcr kullanarak enerji \u00fcreten Aksa G\u00f6yn\u00fck Enerji Termik Santrali\u2019nin 135 MW\u2019l\u0131k ikinci faz\u0131n\u0131n kabul\u00fc [&hellip;]<\/p>\n","protected":false},"author":1,"featured_media":49821,"comment_status":"open","ping_status":"open","sticky":false,"template":"","format":"standard","meta":[],"categories":[53,24649],"tags":[1571,24983,10390,63,67,1009,2698,165,1675,2293,5097,28252,1375],"views":799,"_links":{"self":[{"href":"https:\/\/www.enerjigazetesi.ist\/en\/wp-json\/wp\/v2\/posts\/49820"}],"collection":[{"href":"https:\/\/www.enerjigazetesi.ist\/en\/wp-json\/wp\/v2\/posts"}],"about":[{"href":"https:\/\/www.enerjigazetesi.ist\/en\/wp-json\/wp\/v2\/types\/post"}],"author":[{"embeddable":true,"href":"https:\/\/www.enerjigazetesi.ist\/en\/wp-json\/wp\/v2\/users\/1"}],"replies":[{"embeddable":true,"href":"https:\/\/www.enerjigazetesi.ist\/en\/wp-json\/wp\/v2\/comments?post=49820"}],"version-history":[{"count":1,"href":"https:\/\/www.enerjigazetesi.ist\/en\/wp-json\/wp\/v2\/posts\/49820\/revisions"}],"predecessor-version":[{"id":49822,"href":"https:\/\/www.enerjigazetesi.ist\/en\/wp-json\/wp\/v2\/posts\/49820\/revisions\/49822"}],"wp:featuredmedia":[{"embeddable":true,"href":"https:\/\/www.enerjigazetesi.ist\/en\/wp-json\/wp\/v2\/media\/49821"}],"wp:attachment":[{"href":"https:\/\/www.enerjigazetesi.ist\/en\/wp-json\/wp\/v2\/media?parent=49820"}],"wp:term":[{"taxonomy":"category","embeddable":true,"href":"https:\/\/www.enerjigazetesi.ist\/en\/wp-json\/wp\/v2\/categories?post=49820"},{"taxonomy":"post_tag","embeddable":true,"href":"https:\/\/www.enerjigazetesi.ist\/en\/wp-json\/wp\/v2\/tags?post=49820"}],"curies":[{"name":"wp","href":"https:\/\/api.w.org\/{rel}","templated":true}]}}