{"id":49782,"date":"2016-01-31T23:59:11","date_gmt":"2016-01-31T20:59:11","guid":{"rendered":"https:\/\/www.enerjigazetesi.ist\/?p=49782"},"modified":"2016-01-31T23:59:11","modified_gmt":"2016-01-31T20:59:11","slug":"fransa-ruzgar-enerjisinde-10-gwi-gecti","status":"publish","type":"post","link":"https:\/\/www.enerjigazetesi.ist\/en\/fransa-ruzgar-enerjisinde-10-gwi-gecti\/","title":{"rendered":"(Turkish) Fransa R\u00fczgar Enerjisinde 10 GW\u2019\u0131 Ge\u00e7ti&#8230;"},"content":{"rendered":"<p class=\"qtranxs-available-languages-message qtranxs-available-languages-message-en\">Sorry, this entry is only available in <a href=\"https:\/\/www.enerjigazetesi.ist\/tr\/wp-json\/wp\/v2\/posts\/49782\" class=\"qtranxs-available-language-link qtranxs-available-language-link-tr\" title=\"Turkish\">Turkish<\/a>. For the sake of viewer convenience, the content is shown below in the alternative language. You may click the link to switch the active language.<\/p><p><\/p>\n<p style=\"color: #444444;\"><strong>Fransa R\u00fczgar Enerjisi Birli\u011fi taraf\u0131ndan a\u00e7\u0131klanan verilere g\u00f6re 2015\u2019te \u00fclkede toplam kurulu g\u00fc\u00e7leri 1.073 MW olan 485 r\u00fczgar t\u00fcrbini devreye girdi.<\/strong><\/p>\n<p style=\"color: #444444;\">Bu art\u0131\u015f \u00fclkenin r\u00fczgar enerjisi alan\u0131ndaki kurulu g\u00fcc\u00fcn\u00fcn 10.293 MW\u2019a y\u00fckselmesini sa\u011flad\u0131.<img loading=\"lazy\" class=\"alignright size-medium wp-image-49783\" src=\"https:\/\/www.enerjigazetesi.ist\/wp-content\/uploads\/2016\/01\/fransa-ruzgar-enerjisinde-10-gwi-gecti-300x163.jpg\" alt=\"fransa-ruzgar-enerjisinde-10-gwi-gecti\" width=\"300\" height=\"163\" srcset=\"https:\/\/www.enerjigazetesi.ist\/wp-content\/uploads\/2016\/01\/fransa-ruzgar-enerjisinde-10-gwi-gecti-300x163.jpg 300w, https:\/\/www.enerjigazetesi.ist\/wp-content\/uploads\/2016\/01\/fransa-ruzgar-enerjisinde-10-gwi-gecti-80x43.jpg 80w, https:\/\/www.enerjigazetesi.ist\/wp-content\/uploads\/2016\/01\/fransa-ruzgar-enerjisinde-10-gwi-gecti.jpg 460w\" sizes=\"(max-width: 300px) 100vw, 300px\" \/><\/p>\n<p style=\"color: #444444;\">Birli\u011fin konu ile ilgili a\u00e7\u0131klamas\u0131nda \u00fclkenin r\u00fczgar enerjisi g\u00fcc\u00fcn\u00fcn 2013 y\u0131l\u0131nda 700 MW, 2014 y\u0131l\u0131nda ise 1.042 MW\u2019l\u0131k artt\u0131\u011f\u0131 hat\u0131rlat\u0131ld\u0131.<\/p>\n<p style=\"color: #444444;\">A\u00e7\u0131klamaya g\u00f6re istikrarl\u0131 \u015fekilde 2015 y\u0131l\u0131nda da devam eden b\u00fcy\u00fcmede r\u00fczgar enerjisi yat\u0131r\u0131mlar\u0131na y\u00f6nelik izin s\u00fcre\u00e7lerinin basitle\u015ftirilmesi etkili oldu.<\/p>\n<p style=\"color: #444444;\">Birlik 2016 y\u0131l\u0131 i\u00e7in ise 1.100 MW ila 1.200 MW aras\u0131nda art\u0131\u015f \u00f6ng\u00f6r\u00fcyor.<\/p>\n<p style=\"color: #444444;\">2015 y\u0131l\u0131nda \u00fclkenin r\u00fczgar t\u00fcrbini pazar\u0131nda 7 \u00fcretici aktif olurken, pazardaki ilk d\u00f6rt s\u0131ray\u0131 Vestas, Enercon, Nordex ve Senvion payla\u015ft\u0131.<\/p>\n<p style=\"color: #444444;\">Fransa r\u00fczgar t\u00fcrbini pazar\u0131nda 2015 y\u0131l\u0131nda Vestas\u2019\u0131n pay\u0131 y\u00fczde 30 olurken, Enercon&#8217;un y\u00fczde 22, Nordex&#8217;in y\u00fczde 19, Senvion&#8217;\u0131n ise y\u00fczde 15 oldu.<\/p>\n<p style=\"color: #444444;\">K\u00fcm\u00fclatif olarak ise \u00fclkenin r\u00fczgar enerjisi g\u00fcc\u00fcn\u00fcn y\u00fczde 24\u2019\u00fcn\u00fc Vestas t\u00fcrbinleri, y\u00fczde 23\u2019\u00fcn\u00fc Enercon t\u00fcrbinleri, y\u00fczde 18\u2019ini Senvion t\u00fcrbinleri ve y\u00fczde 14\u2019\u00fcn\u00fc Nordex t\u00fcrbinleri olu\u015fturuyor.<\/p>\n<p style=\"color: #444444;\">Fransa 2020 y\u0131l\u0131nda 19 bin MW\u2019\u0131 karasal, 6 bin MW\u2019\u0131 ise deniz \u00fcst\u00fc olmak \u00fczere 25 bin MW\u2019l\u0131k kurulu r\u00fczgar enerjisi g\u00fcc\u00fcne ula\u015fmay\u0131 hedefliyor.<\/p>\n<p style=\"color: #444444;\">Kaynak: <a href=\"http:\/\/yesilekonomi.com\/yenilenebilir-enerji\/fransa-ruzgar-enerjisinde-10-gwi-gecti\" target=\"_blank\" rel=\"nofollow\">Ye\u015fil Ekonomi<\/a><\/p>\n<p><\/p>","protected":false},"excerpt":{"rendered":"<p>Sorry, this entry is only available in Turkish. For the sake of viewer convenience, the content is shown below in the alternative language. You may click the link to switch the active language. Fransa R\u00fczgar Enerjisi Birli\u011fi taraf\u0131ndan a\u00e7\u0131klanan verilere g\u00f6re 2015\u2019te \u00fclkede toplam kurulu g\u00fc\u00e7leri 1.073 MW olan 485 r\u00fczgar t\u00fcrbini devreye girdi. Bu [&hellip;]<\/p>\n","protected":false},"author":1,"featured_media":49783,"comment_status":"open","ping_status":"open","sticky":false,"template":"","format":"standard","meta":[],"categories":[53,50],"tags":[63,67,1009,2698,165,1346,69,16,23318,22615,4784],"views":836,"_links":{"self":[{"href":"https:\/\/www.enerjigazetesi.ist\/en\/wp-json\/wp\/v2\/posts\/49782"}],"collection":[{"href":"https:\/\/www.enerjigazetesi.ist\/en\/wp-json\/wp\/v2\/posts"}],"about":[{"href":"https:\/\/www.enerjigazetesi.ist\/en\/wp-json\/wp\/v2\/types\/post"}],"author":[{"embeddable":true,"href":"https:\/\/www.enerjigazetesi.ist\/en\/wp-json\/wp\/v2\/users\/1"}],"replies":[{"embeddable":true,"href":"https:\/\/www.enerjigazetesi.ist\/en\/wp-json\/wp\/v2\/comments?post=49782"}],"version-history":[{"count":1,"href":"https:\/\/www.enerjigazetesi.ist\/en\/wp-json\/wp\/v2\/posts\/49782\/revisions"}],"predecessor-version":[{"id":49784,"href":"https:\/\/www.enerjigazetesi.ist\/en\/wp-json\/wp\/v2\/posts\/49782\/revisions\/49784"}],"wp:featuredmedia":[{"embeddable":true,"href":"https:\/\/www.enerjigazetesi.ist\/en\/wp-json\/wp\/v2\/media\/49783"}],"wp:attachment":[{"href":"https:\/\/www.enerjigazetesi.ist\/en\/wp-json\/wp\/v2\/media?parent=49782"}],"wp:term":[{"taxonomy":"category","embeddable":true,"href":"https:\/\/www.enerjigazetesi.ist\/en\/wp-json\/wp\/v2\/categories?post=49782"},{"taxonomy":"post_tag","embeddable":true,"href":"https:\/\/www.enerjigazetesi.ist\/en\/wp-json\/wp\/v2\/tags?post=49782"}],"curies":[{"name":"wp","href":"https:\/\/api.w.org\/{rel}","templated":true}]}}