{"id":49776,"date":"2016-01-31T23:51:28","date_gmt":"2016-01-31T20:51:28","guid":{"rendered":"https:\/\/www.enerjigazetesi.ist\/?p=49776"},"modified":"2016-01-31T23:51:28","modified_gmt":"2016-01-31T20:51:28","slug":"turkiyede-2015te-120-elektrikli-arac-satildi","status":"publish","type":"post","link":"https:\/\/www.enerjigazetesi.ist\/en\/turkiyede-2015te-120-elektrikli-arac-satildi\/","title":{"rendered":"(Turkish) T\u00fcrkiye\u2019de 2015\u2019te 120 Elektrikli Ara\u00e7 Sat\u0131ld\u0131&#8230;"},"content":{"rendered":"<p class=\"qtranxs-available-languages-message qtranxs-available-languages-message-en\">Sorry, this entry is only available in <a href=\"https:\/\/www.enerjigazetesi.ist\/tr\/wp-json\/wp\/v2\/posts\/49776\" class=\"qtranxs-available-language-link qtranxs-available-language-link-tr\" title=\"Turkish\">Turkish<\/a>. For the sake of viewer convenience, the content is shown below in the alternative language. You may click the link to switch the active language.<\/p><p><\/p>\n<p style=\"color: #444444;\"><strong>T\u00fcrkiye\u2019de 2015 y\u0131l\u0131nda 120 adet elektrikli ara\u00e7 sat\u0131ld\u0131\u011f\u0131 bildirildi.<a href=\"https:\/\/www.enerjigazetesi.ist\/wp-content\/uploads\/2016\/01\/turkiyede-2015te-120-elektrikli-arac-satildi.jpg\"><img loading=\"lazy\" class=\"alignright size-medium wp-image-49777\" src=\"https:\/\/www.enerjigazetesi.ist\/wp-content\/uploads\/2016\/01\/turkiyede-2015te-120-elektrikli-arac-satildi-300x163.jpg\" alt=\"turkiyede-2015te-120-elektrikli-arac-satildi\" width=\"300\" height=\"163\" srcset=\"https:\/\/www.enerjigazetesi.ist\/wp-content\/uploads\/2016\/01\/turkiyede-2015te-120-elektrikli-arac-satildi-300x163.jpg 300w, https:\/\/www.enerjigazetesi.ist\/wp-content\/uploads\/2016\/01\/turkiyede-2015te-120-elektrikli-arac-satildi-80x43.jpg 80w, https:\/\/www.enerjigazetesi.ist\/wp-content\/uploads\/2016\/01\/turkiyede-2015te-120-elektrikli-arac-satildi.jpg 460w\" sizes=\"(max-width: 300px) 100vw, 300px\" \/><\/a><\/strong><\/p>\n<p style=\"color: #444444;\">T\u00fcrkiye Otomotiv Distrib\u00fct\u00f6rleri Derne\u011fi taraf\u0131ndan a\u00e7\u0131klanan\u00a0verilere g\u00f6re\u00a0bu ara\u00e7lar\u0131n 38 adedi 85 kW alt\u0131, 82 adedi ise 121 kW \u00fcst\u00fc pil kapasitesine sahip ara\u00e7lar oldu.<\/p>\n<p style=\"color: #444444;\">2015 y\u0131l\u0131 sat\u0131\u015flar\u0131 ile birlikte T\u00fcrkiye\u2019de 2012 y\u0131l\u0131ndan beri sat\u0131lan elektrikli ara\u00e7 sat\u0131s\u0131 382 oldu.<\/p>\n<p style=\"color: #444444;\">2015 y\u0131l\u0131nda T\u00fcrkiye\u2019de sat\u0131lan otomobil say\u0131s\u0131 ise toplamda 725.596 adet oldu.<\/p>\n<p style=\"color: #444444;\">Kaynak: <a href=\"http:\/\/yesilekonomi.com\/elektrikli-araclar\/turkiyede-2015te-120-elektrikli-arac-satildi\" target=\"_blank\" rel=\"nofollow\">Ye\u015fil Ekonomi<\/a><\/p>\n<p><\/p>","protected":false},"excerpt":{"rendered":"<p>Sorry, this entry is only available in Turkish. For the sake of viewer convenience, the content is shown below in the alternative language. You may click the link to switch the active language. T\u00fcrkiye\u2019de 2015 y\u0131l\u0131nda 120 adet elektrikli ara\u00e7 sat\u0131ld\u0131\u011f\u0131 bildirildi. T\u00fcrkiye Otomotiv Distrib\u00fct\u00f6rleri Derne\u011fi taraf\u0131ndan a\u00e7\u0131klanan\u00a0verilere g\u00f6re\u00a0bu ara\u00e7lar\u0131n 38 adedi 85 kW alt\u0131, [&hellip;]<\/p>\n","protected":false},"author":1,"featured_media":49777,"comment_status":"open","ping_status":"open","sticky":false,"template":"","format":"standard","meta":[],"categories":[51,53],"tags":[215,63,67,1009,2698,165,846,28236],"views":591,"_links":{"self":[{"href":"https:\/\/www.enerjigazetesi.ist\/en\/wp-json\/wp\/v2\/posts\/49776"}],"collection":[{"href":"https:\/\/www.enerjigazetesi.ist\/en\/wp-json\/wp\/v2\/posts"}],"about":[{"href":"https:\/\/www.enerjigazetesi.ist\/en\/wp-json\/wp\/v2\/types\/post"}],"author":[{"embeddable":true,"href":"https:\/\/www.enerjigazetesi.ist\/en\/wp-json\/wp\/v2\/users\/1"}],"replies":[{"embeddable":true,"href":"https:\/\/www.enerjigazetesi.ist\/en\/wp-json\/wp\/v2\/comments?post=49776"}],"version-history":[{"count":1,"href":"https:\/\/www.enerjigazetesi.ist\/en\/wp-json\/wp\/v2\/posts\/49776\/revisions"}],"predecessor-version":[{"id":49778,"href":"https:\/\/www.enerjigazetesi.ist\/en\/wp-json\/wp\/v2\/posts\/49776\/revisions\/49778"}],"wp:featuredmedia":[{"embeddable":true,"href":"https:\/\/www.enerjigazetesi.ist\/en\/wp-json\/wp\/v2\/media\/49777"}],"wp:attachment":[{"href":"https:\/\/www.enerjigazetesi.ist\/en\/wp-json\/wp\/v2\/media?parent=49776"}],"wp:term":[{"taxonomy":"category","embeddable":true,"href":"https:\/\/www.enerjigazetesi.ist\/en\/wp-json\/wp\/v2\/categories?post=49776"},{"taxonomy":"post_tag","embeddable":true,"href":"https:\/\/www.enerjigazetesi.ist\/en\/wp-json\/wp\/v2\/tags?post=49776"}],"curies":[{"name":"wp","href":"https:\/\/api.w.org\/{rel}","templated":true}]}}