{"id":4961,"date":"2013-01-07T10:18:23","date_gmt":"2013-01-07T07:18:23","guid":{"rendered":"https:\/\/www.enerjigazetesi.ist\/?p=4961"},"modified":"2013-01-07T10:57:09","modified_gmt":"2013-01-07T07:57:09","slug":"enerji-tasarrufu-haftasi-07-13-ocak-2013-tarihleri-arasinda-kutlaniyor","status":"publish","type":"post","link":"https:\/\/www.enerjigazetesi.ist\/en\/enerji-tasarrufu-haftasi-07-13-ocak-2013-tarihleri-arasinda-kutlaniyor\/","title":{"rendered":"(Turkish) Enerji Tasarrufu Haftas\u0131 07- 13 Ocak 2013 Tarihleri Aras\u0131nda Kutlan\u0131yor&#8230;"},"content":{"rendered":"<p class=\"qtranxs-available-languages-message qtranxs-available-languages-message-en\">Sorry, this entry is only available in <a href=\"https:\/\/www.enerjigazetesi.ist\/tr\/wp-json\/wp\/v2\/posts\/4961\" class=\"qtranxs-available-language-link qtranxs-available-language-link-tr\" title=\"Turkish\">Turkish<\/a>. For the sake of viewer convenience, the content is shown below in the alternative language. You may click the link to switch the active language.<\/p><p><\/p>\n<div align=\"justify\"><strong>Enerjinin insan hareketinde ve insan\u0131n g\u00fcnl\u00fck ya\u015fant\u0131s\u0131nda \u00e7ok b\u00fcy\u00fck bir yer tuttu\u011fu muhakkakt\u0131r. Bu \u00f6nemli ihtiyac\u0131n bilin\u00e7siz kullan\u0131lmas\u0131, insan gelece\u011fine bir \u00e7ok olumsuz etkiyi de beraberinde getirecektir. Enerjinin gere\u011fi kadar ve bilin\u00e7li olarak kullan\u0131lmas\u0131n\u0131 sa\u011flamak i\u00e7in her y\u0131l ocak ay\u0131n\u0131n ikinci haftas\u0131 &#8221; Enerji Tasarrufu Haftas\u0131 &#8221; olarak kutlanmaktad\u0131r.<\/strong><\/div>\n<div align=\"justify\"><\/div>\n<div align=\"justify\"><img loading=\"lazy\" class=\"alignleft size-medium wp-image-4907\" title=\"enerji-verimliligi-ve-tasarrufu\" src=\"https:\/\/www.enerjigazetesi.ist\/wp-content\/uploads\/2013\/01\/enerji-verimliligi-ve-tasarrufu-300x197.jpg\" alt=\"\" width=\"300\" height=\"197\" srcset=\"https:\/\/www.enerjigazetesi.ist\/wp-content\/uploads\/2013\/01\/enerji-verimliligi-ve-tasarrufu-300x197.jpg 300w, https:\/\/www.enerjigazetesi.ist\/wp-content\/uploads\/2013\/01\/enerji-verimliligi-ve-tasarrufu-500x328.jpg 500w, https:\/\/www.enerjigazetesi.ist\/wp-content\/uploads\/2013\/01\/enerji-verimliligi-ve-tasarrufu-75x50.jpg 75w, https:\/\/www.enerjigazetesi.ist\/wp-content\/uploads\/2013\/01\/enerji-verimliligi-ve-tasarrufu.jpg 725w\" sizes=\"(max-width: 300px) 100vw, 300px\" \/>Hafta i\u00e7inde, b\u00fct\u00fcn yurtta enerji tasarrufu ile ilgili toplant\u0131 ve a\u00e7\u0131k oturumlar d\u00fczenlenir. Radyo ve televizyonda enerji tasarrufunu i\u015fleyen programlar yay\u0131nlan\u0131r. Okullar\u0131m\u0131zda enerjide tutumlu olman\u0131n \u00f6nemi anlat\u0131l\u0131r. Al\u0131nmas\u0131 gereken \u00f6nlemler belirtilir. \u00d6\u011frenciler aras\u0131nda enerji tutumu ile ilgili afi\u015f, karikat\u00fcr, resim ve kompozisyon yar\u0131\u015fmalar\u0131 d\u00fczenlenir. Bu yar\u0131\u015fmalarda derece alanlara \u00f6d\u00fclleri da\u011f\u0131t\u0131l\u0131r. Bu \u00e7al\u0131\u015fmalar\u0131n amac\u0131, enerjinin iyi kullan\u0131m\u0131n\u0131 sa\u011flamakt\u0131r.<\/div>\n<div align=\"justify\"><\/div>\n<div align=\"justify\">G\u00fcn\u00fcm\u00fczde enerjinin \u00f6nemi gittik\u00e7e art\u0131yor. Enerji i\u015f g\u00f6rebilme, i\u015f yapabilme g\u00fcc\u00fcd\u00fcr. \u0130ki t\u00fcr enerji vard\u0131r. Durum enerjisi ve Hareket Enerjisi. <strong>Durum enerjisi <\/strong>cisimlerin durumu nedeniyle sahip oldu\u011fu enerjidir. Cismin hareketi s\u0131ras\u0131nda olu\u015fan enerjiye de <strong>hareket enerjisi<\/strong> denir.<\/div>\n<div align=\"justify\"><\/div>\n<div align=\"justify\">Evde, i\u015fyerinde, toplum ya\u015fam\u0131n\u0131n her alan\u0131nda makineler kullan\u0131l\u0131r. Makineler insanlar\u0131n i\u015flerini kolayla\u015ft\u0131r\u0131r. Az emekle k\u0131sa s\u00fcrede b\u00fcy\u00fck i\u015fler g\u00f6r\u00fclmesini sa\u011flar. Evimizdeki buzdolab\u0131, elektrik s\u00fcp\u00fcrgesi, \u00e7ama\u015f\u0131r makinesi annemizin i\u015flerini kolayla\u015ft\u0131r\u0131r. Trakt\u00f6r \u00e7ift\u00e7ilerin az zamanda \u00e7ok i\u015f yapmalar\u0131n\u0131 sa\u011flar. Kulland\u0131\u011f\u0131m\u0131z ara\u00e7 ve gere\u00e7lerin, giyeceklerimizin \u00e7o\u011fu fabrikalarda, makinelerle \u00fcretilir. B\u00fct\u00fcn makineler enerji ile \u00e7al\u0131\u015f\u0131r. Makinelerden d\u00fczenli ve s\u00fcrekli olarak yararlanabilmek i\u00e7in enerjiyi tutumlu kullanmak zorunday\u0131z.<\/div>\n<div align=\"justify\"><\/div>\n<div align=\"justify\">Ba\u015fl\u0131ca enerji kaynaklar\u0131m\u0131z; elektrik, su, g\u00fcne\u015f, k\u00f6m\u00fcr ve petrold\u00fcr. Bu enerji kaynaklar\u0131ndan elektri\u011fi kendimiz \u00fcretiyoruz. G\u00fcne\u015f \u0131\u015f\u0131\u011f\u0131ndan ve sular\u0131m\u0131zdan do\u011fal enerji olarak yararlan\u0131yoruz.<\/div>\n<div align=\"justify\"><\/div>\n<div align=\"justify\">Yaln\u0131z petrol \u00fclkemizde yeterince \u00e7\u0131kmad\u0131\u011f\u0131 i\u00e7in petrol\u00fcn yar\u0131s\u0131n\u0131 d\u0131\u015far\u0131dan al\u0131yoruz. Son y\u0131llarda k\u00f6m\u00fcr rezervlerimizin azalmas\u0131 sebebi ile onu da d\u0131\u015far\u0131dan ithal etmeye ba\u015flad\u0131k. B\u00fct\u00fcn bu enerji al\u0131mlar\u0131, ekonomimiz i\u00e7in a\u011f\u0131r bir y\u00fckt\u00fcr. D\u0131\u015f sat\u0131m gelirimizin b\u00fcy\u00fck bir b\u00f6l\u00fcm\u00fc petrol al\u0131m\u0131na harcan\u0131yor. Ulusal ekonomimizin d\u00fczelmesi i\u00e7in enerjiyi tutumlu kullanmak zorunday\u0131z. Enerjinin yetersizli\u011fi, \u00fcretimin d\u00fc\u015fmesini, yurt ekonomisini ve g\u00fcnl\u00fck ya\u015fant\u0131m\u0131z\u0131 etkilemektedir.<\/div>\n<div align=\"justify\"><\/div>\n<div align=\"justify\">Enerjide tutum, s\u0131n\u0131rl\u0131 enerji kayna\u011f\u0131n\u0131n en verimli bi\u00e7imde kullan\u0131m\u0131d\u0131r. Gereksiz enerji t\u00fcketiminin ve kay\u0131plar\u0131n\u0131n azalt\u0131lmas\u0131d\u0131r. Enerjide tutum ayn\u0131 i\u015fi daha az enerji ile yapmakt\u0131r. Enerji Tutum Haftas\u0131 i\u00e7inde \u00f6\u011frendiklerimizi ya\u015fam boyu uygulayal\u0131m. Evimizde bo\u015fa yanan lambalar\u0131 s\u00f6nd\u00fcrmeyi unutmayal\u0131m. Bozuk musluklar\u0131m\u0131z\u0131 onaral\u0131m. Suyumuzun bo\u015fa akmas\u0131n\u0131 \u00f6nleyelim, izlemedi\u011fimiz program s\u00fcresince televizyonu ve radyoyu kapatal\u0131m. K\u0131\u015f\u0131n pencere yal\u0131t\u0131mlar\u0131na daha \u00e7ok \u00f6zen g\u00f6sterelim. Enerji tasarrufu konusunda \u00f6\u011frendiklerimizi, dinlediklerimizi \u00f6m\u00fcr boyu uygulayal\u0131m.<\/div>\n<div align=\"justify\"><\/div>\n<div align=\"justify\"><strong>ENERJ\u0130 TASARRUFU NED\u0130R?<\/strong><\/div>\n<div align=\"justify\">Enerji tasarrufu, \u00fcretimde, konforumuzda ve i\u015f g\u00fcc\u00fcm\u00fczde herhangi bir azalma olmadan enerjiyi verimli kullanmak, israf etmemektir. Ayn\u0131 i\u015fi daha az enerji kullanarak yapmakt\u0131r.<\/div>\n<div align=\"justify\"><\/div>\n<div align=\"justify\">Enerji t\u00fcketimimizin %82 \u2019si \u0131s\u0131tma i\u00e7in kullan\u0131lmaktad\u0131r. Is\u0131 yal\u0131t\u0131m \u00f6nlemlerinin al\u0131nmas\u0131 ile bu kay\u0131plar azalt\u0131labilir. Binalar\u0131n yal\u0131t\u0131m\u0131 ile %25 den %50\u2019ye varan yak\u0131t tasarrufu sa\u011flanmas\u0131 m\u00fcmk\u00fcnd\u00fcr.<strong>Ni\u00e7in Enerjiyi Verimli Kullanmal\u0131y\u0131z?<\/strong><\/div>\n<div align=\"justify\">Enerjinin fazla kullan\u0131lmas\u0131 sonucunda;<\/div>\n<ul>\n<li>\n<div align=\"justify\">DO\u011eAL KAYNAKLAR HIZLA T\u00dcKEN\u0130YOR<\/div>\n<\/li>\n<li>\n<div align=\"justify\">\u00c7EVRE K\u0130RLEN\u0130YOR<\/div>\n<\/li>\n<li>\n<div align=\"justify\">ENERJ\u0130 \u0130\u00c7\u0130N Y\u00dcKSEK M\u0130KTARDA PARA \u00d6D\u00dcYORUZ<\/div>\n<\/li>\n<\/ul>\n<div align=\"justify\">Ekonomik \u00fcretim ana unsuru olan ve hayat kalitemizi iyile\u015ftiren enerjinin kullan\u0131m\u0131ndan vazge\u00e7emeyece\u011fimize g\u00f6re, ENERJ\u0130Y\u0130 VER\u0130ML\u0130 KULLANALIM..<\/div>\n<div align=\"justify\"><\/div>\n<div align=\"justify\">D\u00fcnya&#8217;da enerji t\u00fcketiminin bu \u015fekilde devam etmesi durumunda 2020 y\u0131l\u0131nda fosil yak\u0131t kaynaklar\u0131n\u0131n yar\u0131s\u0131n\u0131n t\u00fcketilmi\u015f olaca\u011f\u0131 tahmin edilmektedir. Fosil kaynaklar, sadece yak\u0131t olarak de\u011fil ayn\u0131 zamanda ba\u015fta ila\u00e7 olmak \u00fczere kimya sekt\u00f6r\u00fcnde pek \u00e7ok alanda kullan\u0131lmaktad\u0131r. Bu y\u00f6n\u00fc ile de korunmas\u0131 en az\u0131ndan t\u00fcketiminin azalt\u0131lmas\u0131 \u00f6nemlidir.<\/div>\n<div align=\"justify\"><\/div>\n<div align=\"justify\">K\u00f6m\u00fcr veya petrol gibi fosil yak\u0131tlar\u0131n yanmas\u0131 sonucu, daima CO2 olu\u015fur. Yap\u0131lan \u00f6l\u00e7\u00fcmler milyonlarca y\u0131ld\u0131r 180-280 ppm aras\u0131nda de\u011fi\u015fen CO2 seviyesinin g\u00fcn\u00fcm\u00fczde 360 ppm seviyesine \u00e7\u0131kt\u0131\u011f\u0131n\u0131 g\u00f6stermektedir. Karbondioksit di\u011fer sera gazlar\u0131na g\u00f6re %55&#8217;lik bir oranla, do\u011fal s\u0131cakl\u0131k dengelerinin bozulmas\u0131nda en b\u00fcy\u00fck etkiyi yaparak K\u00fcresel Is\u0131nma&#8217;ya neden olmaktad\u0131r.<\/div>\n<div align=\"justify\"><\/div>\n<div align=\"justify\">K\u00fcresel Is\u0131nma&#8217;n\u0131n olu\u015fumunda Sera Etkisi&#8217;nin rol\u00fc b\u00fcy\u00fckt\u00fcr. &#8220;Sera Etkisi&#8221;ni, g\u00fcne\u015ften gelen k\u0131sa-dalga \u0131\u015f\u0131nlar\u0131n\u0131n ge\u00e7mesine izin veren gaz tabakas\u0131n\u0131n, d\u00fcnya \u00fczerinden yans\u0131yan uzun-dalga \u0131\u015f\u0131nlar\u0131n\u0131n b\u00fcy\u00fck bir k\u0131sm\u0131n\u0131 tutmas\u0131 sonucu meydana gelen atmosferik dengesizlik olarak k\u0131saca a\u00e7\u0131klayabiliriz.\u00a0Atmosfere at\u0131lan di\u011fer sera gazlar\u0131 ise CO, SO2, NOx gibi zehirli gazlar ve radyoaktif maddelerdir. Termik santrallarda, sanayide ve binalarda yak\u0131t olarak k\u00f6m\u00fcr kullan\u0131ld\u0131\u011f\u0131nda, bu kirlilik etmenlerinin yan\u0131s\u0131ra k\u00fcl de a\u00e7\u0131\u011fa \u00e7\u0131kar. K\u00fcl civa, kur\u015fun, arsenik ve kadmiyum i\u00e7ermesi nedeniyle y\u00fcksek oranda kirletici etkiye sahiptir.<\/div>\n<div align=\"justify\"><\/div>\n<div align=\"justify\">Fosil yak\u0131tlar\u0131n bu \u015fekilde kullan\u0131lmaya devam edilmesi durumunda, a\u015f\u0131r\u0131 kurakl\u0131k, deniz seviyesinde y\u00fckselme sonucu su bask\u0131nlar\u0131, f\u0131rt\u0131nalar ve ultraviyolenin artmas\u0131 gibi k\u00fcresel de\u011fi\u015fmeler sonucu, do\u011fan\u0131n ekolojik dengesinin bozulmas\u0131 ka\u00e7\u0131n\u0131lmazd\u0131r.<\/div>\n<div align=\"justify\"><\/div>\n<div align=\"justify\">1970&#8217;li y\u0131llarda ya\u015fanan petrol krizi sonras\u0131nda enerji konusuna ilgi artm\u0131\u015f ve enerji tasarrufu konusu g\u00fcndeme gelmi\u015ftir.<\/div>\n<div align=\"justify\"><\/div>\n<div align=\"justify\">Enerji tasarrufu yapmak aile b\u00fct\u00e7esi i\u00e7in \u00f6nemlidir. Enerjiyi verimli kullan\u0131rsak faturalara daha az para \u00f6deriz. Enerji tasarrufu devlet b\u00fct\u00e7esi i\u00e7in de \u00e7ok \u00f6nemlidir. Kulland\u0131\u011f\u0131m\u0131z enerjinin yakla\u015f\u0131k %60&#8217;\u0131n\u0131 ba\u015fka \u00fclkelerden al\u0131yoruz ve \u00f6demeyi d\u00f6viz olarak yap\u0131yoruz.<\/div>\n<p>&nbsp;<\/p>\n<p><strong>Unutmayal\u0131m!<\/strong><\/p>\n<p><strong>&#8221; En ucuz enerji, tasarruf edilen enerjidir\u00a0 &#8220;<\/strong><\/p>\n<p>&nbsp;<\/p>\n<p>Kaynak: <a href=\"https:\/\/www.enerjigazetesi.ist\" target=\"_blank\">EnerjiGazetesi<\/a><\/p>\n<p>&nbsp;<\/p>","protected":false},"excerpt":{"rendered":"<p>Sorry, this entry is only available in Turkish. For the sake of viewer convenience, the content is shown below in the alternative language. You may click the link to switch the active language. Enerjinin insan hareketinde ve insan\u0131n g\u00fcnl\u00fck ya\u015fant\u0131s\u0131nda \u00e7ok b\u00fcy\u00fck bir yer tuttu\u011fu muhakkakt\u0131r. Bu \u00f6nemli ihtiyac\u0131n bilin\u00e7siz kullan\u0131lmas\u0131, insan gelece\u011fine bir \u00e7ok [&hellip;]<\/p>\n","protected":false},"author":1,"featured_media":4907,"comment_status":"open","ping_status":"open","sticky":false,"template":"","format":"standard","meta":[],"categories":[53,52],"tags":[67,103,1715,12,133],"views":3631,"_links":{"self":[{"href":"https:\/\/www.enerjigazetesi.ist\/en\/wp-json\/wp\/v2\/posts\/4961"}],"collection":[{"href":"https:\/\/www.enerjigazetesi.ist\/en\/wp-json\/wp\/v2\/posts"}],"about":[{"href":"https:\/\/www.enerjigazetesi.ist\/en\/wp-json\/wp\/v2\/types\/post"}],"author":[{"embeddable":true,"href":"https:\/\/www.enerjigazetesi.ist\/en\/wp-json\/wp\/v2\/users\/1"}],"replies":[{"embeddable":true,"href":"https:\/\/www.enerjigazetesi.ist\/en\/wp-json\/wp\/v2\/comments?post=4961"}],"version-history":[{"count":7,"href":"https:\/\/www.enerjigazetesi.ist\/en\/wp-json\/wp\/v2\/posts\/4961\/revisions"}],"predecessor-version":[{"id":4963,"href":"https:\/\/www.enerjigazetesi.ist\/en\/wp-json\/wp\/v2\/posts\/4961\/revisions\/4963"}],"wp:featuredmedia":[{"embeddable":true,"href":"https:\/\/www.enerjigazetesi.ist\/en\/wp-json\/wp\/v2\/media\/4907"}],"wp:attachment":[{"href":"https:\/\/www.enerjigazetesi.ist\/en\/wp-json\/wp\/v2\/media?parent=4961"}],"wp:term":[{"taxonomy":"category","embeddable":true,"href":"https:\/\/www.enerjigazetesi.ist\/en\/wp-json\/wp\/v2\/categories?post=4961"},{"taxonomy":"post_tag","embeddable":true,"href":"https:\/\/www.enerjigazetesi.ist\/en\/wp-json\/wp\/v2\/tags?post=4961"}],"curies":[{"name":"wp","href":"https:\/\/api.w.org\/{rel}","templated":true}]}}