{"id":49567,"date":"2016-01-25T22:18:09","date_gmt":"2016-01-25T19:18:09","guid":{"rendered":"https:\/\/www.enerjigazetesi.ist\/?p=49567"},"modified":"2016-01-25T22:18:09","modified_gmt":"2016-01-25T19:18:09","slug":"enerji-fuarina-tepebasinin-akilli-kent-projesi-damga-vurdu","status":"publish","type":"post","link":"https:\/\/www.enerjigazetesi.ist\/en\/enerji-fuarina-tepebasinin-akilli-kent-projesi-damga-vurdu\/","title":{"rendered":"(Turkish) Enerji Fuar\u0131na Tepeba\u015f\u0131\u2019n\u0131n Ak\u0131ll\u0131 Kent Projesi Damga Vurdu&#8230;"},"content":{"rendered":"<p class=\"qtranxs-available-languages-message qtranxs-available-languages-message-en\">Sorry, this entry is only available in <a href=\"https:\/\/www.enerjigazetesi.ist\/tr\/wp-json\/wp\/v2\/posts\/49567\" class=\"qtranxs-available-language-link qtranxs-available-language-link-tr\" title=\"Turkish\">Turkish<\/a>. For the sake of viewer convenience, the content is shown below in the alternative language. You may click the link to switch the active language.<\/p><p><\/p>\n<p style=\"color: #363636;\"><strong>Ankara Congresium da 21-23 Ocak tarihlerinde d\u00fczenlenen ve T\u00fcrkiye\u2019nin \u00f6nde gelen firmalar\u0131n\u0131n kat\u0131ld\u0131\u011f\u0131 \u201cBiomass Energy Expo\u201d fuar\u0131nda Eski\u015fehir Tepeba\u015f\u0131 Belediyesi \u201cAk\u0131ll\u0131 Kent Projesi\u201d tan<a href=\"https:\/\/www.enerjigazetesi.ist\/wp-content\/uploads\/2016\/01\/enerji-fuarina-tepebasinin-akilli-kent-projesi-damga-vurdu.jpg\"><img loading=\"lazy\" class=\"alignright  wp-image-49568\" src=\"https:\/\/www.enerjigazetesi.ist\/wp-content\/uploads\/2016\/01\/enerji-fuarina-tepebasinin-akilli-kent-projesi-damga-vurdu.jpg\" alt=\"enerji-fuarina-tepebasinin-akilli-kent-projesi-damga-vurdu\" width=\"300\" height=\"205\" \/><\/a>\u0131t\u0131ld\u0131.<\/strong><\/p>\n<p style=\"color: #363636;\">Tepeba\u015f\u0131 Belediyesi AB Projesi Enerji Uzman\u0131 \u00d6zcan \u00d6zdemir\u2019in konu\u015fmac\u0131 olarak kat\u0131ld\u0131\u011f\u0131 konferansta Tepeba\u015f\u0131 Belediyesi\u2019nin y\u00fcr\u00fctt\u00fc\u011f\u00fc \u201cAk\u0131ll\u0131 Kent Projesi\u201d ve belediyenin enerji alan\u0131nda ba\u015far\u0131lara imza atan \u00e7al\u0131\u015fmalar\u0131 tan\u0131t\u0131ld\u0131.<\/p>\n<p style=\"color: #363636;\">AB Projesi Enerji Uzman\u0131 \u00d6zcan \u00d6zdemir, fuarda yapt\u0131\u011f\u0131 konu\u015fmada, 7 u\u201dlkeden 22 kat\u0131l\u0131mc\u0131n\u0131n yer ald\u0131\u011f\u0131 \u201cAk\u0131ll\u0131 Kent Projesi\u201d ile sal\u0131n\u0131m\u0131 du\u201d\u015fu\u201dk olan su\u201drdu\u201dru\u201dlebilir ula\u015f\u0131m uygulamalar\u0131yla, yeni i\u015f alanlar\u0131yla, sosyal ve ekonomik hareketlili\u011fiyle ve kat\u0131l\u0131m su\u201dre\u00e7leriyle, geni\u015f bir uygulama alan\u0131 olu\u015fturulaca\u011f\u0131n\u0131 vurgulad\u0131. \u00d6zdemir, ayr\u0131ca kent ya\u015fam\u0131nda da yenilenebilir enerji konusunda vatanda\u015f bilinci ve fark\u0131ndal\u0131\u011f\u0131 yarataca\u011f\u0131n\u0131n \u00f6nemini dile getirdi.<\/p>\n<p style=\"color: #363636;\">Tepeba\u015f\u0131 Belediyesi\u2019nin \u201cAk\u0131ll\u0131 Kent Projesi\u201d sunumu T\u00fcrkiye\u2019nin \u00f6nde gelen enerji firmalar\u0131 taraf\u0131ndan ilgi ile izlendi.<\/p>\n<p style=\"color: #363636;\">Kaynak: \u0130HA<\/p>\n<p><\/p>","protected":false},"excerpt":{"rendered":"<p>Sorry, this entry is only available in Turkish. For the sake of viewer convenience, the content is shown below in the alternative language. You may click the link to switch the active language. Ankara Congresium da 21-23 Ocak tarihlerinde d\u00fczenlenen ve T\u00fcrkiye\u2019nin \u00f6nde gelen firmalar\u0131n\u0131n kat\u0131ld\u0131\u011f\u0131 \u201cBiomass Energy Expo\u201d fuar\u0131nda Eski\u015fehir Tepeba\u015f\u0131 Belediyesi \u201cAk\u0131ll\u0131 Kent [&hellip;]<\/p>\n","protected":false},"author":1,"featured_media":49568,"comment_status":"open","ping_status":"open","sticky":false,"template":"","format":"standard","meta":[],"categories":[53],"tags":[28136,15148,28137,63,744,67,1009,2698,165,1413,961,28138,28139,28140,4198],"views":890,"_links":{"self":[{"href":"https:\/\/www.enerjigazetesi.ist\/en\/wp-json\/wp\/v2\/posts\/49567"}],"collection":[{"href":"https:\/\/www.enerjigazetesi.ist\/en\/wp-json\/wp\/v2\/posts"}],"about":[{"href":"https:\/\/www.enerjigazetesi.ist\/en\/wp-json\/wp\/v2\/types\/post"}],"author":[{"embeddable":true,"href":"https:\/\/www.enerjigazetesi.ist\/en\/wp-json\/wp\/v2\/users\/1"}],"replies":[{"embeddable":true,"href":"https:\/\/www.enerjigazetesi.ist\/en\/wp-json\/wp\/v2\/comments?post=49567"}],"version-history":[{"count":1,"href":"https:\/\/www.enerjigazetesi.ist\/en\/wp-json\/wp\/v2\/posts\/49567\/revisions"}],"predecessor-version":[{"id":49569,"href":"https:\/\/www.enerjigazetesi.ist\/en\/wp-json\/wp\/v2\/posts\/49567\/revisions\/49569"}],"wp:featuredmedia":[{"embeddable":true,"href":"https:\/\/www.enerjigazetesi.ist\/en\/wp-json\/wp\/v2\/media\/49568"}],"wp:attachment":[{"href":"https:\/\/www.enerjigazetesi.ist\/en\/wp-json\/wp\/v2\/media?parent=49567"}],"wp:term":[{"taxonomy":"category","embeddable":true,"href":"https:\/\/www.enerjigazetesi.ist\/en\/wp-json\/wp\/v2\/categories?post=49567"},{"taxonomy":"post_tag","embeddable":true,"href":"https:\/\/www.enerjigazetesi.ist\/en\/wp-json\/wp\/v2\/tags?post=49567"}],"curies":[{"name":"wp","href":"https:\/\/api.w.org\/{rel}","templated":true}]}}