{"id":49549,"date":"2016-01-25T12:50:51","date_gmt":"2016-01-25T09:50:51","guid":{"rendered":"https:\/\/www.enerjigazetesi.ist\/?p=49549"},"modified":"2016-01-25T12:50:52","modified_gmt":"2016-01-25T09:50:52","slug":"rusya-avrupa-komisyonuyla-ukrayna-gazi-icin-masaya-oturmayacak","status":"publish","type":"post","link":"https:\/\/www.enerjigazetesi.ist\/en\/rusya-avrupa-komisyonuyla-ukrayna-gazi-icin-masaya-oturmayacak\/","title":{"rendered":"(Turkish) Rusya Avrupa Komisyonu\u2019yla Ukrayna Gaz\u0131 \u0130\u00e7in Masaya Oturmayacak!"},"content":{"rendered":"<p class=\"qtranxs-available-languages-message qtranxs-available-languages-message-en\">Sorry, this entry is only available in <a href=\"https:\/\/www.enerjigazetesi.ist\/tr\/wp-json\/wp\/v2\/posts\/49549\" class=\"qtranxs-available-language-link qtranxs-available-language-link-tr\" title=\"Turkish\">Turkish<\/a>. For the sake of viewer convenience, the content is shown below in the alternative language. You may click the link to switch the active language.<\/p><p><\/p>\n<p style=\"color: #0a0a0a;\"><strong>Rusya Enerji Bakan\u0131 Aleksey Novak, Kiev ile ya\u015fanan do\u011falgaz sorununu g\u00f6r\u00fc\u015fmek i\u00e7in Ukrayna ve Avrupa Komisyonu ile yeniden masaya oturmaya gerek g\u00f6rmediklerini s\u00f6yledi.<\/strong><span id=\"more-75672\"><\/span><\/p>\n<p style=\"color: #0a0a0a;\">Avrupa Komisyonu\u2019nun Enerji ve \u0130klim De\u011fi\u015fikli\u011fi Komiseri Miguel Arias Canete, Rusya ile Ukrayna aras\u0131nda 2019 y\u0131l\u0131nda sona erecek do\u011falgaz transit anla\u015fmas\u0131n\u0131n 2019 y\u0131l\u0131 sonras\u0131 i\u00e7in g\u00f6zden ge\u00e7irilmesini desteklediklerini ve Avrupa\u2019n\u0131n kurallar\u0131n\u0131 g\u00f6zeten<a href=\"https:\/\/www.enerjigazetesi.ist\/wp-content\/uploads\/2016\/01\/rusya-avrupa-komisyonuyla-ukrayna-gazi-icin-masaya-oturmayacak.jpg\"><img loading=\"lazy\" class=\"alignleft size-medium wp-image-49550\" src=\"https:\/\/www.enerjigazetesi.ist\/wp-content\/uploads\/2016\/01\/rusya-avrupa-komisyonuyla-ukrayna-gazi-icin-masaya-oturmayacak-300x165.jpg\" alt=\"rusya-avrupa-komisyonuyla-ukrayna-gazi-icin-masaya-oturmayacak\" width=\"300\" height=\"165\" srcset=\"https:\/\/www.enerjigazetesi.ist\/wp-content\/uploads\/2016\/01\/rusya-avrupa-komisyonuyla-ukrayna-gazi-icin-masaya-oturmayacak-300x165.jpg 300w, https:\/\/www.enerjigazetesi.ist\/wp-content\/uploads\/2016\/01\/rusya-avrupa-komisyonuyla-ukrayna-gazi-icin-masaya-oturmayacak-500x276.jpg 500w, https:\/\/www.enerjigazetesi.ist\/wp-content\/uploads\/2016\/01\/rusya-avrupa-komisyonuyla-ukrayna-gazi-icin-masaya-oturmayacak-80x44.jpg 80w, https:\/\/www.enerjigazetesi.ist\/wp-content\/uploads\/2016\/01\/rusya-avrupa-komisyonuyla-ukrayna-gazi-icin-masaya-oturmayacak.jpg 696w\" sizes=\"(max-width: 300px) 100vw, 300px\" \/><\/a> yeni bir anla\u015fma yap\u0131lmas\u0131n\u0131 umdu\u011funu s\u00f6ylemi\u015fti.<\/p>\n<p style=\"color: #0a0a0a;\">Bas\u0131n mensuplar\u0131n\u0131n sorusu \u00fczerine Canete\u2019nin s\u00f6zlerine yan\u0131t veren Novak, \u201c\u0130lk \u00e7eyre\u011fin sonuna kadar oyunun t\u00fcm kurallar\u0131 belli. Bu nedenle, yeniden bulu\u015fmam\u0131za gerek yok\u201d dedi.<\/p>\n<p style=\"color: #0a0a0a;\">Ukrayna Ba\u015fbakan\u0131 Arseniy Yatsenyuk, 10 Ocak\u2019ta yapt\u0131\u011f\u0131 a\u00e7\u0131klamada, Avrupa\u2019dan daha ucuza gaz alabilecekleri i\u00e7in Rusya\u2019dan bin metrek\u00fcp\u00fc 212 dolardan gaz almayacaklar\u0131n\u0131 belirtmi\u015fti.<\/p>\n<p style=\"color: #0a0a0a;\">Ukrayna enerji \u015firketi Naftogaz, Ekim 2015\u2019te yapt\u0131\u011f\u0131 a\u00e7\u0131klamada, Gazprom\u2019dan gaz sat\u0131n almaya son verildi\u011fini ve sunulacak yeni fiyata g\u00f6re Rus \u015firketinden gaz almaya devam edebileceklerini duyurmu\u015ftu. Kas\u0131m ay\u0131nda Kiev, Avrupal\u0131 partnerlerin \u00f6nerdi\u011fi gaz fiyat\u0131n\u0131n Moskova\u2019n\u0131n \u00f6nerdi\u011fi rakamdan daha ucuz oldu\u011funu \u00f6ne s\u00fcrerek Rusya\u2019dan gaz sevkiyat\u0131n\u0131 sonland\u0131rm\u0131\u015ft\u0131.<\/p>\n<p style=\"color: #0a0a0a;\">Kaynak: Enerji Enstit\u00fcs\u00fc<\/p>\n<p><\/p>","protected":false},"excerpt":{"rendered":"<p>Sorry, this entry is only available in Turkish. For the sake of viewer convenience, the content is shown below in the alternative language. You may click the link to switch the active language. Rusya Enerji Bakan\u0131 Aleksey Novak, Kiev ile ya\u015fanan do\u011falgaz sorununu g\u00f6r\u00fc\u015fmek i\u00e7in Ukrayna ve Avrupa Komisyonu ile yeniden masaya oturmaya gerek g\u00f6rmediklerini [&hellip;]<\/p>\n","protected":false},"author":1,"featured_media":49550,"comment_status":"open","ping_status":"open","sticky":false,"template":"","format":"standard","meta":[],"categories":[46,53],"tags":[28127,3969,92,226,19761,2092,2677,1391,28128,63,67,1009,2698,165,4221,885,4709,15622],"views":909,"_links":{"self":[{"href":"https:\/\/www.enerjigazetesi.ist\/en\/wp-json\/wp\/v2\/posts\/49549"}],"collection":[{"href":"https:\/\/www.enerjigazetesi.ist\/en\/wp-json\/wp\/v2\/posts"}],"about":[{"href":"https:\/\/www.enerjigazetesi.ist\/en\/wp-json\/wp\/v2\/types\/post"}],"author":[{"embeddable":true,"href":"https:\/\/www.enerjigazetesi.ist\/en\/wp-json\/wp\/v2\/users\/1"}],"replies":[{"embeddable":true,"href":"https:\/\/www.enerjigazetesi.ist\/en\/wp-json\/wp\/v2\/comments?post=49549"}],"version-history":[{"count":1,"href":"https:\/\/www.enerjigazetesi.ist\/en\/wp-json\/wp\/v2\/posts\/49549\/revisions"}],"predecessor-version":[{"id":49551,"href":"https:\/\/www.enerjigazetesi.ist\/en\/wp-json\/wp\/v2\/posts\/49549\/revisions\/49551"}],"wp:featuredmedia":[{"embeddable":true,"href":"https:\/\/www.enerjigazetesi.ist\/en\/wp-json\/wp\/v2\/media\/49550"}],"wp:attachment":[{"href":"https:\/\/www.enerjigazetesi.ist\/en\/wp-json\/wp\/v2\/media?parent=49549"}],"wp:term":[{"taxonomy":"category","embeddable":true,"href":"https:\/\/www.enerjigazetesi.ist\/en\/wp-json\/wp\/v2\/categories?post=49549"},{"taxonomy":"post_tag","embeddable":true,"href":"https:\/\/www.enerjigazetesi.ist\/en\/wp-json\/wp\/v2\/tags?post=49549"}],"curies":[{"name":"wp","href":"https:\/\/api.w.org\/{rel}","templated":true}]}}