{"id":49453,"date":"2016-01-23T22:46:37","date_gmt":"2016-01-23T19:46:37","guid":{"rendered":"https:\/\/www.enerjigazetesi.ist\/?p=49453"},"modified":"2016-01-23T22:48:20","modified_gmt":"2016-01-23T19:48:20","slug":"elektrikli-araclarin-kalbi-bataryadir","status":"publish","type":"post","link":"https:\/\/www.enerjigazetesi.ist\/en\/elektrikli-araclarin-kalbi-bataryadir\/","title":{"rendered":"(Turkish) \u201cElektrikli Ara\u00e7lar\u0131n Kalbi Bataryad\u0131r&#8230;\u201d"},"content":{"rendered":"<p class=\"qtranxs-available-languages-message qtranxs-available-languages-message-en\">Sorry, this entry is only available in <a href=\"https:\/\/www.enerjigazetesi.ist\/tr\/wp-json\/wp\/v2\/posts\/49453\" class=\"qtranxs-available-language-link qtranxs-available-language-link-tr\" title=\"Turkish\">Turkish<\/a>. For the sake of viewer convenience, the content is shown below in the alternative language. You may click the link to switch the active language.<\/p><p><\/p>\n<p style=\"color: #666666;\"><span style=\"font-weight: bold; color: #222222;\">DMA CTO\u2019su Alper Baykut: \u201cElektrikli ara\u00e7lar\u0131n kalbi bataryad\u0131r. Hammaddeler k\u0131s\u0131tl\u0131. \u00c7ok adetli bir elektrik \u00fcretimine girildi\u011finde bile bir batarya firmas\u0131yla anla\u015fma yap\u0131lmad\u0131\u011f\u0131 s\u00fcrece ba\u015far\u0131l\u0131 olma \u015fans\u0131 bulunmuyor.\u201d<\/span><\/p>\n<p style=\"color: #666666;\">Power Next Enerji Fuarlar\u0131 ve Konferanslar\u0131 bug\u00fcn Congresium Ankara\u2019da ba\u015flad\u0131. DMA CTO\u2019su Alper Baykut konferansta yapt\u0131\u011f\u0131 konu\u015fmada, en<img loading=\"lazy\" class=\"alignleft  wp-image-49454\" src=\"https:\/\/www.enerjigazetesi.ist\/wp-content\/uploads\/2016\/01\/elektrikli-araclarin-kalbi-bataryadir-300x110.jpg\" alt=\"elektrikli-araclarin-kalbi-bataryadir\" width=\"300\" height=\"151\" \/>erji depolama konusunda, bataryan\u0131n T\u00fcrkiye\u2019de \u00fcretilip \u00fcretilmedi\u011fi, hammaddesinin nereden geldi\u011fi ve yat\u0131r\u0131m\u0131n \u00f6l\u00e7e\u011fi unsurlar\u0131n\u0131n \u00f6nemine i\u015faret etti.<br \/>\nBaykut, \u201c<span style=\"font-weight: bold; color: #222222;\">Elektrikli ara\u00e7lar\u0131n<\/span>\u00a0kalbi bataryad\u0131r. Hammaddeler k\u0131s\u0131tl\u0131. \u00c7ok adetli bir\u00a0<span style=\"font-weight: bold; color: #222222;\">elektrik \u00fcretimine<\/span>\u00a0girildi\u011finde bile bir<br \/>\nbatarya firmas\u0131yla anla\u015fma yap\u0131lmad\u0131\u011f\u0131 s\u00fcrece ba\u015far\u0131l\u0131 olma \u015fans\u0131 bulunmuyor\u201d dedi. Baykut bu konuda uluslararas\u0131 otomotiv kurulu\u015flar\u0131n\u0131n batarya \u00fcreticisi firmalarla anla\u015fma yapt\u0131klar\u0131na i\u015faret ederek, batarya \u00fcreticisi firma bulman\u0131n \u00e7ok zor oldu\u011funa i\u015faret etti.<\/p>\n<p style=\"color: #666666;\"><span style=\"font-weight: bold; color: #222222;\">G\u00fcvenli ve s\u00fcrd\u00fcr\u00fclebilir batarya \u00fcretimi d\u00f6nemi<\/span><\/p>\n<p style=\"color: #666666;\">Yi\u011fit Ak\u00fc Yetkilisi Volkan Karahan\u2019da konferansta yapt\u0131\u011f\u0131 konu\u015fmada, \u00f6n\u00fcm\u00fczdeki 15 y\u0131l i\u00e7erisinde farkl\u0131 teknolojilerin g\u00fc\u00e7l\u00fc bir \u015fekilde yakla\u015ft\u0131\u011f\u0131n\u0131n g\u00f6r\u00fcld\u00fc\u011f\u00fcn\u00fc belirterek, i\u00e7inde bulundu\u011fumuz d\u00f6nemin g\u00fcvenli ve s\u00fcrd\u00fcr\u00fclebilir bataryan\u0131n \u00fcretimi \u00fczerine oldu\u011funu s\u00f6yledi. Karahan, bataryan\u0131n b\u00fcy\u00fcme endeksine bak\u0131ld\u0131\u011f\u0131nda, yat\u0131r\u0131mc\u0131lar\u0131n ilgisini \u00e7eken bir konu olarak lityumda market b\u00fcy\u00fcmesinin ger\u00e7ekle\u015fti\u011fini, bu noktada T\u00fcrkiye\u2019nin de \u00f6nemli oyunculardan birisi oldu\u011funu s\u00f6yledi.<\/p>\n<p style=\"color: #666666;\"><span style=\"font-weight: bold; color: #222222;\">\u201cPil i\u00e7in y\u00f6netim sistemine ihtiya\u00e7 var\u201d<\/span><\/p>\n<p style=\"color: #666666;\">T\u00dcB\u0130TAK MAM Enerji Enstit\u00fcs\u00fc\u2019nden Do\u00e7. Dr. Davut Uzun\u2019da konferansta yapt\u0131\u011f\u0131 konu\u015fmada, \u00fcretilen pillerin test edilmesinin \u00f6nemine i\u015faret ederek, \u201cPil s\u0131k\u0131nt\u0131l\u0131 bir i\u015f. Pil testleri \u00f6nemlidir. Pil bir\u00e7ok yang\u0131na sebep verebilir. \u00dcretilen pil bir cep telefonu ya da elektronik alette kullan\u0131laca\u011f\u0131 i\u00e7in pilin k\u0131sa devre yap\u0131p kimseyi yakmamas\u0131 gerekiyor. Pil i\u00e7in bir y\u00f6netim sistemine ihtiya\u00e7 var. Ticari pilin de\u011ferlerini laboratuvar\u0131m\u0131zda yapt\u0131\u011f\u0131m\u0131z testlerde g\u00f6rebiliyoruz\u201d \u015feklinde konu\u015ftu.<\/p>\n<p style=\"color: #666666;\"><span style=\"font-weight: bold; color: #222222;\">\u201cYenilenebilir enerjinin en \u00f6nemli \u00f6zelli\u011fi yerlilik\u201d<\/span><\/p>\n<p style=\"color: #666666;\">Yenilenebilir Enerji Genel M\u00fcd\u00fcrl\u00fc\u011f\u00fc Daire Ba\u015fkan\u0131 Sebahattin \u00d6z de konferansta yapt\u0131\u011f\u0131 konu\u015fmada,\u00a0<span style=\"font-weight: bold; color: #222222;\">yenilenebilir enerjinin<\/span>\u00a0en \u00f6nemli unsurunun yerli olmas\u0131 oldu\u011funu belirterek, yenilenebilir enerjinin ithalata olan ba\u011f\u0131ml\u0131l\u0131\u011f\u0131n azalmas\u0131na yapt\u0131\u011f\u0131 katk\u0131y\u0131 \u00f6ne \u00e7\u0131kard\u0131.<br \/>\n\u00c7\u00f6p gaz\u0131ndan\u00a0<span style=\"font-weight: bold; color: #222222;\">elektrik \u00fcretimi<\/span>\u00a0konusunun yeni oldu\u011funu s\u00f6yleyen \u00d6z, \u201cYeni bir konu oldu\u011fu i\u00e7in birisinin bu yeni yolu a\u00e7mas\u0131 gerekiyor. \u015eimdiye kadar\u00a0<span style=\"font-weight: bold; color: #222222;\">\u00e7\u00f6p gaz\u0131ndan elektrik \u00fcretmek\u00a0<\/span><span style=\"font-weight: bold; color: #222222;\">i\u00e7in ba\u015fvuran bir firma olmad\u0131. Birisi bu yoldan hareket edecek, onu takip edecekler\u201d dedi.<\/span><\/p>\n<p><strong>Y\u00fczde y\u00fcz yerli sermayeli Bozankaya<\/strong><\/p>\n<p>Bozankaya Yetkilisi Yi\u011fit Belin\u2019de konferansta yapt\u0131\u011f\u0131 konu\u015fmada, Bozankaya \u015firketinin y\u00fczde y\u00fcz yerli sermayeyle kuruldu\u011funa de\u011findi. Belin kendi markalar\u0131 olan\u00a0elektrikli ara\u00e7lar\u0131n\u00a0ve tramb\u00fcslerin son derece ilgi g\u00f6rd\u00fc\u011f\u00fcn\u00fc belirtti. Belin elektrikli ara\u00e7 \u00fcretiminde dikkat edilmesi gereken unsurlar\u0131 ifade etti.<\/p>\n<p>Kaynak: <a href=\"http:\/\/www.alternatifenerji.com\/elektrikli-araclarin-kalbi-bataryadir\/\" target=\"_blank\" rel=\"nofollow\">Alternatif Enerji<\/a><\/p>","protected":false},"excerpt":{"rendered":"<p>Sorry, this entry is only available in Turkish. For the sake of viewer convenience, the content is shown below in the alternative language. You may click the link to switch the active language. DMA CTO\u2019su Alper Baykut: \u201cElektrikli ara\u00e7lar\u0131n kalbi bataryad\u0131r. Hammaddeler k\u0131s\u0131tl\u0131. \u00c7ok adetli bir elektrik \u00fcretimine girildi\u011finde bile bir batarya firmas\u0131yla anla\u015fma yap\u0131lmad\u0131\u011f\u0131 [&hellip;]<\/p>\n","protected":false},"author":1,"featured_media":49454,"comment_status":"open","ping_status":"open","sticky":false,"template":"","format":"standard","meta":[],"categories":[51,53,157],"tags":[28114,68,61,215,63,67,1009,2698,165,28113],"views":1634,"_links":{"self":[{"href":"https:\/\/www.enerjigazetesi.ist\/en\/wp-json\/wp\/v2\/posts\/49453"}],"collection":[{"href":"https:\/\/www.enerjigazetesi.ist\/en\/wp-json\/wp\/v2\/posts"}],"about":[{"href":"https:\/\/www.enerjigazetesi.ist\/en\/wp-json\/wp\/v2\/types\/post"}],"author":[{"embeddable":true,"href":"https:\/\/www.enerjigazetesi.ist\/en\/wp-json\/wp\/v2\/users\/1"}],"replies":[{"embeddable":true,"href":"https:\/\/www.enerjigazetesi.ist\/en\/wp-json\/wp\/v2\/comments?post=49453"}],"version-history":[{"count":3,"href":"https:\/\/www.enerjigazetesi.ist\/en\/wp-json\/wp\/v2\/posts\/49453\/revisions"}],"predecessor-version":[{"id":49457,"href":"https:\/\/www.enerjigazetesi.ist\/en\/wp-json\/wp\/v2\/posts\/49453\/revisions\/49457"}],"wp:featuredmedia":[{"embeddable":true,"href":"https:\/\/www.enerjigazetesi.ist\/en\/wp-json\/wp\/v2\/media\/49454"}],"wp:attachment":[{"href":"https:\/\/www.enerjigazetesi.ist\/en\/wp-json\/wp\/v2\/media?parent=49453"}],"wp:term":[{"taxonomy":"category","embeddable":true,"href":"https:\/\/www.enerjigazetesi.ist\/en\/wp-json\/wp\/v2\/categories?post=49453"},{"taxonomy":"post_tag","embeddable":true,"href":"https:\/\/www.enerjigazetesi.ist\/en\/wp-json\/wp\/v2\/tags?post=49453"}],"curies":[{"name":"wp","href":"https:\/\/api.w.org\/{rel}","templated":true}]}}