{"id":49450,"date":"2016-01-23T16:57:04","date_gmt":"2016-01-23T13:57:04","guid":{"rendered":"https:\/\/www.enerjigazetesi.ist\/?p=49450"},"modified":"2016-01-23T16:57:04","modified_gmt":"2016-01-23T13:57:04","slug":"denizlide-enerji-verimliligi-hedefleri","status":"publish","type":"post","link":"https:\/\/www.enerjigazetesi.ist\/en\/denizlide-enerji-verimliligi-hedefleri\/","title":{"rendered":"(Turkish) Denizli\u2019de Enerji Verimlili\u011fi Hedefleri&#8230;"},"content":{"rendered":"<p class=\"qtranxs-available-languages-message qtranxs-available-languages-message-en\">Sorry, this entry is only available in <a href=\"https:\/\/www.enerjigazetesi.ist\/tr\/wp-json\/wp\/v2\/posts\/49450\" class=\"qtranxs-available-language-link qtranxs-available-language-link-tr\" title=\"Turkish\">Turkish<\/a>. For the sake of viewer convenience, the content is shown below in the alternative language. You may click the link to switch the active language.<\/p><p><\/p>\n<p style=\"color: #363636;\"><strong>Enerji Verimlili\u011fi Derne\u011fi Denizli \u015eubesi\u2019nin y\u00f6netim kurulu \u00fcyeleri, Enerji Verimlili\u011fi Haftas\u0131 etkinlikleri kapsam\u0131nda Denizli Valisi \u015e\u00fckr\u00fc Kocatepe ve Denizli B\u00fcy\u00fck\u015fehir Belediye Ba\u015fkan\u0131 Osman Zolan\u2019\u0131 ziyaret etti.<a href=\"https:\/\/www.enerjigazetesi.ist\/wp-content\/uploads\/2016\/01\/denizlide-enerji-verimliligi-hedefleri.jpg\"><img loading=\"lazy\" class=\"alignright  wp-image-49451\" src=\"https:\/\/www.enerjigazetesi.ist\/wp-content\/uploads\/2016\/01\/denizlide-enerji-verimliligi-hedefleri.jpg\" alt=\"denizlide-enerji-verimliligi-hedefleri\" width=\"300\" height=\"214\" \/><\/a><\/strong><\/p>\n<p style=\"color: #363636;\">Dernek Ba\u015fkan\u0131 Mehmet Akg\u00fcn, valilik makam\u0131nda yapt\u0131\u011f\u0131 konu\u015fmada, enerji verimlili\u011fi hakk\u0131nda fark\u0131ndal\u0131k olu\u015fturmak i\u00e7in bug\u00fcne kadar bir\u00e7ok etkinlik ger\u00e7ekle\u015ftirdiklerini belirterek \u00fclke genelinde ba\u015flat\u0131lan Enerji Tak\u0131m\u0131 projesi kapsam\u0131nda 100 bin kad\u0131n ve 2 milyonun \u00fczerinde \u00f6\u011frenciye e\u011fitimler verdiklerini anlatt\u0131.<\/p>\n<p style=\"color: #363636;\">Denizli\u2019de de 2 bin \u00f6\u011frenciye e\u011fitimler verdiklerini aktaran Akg\u00fcn, Denizli olarak y\u0131lda 600 milyon lira tasarrufu yap\u0131lmas\u0131n\u0131 hedef koyduklar\u0131n\u0131 ifade etti.<\/p>\n<p style=\"color: #363636;\">\u00d6te yandan Ayd\u0131n, Denizli ve Mu\u011fla\u2019n\u0131n elektrik da\u011f\u0131t\u0131m\u0131n\u0131 ger\u00e7ekle\u015ftiren Aydem\u2019in, e\u011fitim \u00f6\u011fretim y\u0131l\u0131 boyunca Denizli\u2019de 10 bin \u00f6\u011frenciye enerji verimlili\u011fi e\u011fitimi verece\u011fi bildirildi.<\/p>\n<p style=\"color: #363636;\">Kaynak: AA<\/p>\n<p><\/p>","protected":false},"excerpt":{"rendered":"<p>Sorry, this entry is only available in Turkish. For the sake of viewer convenience, the content is shown below in the alternative language. You may click the link to switch the active language. Enerji Verimlili\u011fi Derne\u011fi Denizli \u015eubesi\u2019nin y\u00f6netim kurulu \u00fcyeleri, Enerji Verimlili\u011fi Haftas\u0131 etkinlikleri kapsam\u0131nda Denizli Valisi \u015e\u00fckr\u00fc Kocatepe ve Denizli B\u00fcy\u00fck\u015fehir Belediye Ba\u015fkan\u0131 [&hellip;]<\/p>\n","protected":false},"author":1,"featured_media":49451,"comment_status":"open","ping_status":"open","sticky":false,"template":"","format":"standard","meta":[],"categories":[53,52],"tags":[845,63,67,1009,2698,165,12,1525,1727,793],"views":973,"_links":{"self":[{"href":"https:\/\/www.enerjigazetesi.ist\/en\/wp-json\/wp\/v2\/posts\/49450"}],"collection":[{"href":"https:\/\/www.enerjigazetesi.ist\/en\/wp-json\/wp\/v2\/posts"}],"about":[{"href":"https:\/\/www.enerjigazetesi.ist\/en\/wp-json\/wp\/v2\/types\/post"}],"author":[{"embeddable":true,"href":"https:\/\/www.enerjigazetesi.ist\/en\/wp-json\/wp\/v2\/users\/1"}],"replies":[{"embeddable":true,"href":"https:\/\/www.enerjigazetesi.ist\/en\/wp-json\/wp\/v2\/comments?post=49450"}],"version-history":[{"count":1,"href":"https:\/\/www.enerjigazetesi.ist\/en\/wp-json\/wp\/v2\/posts\/49450\/revisions"}],"predecessor-version":[{"id":49452,"href":"https:\/\/www.enerjigazetesi.ist\/en\/wp-json\/wp\/v2\/posts\/49450\/revisions\/49452"}],"wp:featuredmedia":[{"embeddable":true,"href":"https:\/\/www.enerjigazetesi.ist\/en\/wp-json\/wp\/v2\/media\/49451"}],"wp:attachment":[{"href":"https:\/\/www.enerjigazetesi.ist\/en\/wp-json\/wp\/v2\/media?parent=49450"}],"wp:term":[{"taxonomy":"category","embeddable":true,"href":"https:\/\/www.enerjigazetesi.ist\/en\/wp-json\/wp\/v2\/categories?post=49450"},{"taxonomy":"post_tag","embeddable":true,"href":"https:\/\/www.enerjigazetesi.ist\/en\/wp-json\/wp\/v2\/tags?post=49450"}],"curies":[{"name":"wp","href":"https:\/\/api.w.org\/{rel}","templated":true}]}}