{"id":49438,"date":"2016-01-23T15:59:37","date_gmt":"2016-01-23T12:59:37","guid":{"rendered":"https:\/\/www.enerjigazetesi.ist\/?p=49438"},"modified":"2016-01-23T15:59:37","modified_gmt":"2016-01-23T12:59:37","slug":"trakyaya-2-milyar-tllik-cevre-yatirimi","status":"publish","type":"post","link":"https:\/\/www.enerjigazetesi.ist\/en\/trakyaya-2-milyar-tllik-cevre-yatirimi\/","title":{"rendered":"(Turkish) Trakya\u2019ya 2 Milyar TL\u2019lik \u00c7evre Yat\u0131r\u0131m\u0131&#8230;"},"content":{"rendered":"<p class=\"qtranxs-available-languages-message qtranxs-available-languages-message-en\">Sorry, this entry is only available in <a href=\"https:\/\/www.enerjigazetesi.ist\/tr\/wp-json\/wp\/v2\/posts\/49438\" class=\"qtranxs-available-language-link qtranxs-available-language-link-tr\" title=\"Turkish\">Turkish<\/a>. For the sake of viewer convenience, the content is shown below in the alternative language. You may click the link to switch the active language.<\/p><p><\/p>\n<p style=\"color: #363636;\"><strong>Tekirda\u011f Valisi Enver Saliho\u011flu, Trakya\u2019da \u00e7evre temizli\u011fi i\u00e7in 3 y\u0131l i\u00e7inde 2 milyar TL yat\u0131r\u0131m yapacaklar\u0131n\u0131, bu yat\u0131r\u0131mlar\u0131n tam kapasite \u00e7al\u0131\u015fmaya ba\u015flad\u0131\u011f\u0131 zaman Marmara Denizi ve Trakya\u2019n\u0131n \u00e7evre kirlili\u011finin ortadan kalkaca\u011f\u0131n\u0131 s\u00f6yledi.<img loading=\"lazy\" class=\"alignright  wp-image-49439\" src=\"https:\/\/www.enerjigazetesi.ist\/wp-content\/uploads\/2016\/01\/trakyaya-2-milyar-tllik-cevre-yatirimi.jpg\" alt=\"trakyaya-2-milyar-tllik-cevre-yatirimi\" width=\"300\" height=\"196\" \/><\/strong><\/p>\n<p style=\"color: #363636;\">Vali Enver Saliho\u011flu, Tekirda\u011f\u2019\u0131n sanayi altyap\u0131s\u0131 ve son yap\u0131lan yat\u0131r\u0131mlarla ilgili bilgi vererek, Trakya\u2019n\u0131n \u00e7evre kirlili\u011fi probleminin 2017 y\u0131l\u0131nda sona erece\u011fini s\u00f6yledi. Vali Saliho\u011flu, \u015funlar\u0131 s\u00f6yledi:<\/p>\n<p style=\"color: #363636;\">\u2018Trakya\u2019n\u0131n son 30 y\u0131lda meydana gelen \u00e7evre kirlili\u011fi ile ilgili problemini 2017\u2032de devreye girecek olan ar\u0131tma ve derin de\u015farj sistemi ile \u00e7\u00f6zm\u00fc\u015f olaca\u011f\u0131z. Organize sanayileri b\u00f6lgelerindeki altyap\u0131 \u00e7al\u0131\u015fmalar\u0131n\u0131 da hesaba katarsak t\u00fcm bu sistem i\u00e7in yakla\u015f\u0131k 2 milyar TL\u2019lik bir yat\u0131r\u0131m yapm\u0131\u015f olaca\u011f\u0131z. Bu yat\u0131r\u0131mlar\u0131n hepsi tam kapasite \u00e7al\u0131\u015fmaya ba\u015flad\u0131\u011f\u0131 zaman Marmara Denizi\u2019nin ve Trakya\u2019n\u0131n \u00e7evre kirlili\u011fi sorunu ortadan kalkm\u0131\u015f olacakt\u0131r.\u201d<\/p>\n<p style=\"color: #363636;\"><strong>\u201cELE\u015eT\u0130R\u0130 \u0130\u015e YAPMANIN DO\u011eASINDA VARDIR\u201d<\/strong><\/p>\n<p style=\"color: #363636;\">Trakya i\u00e7in hayati \u00f6nem ta\u015f\u0131yan bu projenin de ele\u015ftirildi\u011fini hat\u0131rlatan Vali Enver Saliho\u011flu, \u201cHer konuya oldu\u011fu gibi bu projemize de ele\u015ftiriler geldi. Ele\u015ftiri i\u015f yapman\u0131n do\u011fas\u0131nda vard\u0131r ancak bu projenin uygulama s\u00fcrecinde \u00e7ok de\u011ferli uzmanlar ile \u00e7al\u0131\u015ft\u0131k. Bunlar\u0131n i\u00e7inde \u0130stanbul Teknik \u00dcniversitesi\u2019nin, Nam\u0131k Kemal \u00dcniversitesi\u2019nin de\u011ferli hocalar\u0131, \u00c7evre ve \u015eehircilik Bakanl\u0131\u011f\u0131 ve Orman Bakanl\u0131\u011f\u0131\u2019n\u0131n de\u011ferli uzmanlar\u0131 var. \u0130\u015fini iyi bilen bu insanlar nedeniyle biz projemize g\u00fcveniyoruz ve yapt\u0131\u011f\u0131m\u0131z yat\u0131r\u0131m\u0131n kar\u015f\u0131l\u0131\u011f\u0131n\u0131 en h\u0131zl\u0131 \u015fekilde alaca\u011f\u0131m\u0131zdan da eminiz. Projenin uygulanmas\u0131na i\u015f adamlar\u0131m\u0131zdan ve i\u015f d\u00fcnyam\u0131zdan da ciddi katk\u0131lar ve destekler var. Kendilerine te\u015fekk\u00fcrlerimi bir kez daha iletmek istiyorum\u201d dedi.<\/p>\n<p style=\"color: #363636;\"><strong>\u201cOSB\u2019LERDE ARSA SPEK\u00dcLASYONU YAPANLARIN \u00d6N\u00dcNE GE\u00c7ECE\u011e\u0130Z\u201d<\/strong><\/p>\n<p style=\"color: #363636;\">Tekirda\u011f\u2019da 52 bin d\u00f6n\u00fcm alana sahip OSB\u2019lerin imar plan\u0131n\u0131n tamamland\u0131\u011f\u0131n\u0131, arsa spek\u00fclasyonu yapan sanayicilikle ilgisi olmayanlar\u0131n \u00f6n\u00fcne ge\u00e7eceklerini vurgulayan Vali Saliho\u011flu, \u201cOrganize sanayi b\u00f6lgelerimizin kaplad\u0131\u011f\u0131 alan 52 bin d\u00f6n\u00fcme denk gelmektedir. Bu b\u00f6lgelerimizin \u0130mar planlar\u0131 tamamland\u0131. Buralarda daha \u00f6nce arazi alanlar nedeniyle arsa fiyatlar\u0131 da bir taraftan y\u00fckseliyor. Yat\u0131r\u0131m yapmak isteyen baz\u0131 yat\u0131r\u0131mc\u0131lar\u0131m\u0131z bu alanlar\u0131n pahal\u0131 olmas\u0131 nedeniyle OSB\u2019lerin d\u0131\u015f\u0131na fabrika yapmak istiyorlar. Bunlara izin vermemiz ve g\u00f6z yummam\u0131z bizden beklenmesin. \u0130n\u015fallah alaca\u011f\u0131m\u0131z yeni \u00f6nlemlerle OSB\u2019lerde arsa spek\u00fclasyonu yapan ve sanayicilikle ilgisi olmayanlar\u0131n da \u00f6n\u00fcne ge\u00e7ece\u011fiz\u201d diye konu\u015ftu.<\/p>\n<p style=\"color: #363636;\">Kaynak: \u0130HA<\/p>\n<p><\/p>","protected":false},"excerpt":{"rendered":"<p>Sorry, this entry is only available in Turkish. For the sake of viewer convenience, the content is shown below in the alternative language. You may click the link to switch the active language. Tekirda\u011f Valisi Enver Saliho\u011flu, Trakya\u2019da \u00e7evre temizli\u011fi i\u00e7in 3 y\u0131l i\u00e7inde 2 milyar TL yat\u0131r\u0131m yapacaklar\u0131n\u0131, bu yat\u0131r\u0131mlar\u0131n tam kapasite \u00e7al\u0131\u015fmaya ba\u015flad\u0131\u011f\u0131 [&hellip;]<\/p>\n","protected":false},"author":1,"featured_media":49439,"comment_status":"open","ping_status":"open","sticky":false,"template":"","format":"standard","meta":[],"categories":[53],"tags":[2530,2050,63,67,1009,2698,165,28107,4513,6585,1286],"views":945,"_links":{"self":[{"href":"https:\/\/www.enerjigazetesi.ist\/en\/wp-json\/wp\/v2\/posts\/49438"}],"collection":[{"href":"https:\/\/www.enerjigazetesi.ist\/en\/wp-json\/wp\/v2\/posts"}],"about":[{"href":"https:\/\/www.enerjigazetesi.ist\/en\/wp-json\/wp\/v2\/types\/post"}],"author":[{"embeddable":true,"href":"https:\/\/www.enerjigazetesi.ist\/en\/wp-json\/wp\/v2\/users\/1"}],"replies":[{"embeddable":true,"href":"https:\/\/www.enerjigazetesi.ist\/en\/wp-json\/wp\/v2\/comments?post=49438"}],"version-history":[{"count":1,"href":"https:\/\/www.enerjigazetesi.ist\/en\/wp-json\/wp\/v2\/posts\/49438\/revisions"}],"predecessor-version":[{"id":49440,"href":"https:\/\/www.enerjigazetesi.ist\/en\/wp-json\/wp\/v2\/posts\/49438\/revisions\/49440"}],"wp:featuredmedia":[{"embeddable":true,"href":"https:\/\/www.enerjigazetesi.ist\/en\/wp-json\/wp\/v2\/media\/49439"}],"wp:attachment":[{"href":"https:\/\/www.enerjigazetesi.ist\/en\/wp-json\/wp\/v2\/media?parent=49438"}],"wp:term":[{"taxonomy":"category","embeddable":true,"href":"https:\/\/www.enerjigazetesi.ist\/en\/wp-json\/wp\/v2\/categories?post=49438"},{"taxonomy":"post_tag","embeddable":true,"href":"https:\/\/www.enerjigazetesi.ist\/en\/wp-json\/wp\/v2\/tags?post=49438"}],"curies":[{"name":"wp","href":"https:\/\/api.w.org\/{rel}","templated":true}]}}