{"id":49411,"date":"2016-01-22T18:55:32","date_gmt":"2016-01-22T15:55:32","guid":{"rendered":"https:\/\/www.enerjigazetesi.ist\/?p=49411"},"modified":"2016-01-22T18:55:32","modified_gmt":"2016-01-22T15:55:32","slug":"turkiye-dogalgazda-al-ya-da-ode-sisteminden-zarar-etmedi","status":"publish","type":"post","link":"https:\/\/www.enerjigazetesi.ist\/en\/turkiye-dogalgazda-al-ya-da-ode-sisteminden-zarar-etmedi\/","title":{"rendered":"(Turkish) \u201cT\u00fcrkiye Do\u011falgazda \u2018Al Ya Da \u00d6de\u2019 Sisteminden Zarar Etmedi!\u201d"},"content":{"rendered":"<p class=\"qtranxs-available-languages-message qtranxs-available-languages-message-en\">Sorry, this entry is only available in <a href=\"https:\/\/www.enerjigazetesi.ist\/tr\/wp-json\/wp\/v2\/posts\/49411\" class=\"qtranxs-available-language-link qtranxs-available-language-link-tr\" title=\"Turkish\">Turkish<\/a>. For the sake of viewer convenience, the content is shown below in the alternative language. You may click the link to switch the active language.<\/p><p><\/p>\n<p style=\"color: #0a0a0a;\"><strong>T\u00fcrkiye\u2019nin, her y\u0131l kullanmay\u0131 vadetti\u011fi kadar do\u011falgaz\u0131 Rusya, \u0130ran ve Azerbaycan\u2019dan alarak \u00f6demeyi tamamlad\u0131\u011f\u0131 a\u00e7\u0131kland\u0131.<\/strong><span id=\"more-75646\"><\/span><\/p>\n<p style=\"color: #0a0a0a;\">T\u00fcrkiye\u2019nin do\u011falgaz al\u0131m\u0131 anla\u015fm<a href=\"https:\/\/www.enerjigazetesi.ist\/wp-content\/uploads\/2016\/01\/turkiye-dogalgazda-al-ya-da-ode-sisteminden-zarar-etmedi.jpg\"><img loading=\"lazy\" class=\"alignleft size-medium wp-image-49412\" src=\"https:\/\/www.enerjigazetesi.ist\/wp-content\/uploads\/2016\/01\/turkiye-dogalgazda-al-ya-da-ode-sisteminden-zarar-etmedi-300x165.jpg\" alt=\"turkiye-dogalgazda-al-ya-da-ode-sisteminden-zarar-etmedi\" width=\"300\" height=\"165\" srcset=\"https:\/\/www.enerjigazetesi.ist\/wp-content\/uploads\/2016\/01\/turkiye-dogalgazda-al-ya-da-ode-sisteminden-zarar-etmedi-300x165.jpg 300w, https:\/\/www.enerjigazetesi.ist\/wp-content\/uploads\/2016\/01\/turkiye-dogalgazda-al-ya-da-ode-sisteminden-zarar-etmedi-500x276.jpg 500w, https:\/\/www.enerjigazetesi.ist\/wp-content\/uploads\/2016\/01\/turkiye-dogalgazda-al-ya-da-ode-sisteminden-zarar-etmedi-80x44.jpg 80w, https:\/\/www.enerjigazetesi.ist\/wp-content\/uploads\/2016\/01\/turkiye-dogalgazda-al-ya-da-ode-sisteminden-zarar-etmedi.jpg 696w\" sizes=\"(max-width: 300px) 100vw, 300px\" \/><\/a>alar\u0131 kapsam\u0131nda, \u201cal ya da \u00f6de\u201d sisteminden hi\u00e7bir zarar etmedi\u011fi a\u00e7\u0131kland\u0131.<\/p>\n<p style=\"color: #0a0a0a;\">Konuyla ilgili a\u00e7\u0131klama yapan Enerji ve Tabii Kaynaklar Bakanl\u0131\u011f\u0131 yetkilileri, bu konunun zaman zaman spek\u00fcle edildi\u011fini ifade ederek \u015fu noktay\u0131 vurgulad\u0131lar: \u201cT\u00fcrkiye, her y\u0131l kullanmay\u0131 vaat etti\u011fi kadar do\u011falgaz\u0131 Rusya, \u0130ran ve Azerbaycan\u2019dan alarak \u00f6de\u015fmeyi tamamlad\u0131.\u201d \u00dclkeler aras\u0131 yap\u0131lan bu tip enerji anla\u015fmalar\u0131nda sabit al\u0131m garantisi istenmesinin normal oldu\u011funu hat\u0131rlatan bakanl\u0131k yetkilileri, b\u00fcy\u00fck yat\u0131r\u0131mlarda \u201cal ya da \u00f6de\u201d ilkesinin ge\u00e7erli\u011finin olmas\u0131n\u0131n T\u00fcrkiye i\u00e7in bir zarar konusu olmad\u0131\u011f\u0131n\u0131 belirtti. \u201cT\u00fcrkiye almad\u0131\u011f\u0131 gaz\u0131n paras\u0131n\u0131 \u00f6dedi\u201d yolundaki haberlerin do\u011fru olmad\u0131\u011f\u0131n\u0131 ifade eden yetkililer, \u201c2008-2010 y\u0131llar\u0131nda ya\u015fanan k\u00fcresel ekonomik kriz sebebiyle sat\u0131n al\u0131nmay\u0131 taahh\u00fct etti\u011fi miktar\u0131n\u0131n alt\u0131nda \u00e7ekilen gaz, sonraki d\u00f6nemde tamamland\u0131\u201d dedi.<\/p>\n<p style=\"color: #0a0a0a;\">Kaynak: Enerji Enstit\u00fcs\u00fc<\/p>\n<p><\/p>","protected":false},"excerpt":{"rendered":"<p>Sorry, this entry is only available in Turkish. For the sake of viewer convenience, the content is shown below in the alternative language. You may click the link to switch the active language. T\u00fcrkiye\u2019nin, her y\u0131l kullanmay\u0131 vadetti\u011fi kadar do\u011falgaz\u0131 Rusya, \u0130ran ve Azerbaycan\u2019dan alarak \u00f6demeyi tamamlad\u0131\u011f\u0131 a\u00e7\u0131kland\u0131. T\u00fcrkiye\u2019nin do\u011falgaz al\u0131m\u0131 anla\u015fmalar\u0131 kapsam\u0131nda, \u201cal ya [&hellip;]<\/p>\n","protected":false},"author":1,"featured_media":49412,"comment_status":"open","ping_status":"open","sticky":false,"template":"","format":"standard","meta":[],"categories":[46,53],"tags":[28095,4319,92,28096,226,19761,2092,2677,63,67,1009,2698,165,1333,885,846],"views":784,"_links":{"self":[{"href":"https:\/\/www.enerjigazetesi.ist\/en\/wp-json\/wp\/v2\/posts\/49411"}],"collection":[{"href":"https:\/\/www.enerjigazetesi.ist\/en\/wp-json\/wp\/v2\/posts"}],"about":[{"href":"https:\/\/www.enerjigazetesi.ist\/en\/wp-json\/wp\/v2\/types\/post"}],"author":[{"embeddable":true,"href":"https:\/\/www.enerjigazetesi.ist\/en\/wp-json\/wp\/v2\/users\/1"}],"replies":[{"embeddable":true,"href":"https:\/\/www.enerjigazetesi.ist\/en\/wp-json\/wp\/v2\/comments?post=49411"}],"version-history":[{"count":1,"href":"https:\/\/www.enerjigazetesi.ist\/en\/wp-json\/wp\/v2\/posts\/49411\/revisions"}],"predecessor-version":[{"id":49413,"href":"https:\/\/www.enerjigazetesi.ist\/en\/wp-json\/wp\/v2\/posts\/49411\/revisions\/49413"}],"wp:featuredmedia":[{"embeddable":true,"href":"https:\/\/www.enerjigazetesi.ist\/en\/wp-json\/wp\/v2\/media\/49412"}],"wp:attachment":[{"href":"https:\/\/www.enerjigazetesi.ist\/en\/wp-json\/wp\/v2\/media?parent=49411"}],"wp:term":[{"taxonomy":"category","embeddable":true,"href":"https:\/\/www.enerjigazetesi.ist\/en\/wp-json\/wp\/v2\/categories?post=49411"},{"taxonomy":"post_tag","embeddable":true,"href":"https:\/\/www.enerjigazetesi.ist\/en\/wp-json\/wp\/v2\/tags?post=49411"}],"curies":[{"name":"wp","href":"https:\/\/api.w.org\/{rel}","templated":true}]}}