{"id":49404,"date":"2016-01-22T18:47:11","date_gmt":"2016-01-22T15:47:11","guid":{"rendered":"https:\/\/www.enerjigazetesi.ist\/?p=49404"},"modified":"2016-01-22T18:47:28","modified_gmt":"2016-01-22T15:47:28","slug":"kanada-ile-turkiye-nukleer-santraller-icin-isbirligi-anlasmasi-imzaladi","status":"publish","type":"post","link":"https:\/\/www.enerjigazetesi.ist\/en\/kanada-ile-turkiye-nukleer-santraller-icin-isbirligi-anlasmasi-imzaladi\/","title":{"rendered":"(Turkish) Kanada \u0130le T\u00fcrkiye N\u00fckleer Santraller \u0130\u00e7in \u0130\u015fbirli\u011fi Anla\u015fmas\u0131 \u0130mzalad\u0131!"},"content":{"rendered":"<p class=\"qtranxs-available-languages-message qtranxs-available-languages-message-en\">Sorry, this entry is only available in <a href=\"https:\/\/www.enerjigazetesi.ist\/tr\/wp-json\/wp\/v2\/posts\/49404\" class=\"qtranxs-available-language-link qtranxs-available-language-link-tr\" title=\"Turkish\">Turkish<\/a>. For the sake of viewer convenience, the content is shown below in the alternative language. You may click the link to switch the active language.<\/p><p><\/p>\n<p style=\"color: #0a0a0a;\"><strong>T\u00fcrkiye N\u00fckleer Sanayi Derne\u011fi ile Kanada N\u00fckleer Tedarik\u00e7iler Toplulu\u011fu, III. Uluslararas\u0131 N\u00fckleer Santraller Zirvesi \u00f6ncesinde sekt\u00f6r i\u00e7in \u00f6nemli bir i\u015f birli\u011fi anla\u015fmas\u0131na imza att\u0131.<\/strong><span id=\"more-75641\"><\/span><\/p>\n<p style=\"color: #0a0a0a;\">Anla\u015fma kapsam\u0131nda; T\u00fcrki<a href=\"https:\/\/www.enerjigazetesi.ist\/wp-content\/uploads\/2016\/01\/kanada-ile-turkiye-nukleer-santraller-icin-isbirligi-anlasmasi-imzaladi.jpg\"><img loading=\"lazy\" class=\"alignleft size-medium wp-image-49405\" src=\"https:\/\/www.enerjigazetesi.ist\/wp-content\/uploads\/2016\/01\/kanada-ile-turkiye-nukleer-santraller-icin-isbirligi-anlasmasi-imzaladi-300x165.jpg\" alt=\"kanada-ile-turkiye-nukleer-santraller-icin-isbirligi-anlasmasi-imzaladi\" width=\"300\" height=\"165\" srcset=\"https:\/\/www.enerjigazetesi.ist\/wp-content\/uploads\/2016\/01\/kanada-ile-turkiye-nukleer-santraller-icin-isbirligi-anlasmasi-imzaladi-300x165.jpg 300w, https:\/\/www.enerjigazetesi.ist\/wp-content\/uploads\/2016\/01\/kanada-ile-turkiye-nukleer-santraller-icin-isbirligi-anlasmasi-imzaladi-500x276.jpg 500w, https:\/\/www.enerjigazetesi.ist\/wp-content\/uploads\/2016\/01\/kanada-ile-turkiye-nukleer-santraller-icin-isbirligi-anlasmasi-imzaladi-80x44.jpg 80w, https:\/\/www.enerjigazetesi.ist\/wp-content\/uploads\/2016\/01\/kanada-ile-turkiye-nukleer-santraller-icin-isbirligi-anlasmasi-imzaladi.jpg 696w\" sizes=\"(max-width: 300px) 100vw, 300px\" \/><\/a>ye, Kanada ve geli\u015fen Ortado\u011fu ve Afrika co\u011frafyas\u0131 ba\u015fta olmak \u00fczere di\u011fer \u00fclkelerdeki n\u00fckleer santral projelerindeki f\u0131rsatlar g\u00f6zetilecek ve \u00fcye firmalar\u0131n birlikte hareket etmesi sa\u011flanacak.<\/p>\n<p style=\"color: #0a0a0a;\"><strong>\u0130novatif n\u00fckleer i\u015f f\u0131rsatlar\u0131 i\u00e7in Kanada ve T\u00fcrkiye birlikte \u00e7al\u0131\u015facak<\/strong><\/p>\n<p style=\"color: #0a0a0a;\">\u0130ki \u00fclkenin n\u00fckleer end\u00fcstri dernekleri aras\u0131nda imzalanan anla\u015fma \u00f6zellikle T\u00fcrkiye\u2019de n\u00fckleer sanayi sekt\u00f6r\u00fcn\u00fcn geli\u015fmesine arac\u0131l\u0131k edecek. Anla\u015fmaya g\u00f6re; T\u00fcrkiye, Kanada ya da birlikte y\u00fcr\u00fct\u00fclebilecek bir di\u011fer \u00fclkede bas\u0131n\u00e7l\u0131 su reakt\u00f6rleri, a\u011f\u0131r su reakt\u00f6rleri ve k\u00fc\u00e7\u00fck mod\u00fcler reakt\u00f6rlerin ortak geli\u015ftirilmesi, tasar\u0131m, test, lisanslama ve in\u015faat s\u00fcre\u00e7lerinde inovatif i\u015f birli\u011fi f\u0131rsatlar\u0131 g\u00f6zetilecek.<\/p>\n<p style=\"color: #0a0a0a;\"><strong>T\u00fcrk \u00f6\u011frenciler i\u00e7in Kanada\u2019da n\u00fckleeri \u00f6\u011frenme f\u0131rsat\u0131<\/strong><\/p>\n<p style=\"color: #0a0a0a;\">Anla\u015fma, \u00f6\u011frenciler i\u00e7in de f\u0131rsat sa\u011flamay\u0131 hedefliyor. Kanada ve T\u00fcrkiye\u2019deki \u00fcniversiteler aras\u0131nda Ar-Ge ve e\u011fitim f\u0131rsatlar\u0131 de\u011ferlendirilecek. Ayr\u0131ca d\u00fczenlenmesi planlanan seminer ve workshop\u2019lar arac\u0131l\u0131\u011f\u0131yla da T\u00fcrk ve Kanadal\u0131 firmalar\u0131n kar\u015f\u0131l\u0131kl\u0131 bilgi payla\u015f\u0131m\u0131nda bulunmalar\u0131 ve f\u0131rsatlar\u0131 de\u011ferlendirmeleri \u00f6ng\u00f6r\u00fcl\u00fcyor.<\/p>\n<p style=\"color: #0a0a0a;\"><strong>T\u00fcrk n\u00fckleer sanayiye yeni bir vizyon<\/strong><\/p>\n<p style=\"color: #0a0a0a;\">Anla\u015fmay\u0131 de\u011ferlendiren N\u00fckleer Sanayi Derne\u011fi Kurucu Genel Sekreteri Koray Tuncer \u015fu bilgileri verdi: \u201cT\u00fcrkiye n\u00fckleer politikas\u0131nda g\u00f6sterdi\u011fi kararl\u0131l\u0131k ile enerji karmas\u0131n\u0131 g\u00fc\u00e7lendiriyor ve bu kararl\u0131l\u0131k \u00f6zellikle b\u00f6lgedeki di\u011fer \u00fclkelere de \u00f6rnek oluyor. Kanada ise n\u00fckleer konusunda yola erken \u00e7\u0131kan \u00fclkelerin ba\u015f\u0131nda geliyor. 180\u2019den fazla n\u00fckleer sanayi ile ilgili firman\u0131n \u00fcye oldu\u011fu Kanada N\u00fckleer Tedarik\u00e7iler Toplulu\u011fu ile yapt\u0131\u011f\u0131m\u0131z bu anla\u015fma T\u00fcrkiye\u2019nin n\u00fckleer santral end\u00fcstrisindeki vizyonuna katma de\u011fer sa\u011flayacak.\u201d<\/p>\n<p style=\"color: #0a0a0a;\"><strong>N\u00fckleer Zirve\u2019de anla\u015fman\u0131n detaylar\u0131 g\u00f6r\u00fc\u015f\u00fclecek<\/strong><\/p>\n<p style=\"color: #0a0a0a;\">Anla\u015fman\u0131n detaylar\u0131, 8-9 Mart 2016 tarihlerinde \u0130stanbul WOW Convention Center\u2019da d\u00fczenlenecek III. Uluslararas\u0131 N\u00fckleer Santraller Zirvesi\u2019nde konu\u015fulacak. G\u00fcneydo\u011fu Avrupa ve Ortado\u011fu\u2019nun en b\u00fcy\u00fck n\u00fckleer etkinli\u011fi olan Uluslararas\u0131 N\u00fckleer Santraller Zirvesi, Kanada N\u00fckleer Tedarik\u00e7iler Toplulu\u011fu ile y\u00fcr\u00fct\u00fclecek seminer programlar\u0131n\u0131n da ilkine ev sahipli\u011fi yapacak.<\/p>\n<p style=\"color: #0a0a0a;\">Kaynak: B\u00fcltenler<\/p>\n<p><\/p>","protected":false},"excerpt":{"rendered":"<p>Sorry, this entry is only available in Turkish. For the sake of viewer convenience, the content is shown below in the alternative language. You may click the link to switch the active language. T\u00fcrkiye N\u00fckleer Sanayi Derne\u011fi ile Kanada N\u00fckleer Tedarik\u00e7iler Toplulu\u011fu, III. Uluslararas\u0131 N\u00fckleer Santraller Zirvesi \u00f6ncesinde sekt\u00f6r i\u00e7in \u00f6nemli bir i\u015f birli\u011fi anla\u015fmas\u0131na [&hellip;]<\/p>\n","protected":false},"author":1,"featured_media":49405,"comment_status":"open","ping_status":"open","sticky":false,"template":"","format":"standard","meta":[],"categories":[53,43],"tags":[63,67,1009,2698,165,28090,28091,28092,71,3372,21,25480,23614,1597,2973,28093],"views":1183,"_links":{"self":[{"href":"https:\/\/www.enerjigazetesi.ist\/en\/wp-json\/wp\/v2\/posts\/49404"}],"collection":[{"href":"https:\/\/www.enerjigazetesi.ist\/en\/wp-json\/wp\/v2\/posts"}],"about":[{"href":"https:\/\/www.enerjigazetesi.ist\/en\/wp-json\/wp\/v2\/types\/post"}],"author":[{"embeddable":true,"href":"https:\/\/www.enerjigazetesi.ist\/en\/wp-json\/wp\/v2\/users\/1"}],"replies":[{"embeddable":true,"href":"https:\/\/www.enerjigazetesi.ist\/en\/wp-json\/wp\/v2\/comments?post=49404"}],"version-history":[{"count":2,"href":"https:\/\/www.enerjigazetesi.ist\/en\/wp-json\/wp\/v2\/posts\/49404\/revisions"}],"predecessor-version":[{"id":49407,"href":"https:\/\/www.enerjigazetesi.ist\/en\/wp-json\/wp\/v2\/posts\/49404\/revisions\/49407"}],"wp:featuredmedia":[{"embeddable":true,"href":"https:\/\/www.enerjigazetesi.ist\/en\/wp-json\/wp\/v2\/media\/49405"}],"wp:attachment":[{"href":"https:\/\/www.enerjigazetesi.ist\/en\/wp-json\/wp\/v2\/media?parent=49404"}],"wp:term":[{"taxonomy":"category","embeddable":true,"href":"https:\/\/www.enerjigazetesi.ist\/en\/wp-json\/wp\/v2\/categories?post=49404"},{"taxonomy":"post_tag","embeddable":true,"href":"https:\/\/www.enerjigazetesi.ist\/en\/wp-json\/wp\/v2\/tags?post=49404"}],"curies":[{"name":"wp","href":"https:\/\/api.w.org\/{rel}","templated":true}]}}