{"id":49250,"date":"2016-01-18T14:21:34","date_gmt":"2016-01-18T11:21:34","guid":{"rendered":"https:\/\/www.enerjigazetesi.ist\/?p=49250"},"modified":"2016-01-18T14:21:34","modified_gmt":"2016-01-18T11:21:34","slug":"israil-akdenizde-yeni-bir-dogalgaz-alani-buldu","status":"publish","type":"post","link":"https:\/\/www.enerjigazetesi.ist\/en\/israil-akdenizde-yeni-bir-dogalgaz-alani-buldu\/","title":{"rendered":"(Turkish) \u0130srail Akdeniz\u2019de Yeni Bir Do\u011falgaz Alan\u0131 Buldu&#8230;"},"content":{"rendered":"<p class=\"qtranxs-available-languages-message qtranxs-available-languages-message-en\">Sorry, this entry is only available in <a href=\"https:\/\/www.enerjigazetesi.ist\/tr\/wp-json\/wp\/v2\/posts\/49250\" class=\"qtranxs-available-language-link qtranxs-available-language-link-tr\" title=\"Turkish\">Turkish<\/a>. For the sake of viewer convenience, the content is shown below in the alternative language. You may click the link to switch the active language.<\/p><p><\/p>\n<p style=\"color: #0a0a0a;\"><strong>\u0130ki \u0130srail \u015firketinin Akdeniz\u2019de yeni bir do\u011falgaz alan\u0131 buldu\u011fu bildirildi. \u0130srail \u0130brani radyosunun haberine g\u00f6re, \u0130srailli Isramco ve Modiin \u015firketleri Akdeniz\u2019de Tamar b\u00f6lgesinde y\u00fcksek rezervli bir do\u011falgaz alan\u0131 buldu.<a href=\"https:\/\/www.enerjigazetesi.ist\/wp-content\/uploads\/2016\/01\/israil-akdenizde-yeni-bir-dogalgaz-alani-buldu.jpg\"><img loading=\"lazy\" class=\"alignleft size-medium wp-image-49251\" src=\"https:\/\/www.enerjigazetesi.ist\/wp-content\/uploads\/2016\/01\/israil-akdenizde-yeni-bir-dogalgaz-alani-buldu-300x165.jpg\" alt=\"israil-akdenizde-yeni-bir-dogalgaz-alani-buldu\" width=\"300\" height=\"165\" srcset=\"https:\/\/www.enerjigazetesi.ist\/wp-content\/uploads\/2016\/01\/israil-akdenizde-yeni-bir-dogalgaz-alani-buldu-300x165.jpg 300w, https:\/\/www.enerjigazetesi.ist\/wp-content\/uploads\/2016\/01\/israil-akdenizde-yeni-bir-dogalgaz-alani-buldu-500x276.jpg 500w, https:\/\/www.enerjigazetesi.ist\/wp-content\/uploads\/2016\/01\/israil-akdenizde-yeni-bir-dogalgaz-alani-buldu-80x44.jpg 80w, https:\/\/www.enerjigazetesi.ist\/wp-content\/uploads\/2016\/01\/israil-akdenizde-yeni-bir-dogalgaz-alani-buldu.jpg 696w\" sizes=\"(max-width: 300px) 100vw, 300px\" \/><\/a><\/strong><\/p>\n<p style=\"color: #0a0a0a;\">Haberde \u015firketlerin \u201cTamar-2\u201d ad\u0131n\u0131 verdikleri b\u00f6lgeden 8,9 trilyon metrek\u00fcp do\u011falgaz rezervi bekledi\u011fi belirtildi.<\/p>\n<p style=\"color: #0a0a0a;\">Bulunan yeni do\u011falgaz alan\u0131n\u0131n \u0130srail\u2019de Leviathan-1, Leviathan-2, Tamar-1, Tamar-2, Sarah-Mira, Mari, Kari, Shemen do\u011falgaz alanlar\u0131 ile birlikte 8\u2019inci do\u011falgaz alan\u0131 oldu\u011fu belirtiliyor .<\/p>\n<p style=\"color: #0a0a0a;\">\u0130srail son bir y\u0131ld\u0131r kendi karasular\u0131 i\u00e7inde do\u011falgaz arama faaliyetlerine h\u0131z vermi\u015fti.<\/p>\n<p style=\"color: #0a0a0a;\">Kaynak: Enerji Enstit\u00fcs\u00fc<\/p>\n<p><\/p>","protected":false},"excerpt":{"rendered":"<p>Sorry, this entry is only available in Turkish. For the sake of viewer convenience, the content is shown below in the alternative language. You may click the link to switch the active language. \u0130ki \u0130srail \u015firketinin Akdeniz\u2019de yeni bir do\u011falgaz alan\u0131 buldu\u011fu bildirildi. \u0130srail \u0130brani radyosunun haberine g\u00f6re, \u0130srailli Isramco ve Modiin \u015firketleri Akdeniz\u2019de Tamar [&hellip;]<\/p>\n","protected":false},"author":1,"featured_media":49251,"comment_status":"open","ping_status":"open","sticky":false,"template":"","format":"standard","meta":[],"categories":[46,53],"tags":[92,226,19761,2092,2677,63,67,1009,2698,165],"views":605,"_links":{"self":[{"href":"https:\/\/www.enerjigazetesi.ist\/en\/wp-json\/wp\/v2\/posts\/49250"}],"collection":[{"href":"https:\/\/www.enerjigazetesi.ist\/en\/wp-json\/wp\/v2\/posts"}],"about":[{"href":"https:\/\/www.enerjigazetesi.ist\/en\/wp-json\/wp\/v2\/types\/post"}],"author":[{"embeddable":true,"href":"https:\/\/www.enerjigazetesi.ist\/en\/wp-json\/wp\/v2\/users\/1"}],"replies":[{"embeddable":true,"href":"https:\/\/www.enerjigazetesi.ist\/en\/wp-json\/wp\/v2\/comments?post=49250"}],"version-history":[{"count":1,"href":"https:\/\/www.enerjigazetesi.ist\/en\/wp-json\/wp\/v2\/posts\/49250\/revisions"}],"predecessor-version":[{"id":49252,"href":"https:\/\/www.enerjigazetesi.ist\/en\/wp-json\/wp\/v2\/posts\/49250\/revisions\/49252"}],"wp:featuredmedia":[{"embeddable":true,"href":"https:\/\/www.enerjigazetesi.ist\/en\/wp-json\/wp\/v2\/media\/49251"}],"wp:attachment":[{"href":"https:\/\/www.enerjigazetesi.ist\/en\/wp-json\/wp\/v2\/media?parent=49250"}],"wp:term":[{"taxonomy":"category","embeddable":true,"href":"https:\/\/www.enerjigazetesi.ist\/en\/wp-json\/wp\/v2\/categories?post=49250"},{"taxonomy":"post_tag","embeddable":true,"href":"https:\/\/www.enerjigazetesi.ist\/en\/wp-json\/wp\/v2\/tags?post=49250"}],"curies":[{"name":"wp","href":"https:\/\/api.w.org\/{rel}","templated":true}]}}