{"id":49219,"date":"2016-01-17T16:48:39","date_gmt":"2016-01-17T13:48:39","guid":{"rendered":"https:\/\/www.enerjigazetesi.ist\/?p=49219"},"modified":"2016-01-17T16:48:39","modified_gmt":"2016-01-17T13:48:39","slug":"brisaya-enerji-verimli-endustriyel-tesis-odulu","status":"publish","type":"post","link":"https:\/\/www.enerjigazetesi.ist\/en\/brisaya-enerji-verimli-endustriyel-tesis-odulu\/","title":{"rendered":"(Turkish) Brisa\u2019ya \u201cEnerji Verimli End\u00fcstriyel Tesis\u201d \u00d6d\u00fcl\u00fc!"},"content":{"rendered":"<p class=\"qtranxs-available-languages-message qtranxs-available-languages-message-en\">Sorry, this entry is only available in <a href=\"https:\/\/www.enerjigazetesi.ist\/tr\/wp-json\/wp\/v2\/posts\/49219\" class=\"qtranxs-available-language-link qtranxs-available-language-link-tr\" title=\"Turkish\">Turkish<\/a>. For the sake of viewer convenience, the content is shown below in the alternative language. You may click the link to switch the active language.<\/p><p><\/p>\n<p style=\"color: #363636;\"><strong>T\u00fcrkiye\u2019nin lastik pazar\u0131 lideri olan Brisa, enerji verimlili\u011fi alan\u0131nda yapt\u0131\u011f\u0131 \u00e7al\u0131\u015fmalarla Enerji ve Tabii Kaynaklar Bakanl\u0131\u011f\u0131 taraf\u0131ndan \u00f6d\u00fcle lay\u0131k g\u00f6r\u00fcld\u00fc. Brisa, bu sene 16.s\u0131 d\u00fczenlenen \u201cSanayide Enerji Verimlili\u011fi Proje Yar\u0131\u015fmas\u0131\u201dnda, son \u00fc\u00e7 y\u0131lda yapt\u0131\u011f\u0131 enerji verimlili\u011fi \u00e7al\u0131\u015fmalar\u0131yla birincilik \u00f6d\u00fcl\u00fcne lay\u0131k g\u00f6r\u00fcld\u00fc.<\/strong><\/p>\n<p style=\"color: #363636;\">Bridgestone ve Lassa markalar\u0131 ile T\u00fcrkiye lastik pazar\u0131 lideri ve Avrupa\u2019n\u0131n yedinci b\u00fcy\u00fck lastik \u00fcreticisi Brisa, enerji verimlili\u011fi alan\u0131nda y\u00fcr\u00fct<a href=\"https:\/\/www.enerjigazetesi.ist\/wp-content\/uploads\/2016\/01\/brisaya-enerji-verimli-endustriyel-tesis-odulu.jpg\"><img loading=\"lazy\" class=\"alignleft  wp-image-49220\" src=\"https:\/\/www.enerjigazetesi.ist\/wp-content\/uploads\/2016\/01\/brisaya-enerji-verimli-endustriyel-tesis-odulu.jpg\" alt=\"brisaya-enerji-verimli-endustriyel-tesis-odulu\" width=\"300\" height=\"241\" \/><\/a>t\u00fc\u011f\u00fc \u00e7al\u0131\u015fmalarla Enerji ve Tabii Kaynaklar Bakanl\u0131\u011f\u0131 taraf\u0131ndan \u00f6d\u00fcle lay\u0131k g\u00f6r\u00fcld\u00fc. S\u00fcrd\u00fcr\u00fclebilirli\u011fi temel \u015firket prensipleri aras\u0131nda g\u00f6ren ve t\u00fcm i\u015f s\u00fcre\u00e7lerinde uygulayan Brisa, 2012-2014 y\u0131llar\u0131 aras\u0131nda ortalama %34 oran\u0131nda enerji yo\u011funlu\u011fu tasarrufu sa\u011flayarak Enerji ve Tabi Kaynaklar Bakanl\u0131\u011f\u0131 taraf\u0131ndan bu sene 16.s\u0131 d\u00fczenlenen \u201cSanayide Enerji Verimlili\u011fi Proje Yar\u0131\u015fmas\u0131\u201dnda, \u201cEnerji Verimli End\u00fcstriyel Tesis\u201d kategorisinde, kau\u00e7uk ve plastik \u00fcr\u00fcnler alt sekt\u00f6r\u00fcnde birincilik \u00f6d\u00fcl\u00fcn\u00fcn sahibi oldu.<\/p>\n<p style=\"color: #363636;\">Brisa ad\u0131na \u00f6d\u00fcl\u00fc Enerji ve Tabii Kaynaklar Bakan\u0131 Say\u0131n Dr. Berat Albayrak\u2019\u0131n elinden alan Brisa Yard\u0131mc\u0131 \u0130\u015fletmeler M\u00fcd\u00fcr\u00fc Bayram Etkar, \u201cBrisa olarak, ekonomik, sosyal ve \u00e7evresel konulardaki faaliyetlerimizi hen\u00fcz uygulamaya ba\u015flamadan s\u00fcrd\u00fcr\u00fclebilirlik temeli \u00fczerinden d\u00fc\u015f\u00fcnmeye ba\u015fl\u0131yoruz. Bu kapsamda, \u00fcretim s\u00fcre\u00e7lerimizi ve operasyonlar\u0131m\u0131z\u0131 da devaml\u0131 olarak iyile\u015ftirme \u00e7al\u0131\u015fmalar\u0131 yap\u0131yor ve \u00e7evreye verdi\u011fimiz zarar\u0131 en aza indirgemeye \u00e7al\u0131\u015f\u0131yoruz. \u00d6rne\u011fin; 2014 y\u0131l\u0131nda, tehlikeli at\u0131k miktar\u0131m\u0131z\u0131 2010 y\u0131l\u0131na g\u00f6re %31 azaltt\u0131k. Enerji ve do\u011fal kaynak kullan\u0131m\u0131n\u0131 azaltmaya y\u00f6nelik verimlilik projeleri ile \u00fcretimde ton ba\u015f\u0131na enerji tasarrufunu 2008 y\u0131l\u0131na g\u00f6re 12 kat art\u0131rd\u0131k. Su t\u00fcketiminde ise 2008\u2019e g\u00f6re %52 oran\u0131nda d\u00fc\u015f\u00fc\u015f sa\u011flad\u0131k. \u00dcretimde ton ba\u015f\u0131na toplam karbon sal\u0131m\u0131n\u0131 ise 2005 y\u0131l\u0131na k\u0131yasla %12,5 azaltt\u0131k.\u201d dedi.<\/p>\n<p style=\"color: #363636;\">Bu \u00f6d\u00fcl\u00fcn Brisa\u2019n\u0131n s\u00fcrd\u00fcr\u00fclebilirlik alan\u0131nda yapt\u0131\u011f\u0131 \u00e7al\u0131\u015fmalar\u0131 ta\u00e7land\u0131rd\u0131\u011f\u0131n\u0131 belirten Etkar, \u201cEkonomik, \u00e7evresel ve sosyal s\u00fcrd\u00fcr\u00fclebilirlik performans\u0131m\u0131z\u0131 \u015feffaf bir \u015fekilde 2012 y\u0131l\u0131ndan bug\u00fcne her y\u0131l d\u00fczenli olarak kamuoyuyla ve t\u00fcm payda\u015flar\u0131m\u0131zla payla\u015f\u0131yoruz. Her y\u0131l hedeflerimizi b\u00fcy\u00fcterek, daha s\u00fcrd\u00fcr\u00fclebilir bir d\u00fcnya ve T\u00fcrkiye ekonomisine hizmet etmeyi hedefliyoruz. S\u00fcrd\u00fcr\u00fclebilirlik yolculu\u011fumuzda \u00f6n\u00fcm\u00fczdeki y\u0131llarda da sosyal sorumluluk ve biyo\u00e7e\u015fitlilik projelerimize devam etmeyi, kamu kurulu\u015flar\u0131na ve sivil inisiyatiflere deste\u011fimizi s\u00fcrd\u00fcrmeyi, e\u011fitim ve spora katk\u0131m\u0131z\u0131 devam ettirmeyi, payda\u015f ileti\u015fimi ve geri bildirim y\u00f6ntemlerimizi geli\u015ftirerek daha sistematik ili\u015fkiler kurmay\u0131 hedefliyoruz. Enerji ve Tabii Kaynaklar Bakanl\u0131\u011f\u0131 taraf\u0131ndan b\u00f6yle bir \u00f6d\u00fcle lay\u0131k g\u00f6r\u00fclmek, bu alanda yapt\u0131\u011f\u0131m\u0131z \u00e7al\u0131\u015fmalar\u0131n fark edilmesi a\u00e7\u0131s\u0131ndan bizi \u00e7ok mutlu etti\u201d \u015feklinde konu\u015ftu.<\/p>\n<p style=\"color: #363636;\">Kaynak: B\u00fcltenler<\/p>\n<p><\/p>","protected":false},"excerpt":{"rendered":"<p>Sorry, this entry is only available in Turkish. For the sake of viewer convenience, the content is shown below in the alternative language. You may click the link to switch the active language. T\u00fcrkiye\u2019nin lastik pazar\u0131 lideri olan Brisa, enerji verimlili\u011fi alan\u0131nda yapt\u0131\u011f\u0131 \u00e7al\u0131\u015fmalarla Enerji ve Tabii Kaynaklar Bakanl\u0131\u011f\u0131 taraf\u0131ndan \u00f6d\u00fcle lay\u0131k g\u00f6r\u00fcld\u00fc. Brisa, bu [&hellip;]<\/p>\n","protected":false},"author":1,"featured_media":49220,"comment_status":"open","ping_status":"open","sticky":false,"template":"","format":"standard","meta":[],"categories":[53,52],"tags":[21701,63,67,1009,2698,165,12,487,12036,793],"views":972,"_links":{"self":[{"href":"https:\/\/www.enerjigazetesi.ist\/en\/wp-json\/wp\/v2\/posts\/49219"}],"collection":[{"href":"https:\/\/www.enerjigazetesi.ist\/en\/wp-json\/wp\/v2\/posts"}],"about":[{"href":"https:\/\/www.enerjigazetesi.ist\/en\/wp-json\/wp\/v2\/types\/post"}],"author":[{"embeddable":true,"href":"https:\/\/www.enerjigazetesi.ist\/en\/wp-json\/wp\/v2\/users\/1"}],"replies":[{"embeddable":true,"href":"https:\/\/www.enerjigazetesi.ist\/en\/wp-json\/wp\/v2\/comments?post=49219"}],"version-history":[{"count":1,"href":"https:\/\/www.enerjigazetesi.ist\/en\/wp-json\/wp\/v2\/posts\/49219\/revisions"}],"predecessor-version":[{"id":49221,"href":"https:\/\/www.enerjigazetesi.ist\/en\/wp-json\/wp\/v2\/posts\/49219\/revisions\/49221"}],"wp:featuredmedia":[{"embeddable":true,"href":"https:\/\/www.enerjigazetesi.ist\/en\/wp-json\/wp\/v2\/media\/49220"}],"wp:attachment":[{"href":"https:\/\/www.enerjigazetesi.ist\/en\/wp-json\/wp\/v2\/media?parent=49219"}],"wp:term":[{"taxonomy":"category","embeddable":true,"href":"https:\/\/www.enerjigazetesi.ist\/en\/wp-json\/wp\/v2\/categories?post=49219"},{"taxonomy":"post_tag","embeddable":true,"href":"https:\/\/www.enerjigazetesi.ist\/en\/wp-json\/wp\/v2\/tags?post=49219"}],"curies":[{"name":"wp","href":"https:\/\/api.w.org\/{rel}","templated":true}]}}