{"id":49199,"date":"2016-01-16T19:51:07","date_gmt":"2016-01-16T16:51:07","guid":{"rendered":"https:\/\/www.enerjigazetesi.ist\/?p=49199"},"modified":"2016-01-16T19:51:07","modified_gmt":"2016-01-16T16:51:07","slug":"verimlilik-fuarinda-enerji-verimliligi-finansman-modelleri-konusuldu","status":"publish","type":"post","link":"https:\/\/www.enerjigazetesi.ist\/en\/verimlilik-fuarinda-enerji-verimliligi-finansman-modelleri-konusuldu\/","title":{"rendered":"(Turkish) Verimlilik Fuar\u0131\u2019nda Enerji Verimlili\u011fi Finansman Modelleri Konu\u015fuldu&#8230;"},"content":{"rendered":"<p class=\"qtranxs-available-languages-message qtranxs-available-languages-message-en\">Sorry, this entry is only available in <a href=\"https:\/\/www.enerjigazetesi.ist\/tr\/wp-json\/wp\/v2\/posts\/49199\" class=\"qtranxs-available-language-link qtranxs-available-language-link-tr\" title=\"Turkish\">Turkish<\/a>. For the sake of viewer convenience, the content is shown below in the alternative language. You may click the link to switch the active language.<\/p><p><\/p>\n<div><strong>Enerji Verimlili\u011fi Haftas\u0131 kapsam\u0131nda d\u00fczenlenen 7. Enerji Verimlili\u011fi Forumu ve Fuar\u0131\u2019nda Enerji Verimlili\u011fi Finansman Modelleri ba\u015fl\u0131kl\u0131 panel ger\u00e7ekle\u015fti. Panelde Uluslararas\u0131 Finansman Kurulu\u015fu Uzman\u0131 Patrick Alexander Avato, Econoler K\u0131demli Uzman\u0131 Ivan Gerginov ile T\u00fcrkiye S\u0131nai ve Kalk\u0131nma Bankas\u0131 S\u00fcrd\u00fcr\u00fclebilir Dan\u0131\u015fmanl\u0131k Genel M\u00fcd\u00fcr\u00fc H\u00fclya Kurt birer konu\u015fma yapt\u0131lar.<\/strong><\/div>\n<div>\nFinansman deste\u011finin \u00f6ne<a href=\"https:\/\/www.enerjigazetesi.ist\/wp-content\/uploads\/2016\/01\/verimlilik-fuarinda-enerji-verimliligi-finansman-modelleri-konusuldu.jpg\"><img loading=\"lazy\" class=\"alignleft size-medium wp-image-49200\" src=\"https:\/\/www.enerjigazetesi.ist\/wp-content\/uploads\/2016\/01\/verimlilik-fuarinda-enerji-verimliligi-finansman-modelleri-konusuldu-300x141.jpg\" alt=\"verimlilik-fuarinda-enerji-verimliligi-finansman-modelleri-konusuldu\" width=\"300\" height=\"141\" srcset=\"https:\/\/www.enerjigazetesi.ist\/wp-content\/uploads\/2016\/01\/verimlilik-fuarinda-enerji-verimliligi-finansman-modelleri-konusuldu-300x141.jpg 300w, https:\/\/www.enerjigazetesi.ist\/wp-content\/uploads\/2016\/01\/verimlilik-fuarinda-enerji-verimliligi-finansman-modelleri-konusuldu-500x235.jpg 500w, https:\/\/www.enerjigazetesi.ist\/wp-content\/uploads\/2016\/01\/verimlilik-fuarinda-enerji-verimliligi-finansman-modelleri-konusuldu-80x37.jpg 80w, https:\/\/www.enerjigazetesi.ist\/wp-content\/uploads\/2016\/01\/verimlilik-fuarinda-enerji-verimliligi-finansman-modelleri-konusuldu.jpg 640w\" sizes=\"(max-width: 300px) 100vw, 300px\" \/><\/a>mine vurgu yapan Patrick Alexander Avato konu\u015fmas\u0131nda \u015funlar\u0131 kaydetti:<\/div>\n<div>\u00a0&#8220;Genelde \u015firketlere finansman sa\u011flamak \u00e7ok zor. \u015eirketler enerji yat\u0131r\u0131m\u0131nda bir f\u0131rsat g\u00f6rseler bile enerji verimlili\u011fiyle ilgili bir yat\u0131r\u0131m yapam\u0131yorlar. Bu t\u00fcr forumlar bu yat\u0131r\u0131m\u0131n nas\u0131l yap\u0131labilece\u011fini bize g\u00f6steriyor. Y\u00fcksek yat\u0131r\u0131mlar\u0131n finanse edilmesi bizce \u00e7ok \u00f6nemli. Bu finansman y\u00f6ntemi bankalar arac\u0131l\u0131\u011f\u0131yla olabilir. Sermaye piyasalar\u0131yla ve ye\u015fil bina sistemleri i\u00e7in finansmanlar sa\u011fl\u0131yoruz. Yerel bankalar ile ortakl\u0131k kuruyor ve belirli pazar segmentlerine finansmanlar sa\u011fl\u0131yoruz.\u201d<\/div>\n<div><strong><br \/>\n\u201cYe\u015fil tahvilleri destekleyebiliriz\u201d<\/strong><\/div>\n<div>\u00a0Leesing\u2019in T\u00fcrkiye&#8217;de finans ve bankac\u0131l\u0131k y\u00f6n\u00fcnden \u00e7ok \u00f6nem verdikleri bir alan oldu\u011funu belirten Avato, \u201c\u00dcr\u00fcnlerin enerji verimlili\u011findeki leasingini g\u00fc\u00e7lendiriyoruz. Bununla birlikte kaynak verimlili\u011fine de \u00f6nem veriyoruz. Suyun ve kimyasallar\u0131n kullan\u0131m\u0131na ili\u015fkin kaynak y\u00f6netimi uyguluyoruz. Bir sertifikasyon sistemi var. Bununla birlikte enerji verimlili\u011fini bu sertifikasyon sistemi ile tespit edip buna g\u00f6re yat\u0131r\u0131m portf\u00f6yleri olu\u015fturuyoruz. T\u00fcrkiye a\u00e7\u0131s\u0131ndan bak\u0131ld\u0131\u011f\u0131nda \u015firketlere bir faydam\u0131z olabilir. Ye\u015fil tahvilleri destekleyebiliriz&#8221; dedi.<\/div>\n<div><\/div>\n<div><strong>\u201cD\u00fcnya genelinde \u00e7ok y\u00fcksek bir pazar yok\u201d<\/strong><\/div>\n<div>H\u00fck\u00fcmetin ve \u00f6zel sekt\u00f6r\u00fcn birlikte hareket etmesi gerekti\u011fini belirten Econoler K\u0131demli Uzman\u0131 Ivan Gerginov ise konu\u015fmas\u0131nda \u015funlar\u0131 ifade etti:<\/div>\n<div>\n&#8220;\u0130\u015f finansmana gelmeden \u00f6nce temel olarak e\u011filinmesi gereken konular var. Enerji verimlili\u011fi d\u00fcnyan\u0131n d\u00f6rt bir taraf\u0131nda bir evrim s\u00fcreci olarak ortaya \u00e7\u0131k\u0131yor.. Bunlar evrimden devrime d\u00f6n\u00fc\u015ft\u00fcr\u00fclmeye \u00e7al\u0131\u015f\u0131l\u0131yor. D\u00fcnya genelinde \u00e7ok y\u00fcksek bir pazar yok ama b\u00f6yle bir pazar yok diye de yenilenebilir enerji konusunu g\u00f6rmezden gelemeyiz. H\u00fck\u00fcmetler bu pazar\u0131 a\u00e7\u0131yor ama bunun da maliyetleri var. H\u00fck\u00fcmetler te\u015fvikler veriyor. Tabi bir\u00e7ok \u00fclkede kar\u015f\u0131 te\u015fvikler var bunlar T\u00fcrkiye&#8217;de de var. Belirli bir i\u015f modeli \u015fe\u00e7me noktas\u0131na gelene kadar koordinasyon i\u00e7erisinde finansman\u0131 sa\u011flayacak kuruma bir \u00f6neri getirilebilir. \u0130lk \u00e7\u0131k\u0131\u015f noktas\u0131 enerji verimlili\u011fi fonlar\u0131 olabilir. Temel olarak da finansman mekanizmalar\u0131 burada bir d\u00f6ner mekanizma olarak kullan\u0131labilir. \u00d6zel sekt\u00f6r de ticari bankalar ile yat\u0131r\u0131m yap\u0131lmas\u0131 i\u00e7in bir kald\u0131ra\u00e7 g\u00f6revi g\u00f6rebilir. \u00a0T\u00fcrkiye&#8217;ye bakt\u0131\u011f\u0131m\u0131zda T\u00fcrkiye bu tesisleri kurabilecek iyi bir pozisyondad\u0131r. H\u00fck\u00fcmet enerji verimlili\u011fi fonlar\u0131n\u0131 destekliyor. Tabii ki de devletin ya da h\u00fck\u00fcmetin verece\u011fi te\u015fvik s\u0131n\u0131rl\u0131d\u0131r. De\u011fi\u015febilecek tek \u015fey piyasada yat\u0131r\u0131m yap\u0131labilecek alanlar\u0131n de\u011fi\u015fmesidir. B\u00fct\u00fcn bu fonlar ve mekanizmalar bir \u015feye ula\u015fmak i\u00e7in var. Piyasada s\u00f6z konusu b\u00fct\u00fcn oyuncular\u0131n istek ve \u00e7\u0131karlar\u0131n\u0131n bir noktada birle\u015fmesi laz\u0131m.&#8221;<\/div>\n<div><\/div>\n<div><strong>\u201cAvrupa&#8217;da enerji t\u00fcketiminde y\u00fczde 17&#8217;lik bir azal\u0131m var\u201d<\/strong><\/div>\n<div>T\u00fcrkiye S\u0131nai ve Kalk\u0131nma Bankas\u0131 S\u00fcrd\u00fcr\u00fclebilir Dan\u0131\u015fmanl\u0131k Genel M\u00fcd\u00fcr\u00fc H\u00fclya Kurt ise \u015f\u00f6yle konu\u015ftu:<\/div>\n<div>\n&#8220;Biz enerji verimlili\u011fiyle enerji yo\u011funlu\u011fu gibi iki paradigman\u0131n y\u00f6netilmesiyle kar\u015f\u0131 kar\u015f\u0131yay\u0131z. Avrupa&#8217;da enerji t\u00fcketiminde y\u00fczde 17&#8217;lik bir azal\u0131m var. Buradaki azal\u0131mda verimlilikle birlikte sanayideki k\u00fc\u00e7\u00fclme de etkili oldu. Avrupa&#8217;da 2012 y\u0131l\u0131nda \u00e7\u0131kan y\u00f6netmelik ile her \u00fclkenin enerji verimlili\u011fi ile ilgili bir sistem kurmas\u0131 gerekti\u011fi \u00fczerinde duruluyor. Avrupa Birli\u011fi&#8217;nin enerji verimlili\u011fi konusunda ba\u015far\u0131ya ula\u015fmas\u0131n\u0131n sebebi yapt\u0131\u011f\u0131 \u00e7al\u0131\u015fmalard\u0131r. \u00a0Enerji verimlili\u011finde i\u00e7inde kamu, \u00f6zel sekt\u00f6r ve finans mekanizmalar\u0131n\u0131n oldu\u011fu \u00e7ok payda\u015fl\u0131 bir yap\u0131n\u0131n olmas\u0131 gerekiyor.\u201d<\/div>\n<div>T\u00fcrkiye&#8217;de 2007&#8217;de Enerji Verimlili\u011fi Kanunu\u2019nun ve yan y\u00f6netmeliklerin ortaya \u00e7\u0131kt\u0131\u011f\u0131n\u0131 belirten Kurt, \u201cT\u00fcrkiye&#8217;nin \u00fczerinde durdu\u011fu \u00f6nemli konular enerji maliyetlerinin s\u00fcrd\u00fcr\u00fclebilir k\u0131l\u0131nmas\u0131, d\u0131\u015fa ba\u011f\u0131ml\u0131l\u0131ktan kurtulunmas\u0131, iklim de\u011fi\u015fikli\u011fi ile m\u00fccadele edilmesi ve arz g\u00fcvenli\u011fidir. Genel ve sekt\u00f6rel bazda enerji verimlili\u011fi, raporlama \u00e7al\u0131\u015fmalar\u0131 ve enerji verimlili\u011fi haritalar\u0131na ihtiyac\u0131m\u0131z var&#8221; dedi.<\/div>\n<div><\/div>\n<div>Kaynak: B\u00fcltenler<\/div>\n<p><\/p>","protected":false},"excerpt":{"rendered":"<p>Sorry, this entry is only available in Turkish. For the sake of viewer convenience, the content is shown below in the alternative language. You may click the link to switch the active language. Enerji Verimlili\u011fi Haftas\u0131 kapsam\u0131nda d\u00fczenlenen 7. Enerji Verimlili\u011fi Forumu ve Fuar\u0131\u2019nda Enerji Verimlili\u011fi Finansman Modelleri ba\u015fl\u0131kl\u0131 panel ger\u00e7ekle\u015fti. Panelde Uluslararas\u0131 Finansman Kurulu\u015fu [&hellip;]<\/p>\n","protected":false},"author":1,"featured_media":49200,"comment_status":"open","ping_status":"open","sticky":false,"template":"","format":"standard","meta":[],"categories":[53,52],"tags":[63,67,1009,2698,165,27990,739],"views":1229,"_links":{"self":[{"href":"https:\/\/www.enerjigazetesi.ist\/en\/wp-json\/wp\/v2\/posts\/49199"}],"collection":[{"href":"https:\/\/www.enerjigazetesi.ist\/en\/wp-json\/wp\/v2\/posts"}],"about":[{"href":"https:\/\/www.enerjigazetesi.ist\/en\/wp-json\/wp\/v2\/types\/post"}],"author":[{"embeddable":true,"href":"https:\/\/www.enerjigazetesi.ist\/en\/wp-json\/wp\/v2\/users\/1"}],"replies":[{"embeddable":true,"href":"https:\/\/www.enerjigazetesi.ist\/en\/wp-json\/wp\/v2\/comments?post=49199"}],"version-history":[{"count":1,"href":"https:\/\/www.enerjigazetesi.ist\/en\/wp-json\/wp\/v2\/posts\/49199\/revisions"}],"predecessor-version":[{"id":49201,"href":"https:\/\/www.enerjigazetesi.ist\/en\/wp-json\/wp\/v2\/posts\/49199\/revisions\/49201"}],"wp:featuredmedia":[{"embeddable":true,"href":"https:\/\/www.enerjigazetesi.ist\/en\/wp-json\/wp\/v2\/media\/49200"}],"wp:attachment":[{"href":"https:\/\/www.enerjigazetesi.ist\/en\/wp-json\/wp\/v2\/media?parent=49199"}],"wp:term":[{"taxonomy":"category","embeddable":true,"href":"https:\/\/www.enerjigazetesi.ist\/en\/wp-json\/wp\/v2\/categories?post=49199"},{"taxonomy":"post_tag","embeddable":true,"href":"https:\/\/www.enerjigazetesi.ist\/en\/wp-json\/wp\/v2\/tags?post=49199"}],"curies":[{"name":"wp","href":"https:\/\/api.w.org\/{rel}","templated":true}]}}