{"id":49184,"date":"2016-01-16T18:46:31","date_gmt":"2016-01-16T15:46:31","guid":{"rendered":"https:\/\/www.enerjigazetesi.ist\/?p=49184"},"modified":"2016-01-16T18:46:31","modified_gmt":"2016-01-16T15:46:31","slug":"ingilteredeki-komur-santralleri-kapanmaya-direniyor","status":"publish","type":"post","link":"https:\/\/www.enerjigazetesi.ist\/en\/ingilteredeki-komur-santralleri-kapanmaya-direniyor\/","title":{"rendered":"(Turkish) \u0130ngiltere\u2019deki K\u00f6m\u00fcr Santralleri Kapanmaya Direniyor&#8230;"},"content":{"rendered":"<p class=\"qtranxs-available-languages-message qtranxs-available-languages-message-en\">Sorry, this entry is only available in <a href=\"https:\/\/www.enerjigazetesi.ist\/tr\/wp-json\/wp\/v2\/posts\/49184\" class=\"qtranxs-available-language-link qtranxs-available-language-link-tr\" title=\"Turkish\">Turkish<\/a>. For the sake of viewer convenience, the content is shown below in the alternative language. You may click the link to switch the active language.<\/p><p><\/p>\n<p style=\"color: #444444;\"><strong>\u0130ngiltere\u2019deki k\u00f6m\u00fcr santrallerinin \u00e7o\u011funlu\u011funun Enerji ve \u0130klim De\u011fi\u015fikli\u011fi Bakanl\u0131\u011f\u0131\u2019n\u0131n 2025 y\u0131l\u0131na kadar kapanma hedefine kar\u015f\u0131 \u00e7\u0131kt\u0131\u011f\u0131 bildirildi.<\/strong><\/p>\n<p style=\"color: #444444;\">Financial Times gazetesinin\u00a0haberine g\u00f6re\u00a0ge\u00e7en hafta \u00fclkedeki 7 santral\u00a0\u00c7ar\u015famba g\u00fcn\u00fc faaliyetlerini AB\u2019nin emisyon s\u0131n\u0131rlar\u0131na uyarak devam ettirece\u011fini bildirildi.<a href=\"https:\/\/www.enerjigazetesi.ist\/wp-content\/uploads\/2016\/01\/ingilteredeki-komur-santralleri-kapanmaya-direniyor.jpg\"><img loading=\"lazy\" class=\"alignright size-medium wp-image-49185\" src=\"https:\/\/www.enerjigazetesi.ist\/wp-content\/uploads\/2016\/01\/ingilteredeki-komur-santralleri-kapanmaya-direniyor-300x163.jpg\" alt=\"ingilteredeki-komur-santralleri-kapanmaya-direniyor\" width=\"300\" height=\"163\" srcset=\"https:\/\/www.enerjigazetesi.ist\/wp-content\/uploads\/2016\/01\/ingilteredeki-komur-santralleri-kapanmaya-direniyor-300x163.jpg 300w, https:\/\/www.enerjigazetesi.ist\/wp-content\/uploads\/2016\/01\/ingilteredeki-komur-santralleri-kapanmaya-direniyor-80x43.jpg 80w, https:\/\/www.enerjigazetesi.ist\/wp-content\/uploads\/2016\/01\/ingilteredeki-komur-santralleri-kapanmaya-direniyor.jpg 460w\" sizes=\"(max-width: 300px) 100vw, 300px\" \/><\/a><\/p>\n<p style=\"color: #444444;\">Santraller bunun yerine h\u00fck\u00fcmetin 2023 y\u0131l\u0131nda faaliyetlerini durdurma kar\u015f\u0131l\u0131\u011f\u0131nda, bu tarihe kadar emisyon s\u0131n\u0131rlamas\u0131 olmadan faaliyet g\u00f6sterebileceklerdi.<\/p>\n<p style=\"color: #444444;\">\u0130ngiltere Enerji ve \u0130klim De\u011fi\u015fikli\u011fi Bakan\u0131 Amber Rudd Kas\u0131m ay\u0131n\u0131n ortas\u0131nda yapt\u0131\u011f\u0131 a\u00e7\u0131klamada \u00fclkedeki t\u00fcm k\u00f6m\u00fcr santrallerin 2025 y\u0131l\u0131na kadar tamamen kapatmay\u0131 hedeflediklerini s\u00f6ylemi\u015fti.<\/p>\n<p style=\"color: #444444;\">Rudd a\u00e7\u0131klamas\u0131nda \u0130ngiltere gibi geli\u015fmi\u015f bir \u00fclkenin enerji altyap\u0131s\u0131n\u0131n kirlilik yaratan, karbon yo\u011fun 50 y\u0131ll\u0131k k\u00f6m\u00fcr santrallerine dayanamayaca\u011f\u0131n\u0131 ifade etmi\u015fti.<\/p>\n<p style=\"color: #444444;\">\u0130ngiltere\u2019nin 21. y\u00fczy\u0131la uygun yeni bir enerji altyap\u0131s\u0131 kurmas\u0131 gerekti\u011fini s\u00f6yleyen Enerji ve \u0130klim De\u011fi\u015fikli\u011fi Bakan\u0131, k\u00f6m\u00fcr santrallerinden olu\u015fan bo\u015flu\u011fun do\u011falgaz santralleri ile\u00a0 kapat\u0131labilece\u011fini kaydetmi\u015fti.<\/p>\n<p style=\"color: #444444;\">Bakanl\u0131\u011f\u0131n bu d\u00f6n\u00fc\u015f\u00fcm\u00fcn nas\u0131l ger\u00e7ekle\u015fece\u011fine dair ayr\u0131nt\u0131l\u0131 plan\u0131 bu y\u0131l\u0131n bahar aylar\u0131nda a\u00e7\u0131klamas\u0131 bekleniyor.<\/p>\n<p style=\"color: #444444;\">\u0130ngiltere\u2019deki k\u00f6m\u00fcr santralleri\u00a02015 y\u0131l\u0131nda \u00fclkenin elektrik \u00fcretiminin y\u00fczde 24\u2019\u00fcn\u00fc kar\u015f\u0131lam\u0131\u015ft\u0131. Bu oran ge\u00e7en y\u0131l T\u00fcrkiye\u2019de ise y\u00fczde 28,1 olmu\u015ftu.<\/p>\n<p style=\"color: #444444;\">Kaynak: <a href=\"http:\/\/yesilekonomi.com\/iklim\/ingilteredeki-komur-santralleri-kapanmaya-direniyor\" target=\"_blank\" rel=\"nofollow\">Ye\u015fil Ekonomi<\/a><\/p>\n<p><\/p>","protected":false},"excerpt":{"rendered":"<p>Sorry, this entry is only available in Turkish. For the sake of viewer convenience, the content is shown below in the alternative language. You may click the link to switch the active language. \u0130ngiltere\u2019deki k\u00f6m\u00fcr santrallerinin \u00e7o\u011funlu\u011funun Enerji ve \u0130klim De\u011fi\u015fikli\u011fi Bakanl\u0131\u011f\u0131\u2019n\u0131n 2025 y\u0131l\u0131na kadar kapanma hedefine kar\u015f\u0131 \u00e7\u0131kt\u0131\u011f\u0131 bildirildi. Financial Times gazetesinin\u00a0haberine g\u00f6re\u00a0ge\u00e7en hafta [&hellip;]<\/p>\n","protected":false},"author":1,"featured_media":49185,"comment_status":"open","ping_status":"open","sticky":false,"template":"","format":"standard","meta":[],"categories":[53,24649],"tags":[63,67,1009,2698,165,1092,1675,24143,2291],"views":996,"_links":{"self":[{"href":"https:\/\/www.enerjigazetesi.ist\/en\/wp-json\/wp\/v2\/posts\/49184"}],"collection":[{"href":"https:\/\/www.enerjigazetesi.ist\/en\/wp-json\/wp\/v2\/posts"}],"about":[{"href":"https:\/\/www.enerjigazetesi.ist\/en\/wp-json\/wp\/v2\/types\/post"}],"author":[{"embeddable":true,"href":"https:\/\/www.enerjigazetesi.ist\/en\/wp-json\/wp\/v2\/users\/1"}],"replies":[{"embeddable":true,"href":"https:\/\/www.enerjigazetesi.ist\/en\/wp-json\/wp\/v2\/comments?post=49184"}],"version-history":[{"count":1,"href":"https:\/\/www.enerjigazetesi.ist\/en\/wp-json\/wp\/v2\/posts\/49184\/revisions"}],"predecessor-version":[{"id":49186,"href":"https:\/\/www.enerjigazetesi.ist\/en\/wp-json\/wp\/v2\/posts\/49184\/revisions\/49186"}],"wp:featuredmedia":[{"embeddable":true,"href":"https:\/\/www.enerjigazetesi.ist\/en\/wp-json\/wp\/v2\/media\/49185"}],"wp:attachment":[{"href":"https:\/\/www.enerjigazetesi.ist\/en\/wp-json\/wp\/v2\/media?parent=49184"}],"wp:term":[{"taxonomy":"category","embeddable":true,"href":"https:\/\/www.enerjigazetesi.ist\/en\/wp-json\/wp\/v2\/categories?post=49184"},{"taxonomy":"post_tag","embeddable":true,"href":"https:\/\/www.enerjigazetesi.ist\/en\/wp-json\/wp\/v2\/tags?post=49184"}],"curies":[{"name":"wp","href":"https:\/\/api.w.org\/{rel}","templated":true}]}}