{"id":4918,"date":"2013-01-04T10:18:08","date_gmt":"2013-01-04T07:18:08","guid":{"rendered":"https:\/\/www.enerjigazetesi.ist\/?p=4918"},"modified":"2013-01-04T10:18:08","modified_gmt":"2013-01-04T07:18:08","slug":"adunun-muhendisleri-enerji-verimliligine-el-atti","status":"publish","type":"post","link":"https:\/\/www.enerjigazetesi.ist\/en\/adunun-muhendisleri-enerji-verimliligine-el-atti\/","title":{"rendered":"(Turkish) Ad\u00fc&#8217;n\u00fcn M\u00fchendisleri Enerji Verimlili\u011fine El Att\u0131"},"content":{"rendered":"<p class=\"qtranxs-available-languages-message qtranxs-available-languages-message-en\">Sorry, this entry is only available in <a href=\"https:\/\/www.enerjigazetesi.ist\/tr\/wp-json\/wp\/v2\/posts\/4918\" class=\"qtranxs-available-language-link qtranxs-available-language-link-tr\" title=\"Turkish\">Turkish<\/a>. For the sake of viewer convenience, the content is shown below in the alternative language. You may click the link to switch the active language.<\/p><p><strong>Adnan Menderes \u00dcniversitesi (AD\u00dc) Merkez Kampusu ile AD\u00dc Uygulama ve Ara\u015ft\u0131rma Hastanesi&#8217;nin <a href=\"http:\/\/www.enve.com.tr\" target=\"_blank\">enerji verimlili\u011fini <\/a>art\u0131rmak ve yenilenebilir enerji kaynaklar\u0131n\u0131 tespit etmek i\u00e7in AD\u00dc M\u00fchendislik Fak\u00fcltesi taraf\u0131ndan \u00e7al\u0131\u015fma ba\u015flat\u0131ld\u0131.<\/strong><\/p>\n<p>Adnan Menderes \u00dcniversitesi (AD\u00dc) Merkez Kampusu ile AD\u00dc Uygulama ve Ara\u015ft\u0131rma Hastanesi&#8217;nin enerji verimlili\u011fini art\u0131rmak ve yenilenebilir enerji kaynaklar\u0131n\u0131 tespit etmek i\u00e7in AD\u00dc M\u00fchendislik Fak\u00fcltesi taraf\u0131ndan \u00e7al\u0131\u015fma ba\u015flat\u0131ld\u0131.<\/p>\n<p><img loading=\"lazy\" class=\"alignright size-medium wp-image-4919\" title=\"adu-nun-muhendisleri-enerji-verimliligine-el--4218630_o\" src=\"https:\/\/www.enerjigazetesi.ist\/wp-content\/uploads\/2013\/01\/adu-nun-muhendisleri-enerji-verimliligine-el-4218630_o-300x195.jpg\" alt=\"\" width=\"300\" height=\"195\" srcset=\"https:\/\/www.enerjigazetesi.ist\/wp-content\/uploads\/2013\/01\/adu-nun-muhendisleri-enerji-verimliligine-el-4218630_o-300x195.jpg 300w, https:\/\/www.enerjigazetesi.ist\/wp-content\/uploads\/2013\/01\/adu-nun-muhendisleri-enerji-verimliligine-el-4218630_o-76x50.jpg 76w, https:\/\/www.enerjigazetesi.ist\/wp-content\/uploads\/2013\/01\/adu-nun-muhendisleri-enerji-verimliligine-el-4218630_o.jpg 400w\" sizes=\"(max-width: 300px) 100vw, 300px\" \/>AD\u00dc Merkez Kampusu ile AD\u00dc Uygulama ve Ara\u015ft\u0131rma Hastanesi&#8217;nin enerji verimlili\u011fini art\u0131rmak ve yenilenebilir enerji kaynaklar\u0131n\u0131 tespit etmek i\u00e7in, Ankara Temas M\u00fchendislik ekibiyle AD\u00dc Senato Odas\u0131nda bir toplant\u0131 ger\u00e7ekle\u015ftirildi. Toplant\u0131ya AD\u00dc Rekt\u00f6r Dan\u0131\u015fman\u0131 ve M\u00fchendislik Fak\u00fcltesi Dekan\u0131 Prof. Dr. Yunus \u00c7engel, Dekan Yard\u0131mc\u0131lar\u0131 Prof. Dr. \u0130smail B\u00f6\u011frekci, Prof. Dr. Yunus \u00c7er\u00e7i, Temas M\u00fchendislik Dan\u0131\u015fman\u0131 Prof. Dr. Birol K\u0131lk\u0131\u015f, AD\u00dc \u00d6\u011fretim \u00dcyesi Yrd. Do\u00e7. Dr. P\u0131nar Demircio\u011flu, AD\u00dc Yap\u0131 \u0130\u015fleri Daire Ba\u015fkan\u0131 ve Makine M\u00fchendisi S\u0131ra\u00e7 G\u00f6k ve ekibi, AD\u00dc Uygulama ve Ara\u015ft\u0131rma Hastanesi Is\u0131tma- So\u011futma Biriminden Ali K\u0131z\u0131lc\u0131 ve ekibi kat\u0131l\u0131rken ayr\u0131ca Ankara Temas M\u00fchendislik Ltd. \u015eirketi&#8217;nden Ekip Lideri Mehmet Tamsu, \u015eahin G\u00fcnd\u00fcz, \u015eerif Duman kat\u0131ld\u0131.<\/p>\n<p>\u0130lk olarak Rekt\u00f6r Dan\u0131\u015fman\u0131 ve Makine M\u00fchendisli\u011fi Dekan\u0131 Prof. Dr. Yunus \u00c7engel yapt\u0131\u011f\u0131 a\u00e7\u0131klamada; AD\u00dc Merkez Kamp\u00fcs\u00fcn\u00fcn ve Uygulama ve Ara\u015ft\u0131rma Hastanesi&#8217;nin enerji giderlerini en aza indirebilmek i\u00e7in ne gibi \u00e7al\u0131\u015fmalar yap\u0131labilir sorular\u0131na yan\u0131t aramak i\u00e7in topland\u0131klar\u0131n\u0131 belirtti.<\/p>\n<p>Temas M\u00fchendislik Ekip Lideri Mehmet Tamsu da; AD&#8217;n\u00fcn misafirperverli\u011fi ve yakla\u015f\u0131m\u0131 i\u00e7in te\u015fekk\u00fcr ederek, \u00dcniversitemizin enerji verimlili\u011fi nas\u0131l sa\u011flanabilir ve bu konuda ne gibi \u00e7al\u0131\u015fmalar yap\u0131labilir konular\u0131na de\u011findi.<\/p>\n<p><strong>&#8220;KAMP\u00dcS ALANI VE ISI S\u0130STEMLER\u0130 \u0130NCELEND\u0130&#8221;<\/strong><\/p>\n<p>K\u0131sa bir \u00f6n de\u011ferlendirme ve g\u00f6r\u00fc\u015f al\u0131\u015fveri\u015finden sonra; ekip ile jeotermal ve kamp\u00fcs alan\u0131 gezildi. Ara\u015ft\u0131rma ve Uygulama Hastanesi Ba\u015fhekimi Do\u00e7. Dr. Mustafa O\u011furlu&#8217;nun da kat\u0131l\u0131m\u0131yla hastane \u0131s\u0131 merkezi, mekanik odalar ve hasta odalar\u0131 ziyaret edilerek \u00e7al\u0131\u015fma sistemi incelendi ve yerinde tespitlerde bulunuldu.<\/p>\n<p>\u00d6\u011fle yeme\u011finin ard\u0131ndan genel de\u011ferlendirme ve yol haritas\u0131n\u0131n belirlenmesi i\u00e7in ikinci kez toplan\u0131ld\u0131. Genel de\u011ferlendirme toplant\u0131s\u0131na AD\u00dc Rekt\u00f6r\u00fc Prof. Dr. Mustafa Birincio\u011flu, Rekt\u00f6r Yard\u0131mc\u0131s\u0131 Prof. Dr. Ali Belge, Uygulama ve Ara\u015ft\u0131rma Hastanesi Ba\u015fhekimi Do\u00e7. Dr. Mustafa O\u011furlu ve Ba\u015fhekim Yard\u0131mc\u0131s\u0131 Do\u00e7. Dr. Bakiye U\u011fur kat\u0131ld\u0131.<\/p>\n<p><strong>&#8220;KOJENERASYON VE TR\u0130JENERASYON UYGULANMALI&#8221;<\/strong><\/p>\n<p>Temas M\u00fchendislik Dan\u0131\u015fman\u0131 Prof. Dr. Birol K\u0131lk\u0131\u015f, yapt\u0131\u011f\u0131 &#8220;Kamp\u00fcslerde Enerji Eksenli Sistemler&#8221; konulu sunumunda; &#8220;Enerji tasarrufu i\u00e7in Kojenerasyon ve Trijenerasyon uygulanmal\u0131d\u0131r. Kojenerasyon: Elektrik ve \u0131s\u0131 enerjisinin ayn\u0131 yak\u0131ttan, ayn\u0131 sistem i\u00e7inde, e\u015fzamanl\u0131 olarak \u00fcretilmesidir. Trijenerasyon; Kojenerasyon sisteminin geni\u015fletilmi\u015f bi\u00e7imidir. Mevcut sisteme eklenen so\u011futma sistemleriyle \u00fcretim &#8216;Elektrik + Is\u0131tma + So\u011futma&#8217; haline gelir. Bu sistemde de, kojenerasyon sistemlerinde oldu\u011fu gibi, tamamen ayn\u0131 miktarda yak\u0131t kullan\u0131l\u0131r. So\u011futma, ortaya \u00e7\u0131kan \u0131s\u0131 enerjisinin bir b\u00f6l\u00fcm\u00fcn\u00fcn bu i\u015fe y\u00f6nlendirilmesiyle elde edilir. B\u00f6ylelikle, sistemin kullan\u0131labilece\u011fi alan ve sekt\u00f6r say\u0131s\u0131 artmaktad\u0131r. E\u015fanj\u00f6r ya da \u0131s\u0131 de\u011fi\u015ftirici bir sistemle de, de\u011fi\u015fik s\u0131cakl\u0131klardaki iki ya da daha \u00e7ok ak\u0131\u015fkan\u0131n, \u0131s\u0131lar\u0131n\u0131, birbirine kar\u0131\u015fmadan birinden di\u011ferine aktarmas\u0131n\u0131 sa\u011flayarak da b\u00fcy\u00fck bir tasarruf sa\u011flanabilir&#8221; dedi.<\/p>\n<p>K\u0131lk\u0131\u015f, bu sistemlerin uygulanmas\u0131yla merkezi bir sistem kurularak maliyetlerin azalt\u0131labilece\u011fini ve de k\u0131sa vadede sistemin kendisini tolere edebilece\u011fini ifade etti.<\/p>\n<p><strong>&#8220;GLOBAL B\u0130R BAKI\u015eLA PLANLAMA YAPILMALI&#8221;<\/strong><\/p>\n<p>AD\u00dc Rekt\u00f6r\u00fc Prof. Dr. Mustafa Birincio\u011flu da, &#8220;Ekonomik verimlilikte Uygulama ve Ara\u015ft\u0131rma Hastanesi olarak 1.s\u0131raday\u0131z fakat mevcut maliyetleri azaltarak daha fazla tasarruf sa\u011flanabilir ve bunun i\u00e7in yak\u0131n\u0131m\u0131zdaki jeotermal kaynaktan faydalanabilmeliyiz. Global bir bak\u0131\u015f a\u00e7\u0131s\u0131yla, enerji planlamam\u0131z\u0131 yapmal\u0131, link sistemi kurulmas\u0131 ve enerjinin depolanmas\u0131 y\u00f6n\u00fcnde \u00e7al\u0131\u015fmalar ba\u015flatmal\u0131y\u0131z. Bu \u00e7al\u0131\u015fmalar neticesinde uzun vadede Ye\u015fil Kamp\u00fcs Projesi de hayata ge\u00e7irilebilir&#8221; diyerek Temas M\u00fchendislik Ekibi&#8217;ne \u00e7al\u0131\u015fmalar\u0131ndan dolay\u0131 te\u015fekk\u00fcr etti.<\/p>\n<p>Son olarak Prof. Dr. Yunus \u00c7engel&#8217;in Temas Ekibinden bir taslak olu\u015fturmalar\u0131n\u0131 ve bir rapor halinde sunmalar\u0131n\u0131 istedi, toplant\u0131 genel bir de\u011ferlendirme ve g\u00f6r\u00fc\u015f al\u0131\u015fveri\u015finin ard\u0131ndan sona erdi.<\/p>\n<p>Kaynak: <a href=\"http:\/\/www.haberler.com\/adu-nun-muhendisleri-enerji-verimliligine-el-atti-4218630-haberi\/\" target=\"_blank\">Haberler<\/a><\/p>","protected":false},"excerpt":{"rendered":"<p>Sorry, this entry is only available in Turkish. For the sake of viewer convenience, the content is shown below in the alternative language. You may click the link to switch the active language.Adnan Menderes \u00dcniversitesi (AD\u00dc) Merkez Kampusu ile AD\u00dc Uygulama ve Ara\u015ft\u0131rma Hastanesi&#8217;nin enerji verimlili\u011fini art\u0131rmak ve yenilenebilir enerji kaynaklar\u0131n\u0131 tespit etmek i\u00e7in AD\u00dc [&hellip;]<\/p>\n","protected":false},"author":1,"featured_media":4919,"comment_status":"open","ping_status":"open","sticky":false,"template":"","format":"standard","meta":[],"categories":[53,52],"tags":[1689,1688,67,12,133,508],"views":1051,"_links":{"self":[{"href":"https:\/\/www.enerjigazetesi.ist\/en\/wp-json\/wp\/v2\/posts\/4918"}],"collection":[{"href":"https:\/\/www.enerjigazetesi.ist\/en\/wp-json\/wp\/v2\/posts"}],"about":[{"href":"https:\/\/www.enerjigazetesi.ist\/en\/wp-json\/wp\/v2\/types\/post"}],"author":[{"embeddable":true,"href":"https:\/\/www.enerjigazetesi.ist\/en\/wp-json\/wp\/v2\/users\/1"}],"replies":[{"embeddable":true,"href":"https:\/\/www.enerjigazetesi.ist\/en\/wp-json\/wp\/v2\/comments?post=4918"}],"version-history":[{"count":1,"href":"https:\/\/www.enerjigazetesi.ist\/en\/wp-json\/wp\/v2\/posts\/4918\/revisions"}],"predecessor-version":[{"id":4920,"href":"https:\/\/www.enerjigazetesi.ist\/en\/wp-json\/wp\/v2\/posts\/4918\/revisions\/4920"}],"wp:featuredmedia":[{"embeddable":true,"href":"https:\/\/www.enerjigazetesi.ist\/en\/wp-json\/wp\/v2\/media\/4919"}],"wp:attachment":[{"href":"https:\/\/www.enerjigazetesi.ist\/en\/wp-json\/wp\/v2\/media?parent=4918"}],"wp:term":[{"taxonomy":"category","embeddable":true,"href":"https:\/\/www.enerjigazetesi.ist\/en\/wp-json\/wp\/v2\/categories?post=4918"},{"taxonomy":"post_tag","embeddable":true,"href":"https:\/\/www.enerjigazetesi.ist\/en\/wp-json\/wp\/v2\/tags?post=4918"}],"curies":[{"name":"wp","href":"https:\/\/api.w.org\/{rel}","templated":true}]}}