{"id":49131,"date":"2016-01-15T15:45:43","date_gmt":"2016-01-15T12:45:43","guid":{"rendered":"https:\/\/www.enerjigazetesi.ist\/?p=49131"},"modified":"2016-01-15T15:45:43","modified_gmt":"2016-01-15T12:45:43","slug":"iran-ile-nukleer-anlasmanin-uygulanmasina-birkac-gun-kaldi","status":"publish","type":"post","link":"https:\/\/www.enerjigazetesi.ist\/en\/iran-ile-nukleer-anlasmanin-uygulanmasina-birkac-gun-kaldi\/","title":{"rendered":"(Turkish) \u0130ran ile N\u00fckleer Anla\u015fman\u0131n Uygulanmas\u0131na Birka\u00e7 G\u00fcn Kald\u0131&#8230;"},"content":{"rendered":"<p class=\"qtranxs-available-languages-message qtranxs-available-languages-message-en\">Sorry, this entry is only available in <a href=\"https:\/\/www.enerjigazetesi.ist\/tr\/wp-json\/wp\/v2\/posts\/49131\" class=\"qtranxs-available-language-link qtranxs-available-language-link-tr\" title=\"Turkish\">Turkish<\/a>. For the sake of viewer convenience, the content is shown below in the alternative language. You may click the link to switch the active language.<\/p><p><\/p>\n<p style=\"color: #0a0a0a;\"><strong>ABD D\u0131\u015fi\u015fleri Bakan\u0131 John Kerry, \u0130ran ile var\u0131lan ve bu \u00fclkeye y\u00f6nelik yapt\u0131r\u0131mlar\u0131n baz\u0131lar\u0131n\u0131n kald\u0131r\u0131lmas\u0131n\u0131 sa\u011flayacak n\u00fckle<a href=\"https:\/\/www.enerjigazetesi.ist\/wp-content\/uploads\/2016\/01\/iran-ile-nukleer-anlasmanin-uygulanmasina-birkac-gun-kaldi.jpg\"><img loading=\"lazy\" class=\"alignleft size-medium wp-image-49132\" src=\"https:\/\/www.enerjigazetesi.ist\/wp-content\/uploads\/2016\/01\/iran-ile-nukleer-anlasmanin-uygulanmasina-birkac-gun-kaldi-300x149.jpg\" alt=\"iran-ile-nukleer-anlasmanin-uygulanmasina-birkac-gun-kaldi\" width=\"300\" height=\"149\" srcset=\"https:\/\/www.enerjigazetesi.ist\/wp-content\/uploads\/2016\/01\/iran-ile-nukleer-anlasmanin-uygulanmasina-birkac-gun-kaldi-300x149.jpg 300w, https:\/\/www.enerjigazetesi.ist\/wp-content\/uploads\/2016\/01\/iran-ile-nukleer-anlasmanin-uygulanmasina-birkac-gun-kaldi-500x249.jpg 500w, https:\/\/www.enerjigazetesi.ist\/wp-content\/uploads\/2016\/01\/iran-ile-nukleer-anlasmanin-uygulanmasina-birkac-gun-kaldi-80x39.jpg 80w, https:\/\/www.enerjigazetesi.ist\/wp-content\/uploads\/2016\/01\/iran-ile-nukleer-anlasmanin-uygulanmasina-birkac-gun-kaldi.jpg 795w\" sizes=\"(max-width: 300px) 100vw, 300px\" \/><\/a>er anla\u015fman\u0131n uygulanmas\u0131na \u201cbirka\u00e7 g\u00fcn\u201d kald\u0131\u011f\u0131n\u0131 s\u00f6yledi.<\/strong><span id=\"more-75482\"><\/span><\/p>\n<p style=\"color: #0a0a0a;\">ABD D\u0131\u015fi\u015fleri Bakan\u0131 John Kerry, Washington\u2019daki Ulusal Savunma \u00dcniversitesinde ABD\u2019nin 2016 y\u0131l\u0131 d\u0131\u015f politikas\u0131 \u00fczerine yapt\u0131\u011f\u0131 konu\u015fmada, \u0130ran ile yap\u0131lan n\u00fckleer anla\u015fmaya de\u011findi.<\/p>\n<p style=\"color: #0a0a0a;\">Kerry, Tahran y\u00f6netiminin anla\u015fma \u015fartlar\u0131 ba\u011flam\u0131nda b\u00fcy\u00fck \u00e7aba sarf etti\u011fini belirterek, \u201c\u0130ran\u2019\u0131n n\u00fckleer program\u0131n\u0131 yeterince d\u00fc\u015f\u00fcrd\u00fc\u011f\u00fcn\u00fc kan\u0131tlamas\u0131yla ula\u015faca\u011f\u0131m\u0131z ve \u0130ran\u2019a yapt\u0131r\u0131mlar\u0131n kald\u0131r\u0131lmas\u0131n\u0131n ba\u015flayaca\u011f\u0131 anla\u015fman\u0131n y\u00fcr\u00fcrl\u00fc\u011fe girme tarihi \u00e7ok yak\u0131nda, hatta b\u00fcy\u00fck ihtimalle \u00f6n\u00fcm\u00fczdeki birka\u00e7 g\u00fcn i\u00e7inde\u201d dedi.<\/p>\n<p style=\"color: #0a0a0a;\">Kaynak: Enerji Enstit\u00fcs\u00fc<\/p>\n<p><\/p>","protected":false},"excerpt":{"rendered":"<p>Sorry, this entry is only available in Turkish. For the sake of viewer convenience, the content is shown below in the alternative language. You may click the link to switch the active language. ABD D\u0131\u015fi\u015fleri Bakan\u0131 John Kerry, \u0130ran ile var\u0131lan ve bu \u00fclkeye y\u00f6nelik yapt\u0131r\u0131mlar\u0131n baz\u0131lar\u0131n\u0131n kald\u0131r\u0131lmas\u0131n\u0131 sa\u011flayacak n\u00fckleer anla\u015fman\u0131n uygulanmas\u0131na \u201cbirka\u00e7 g\u00fcn\u201d kald\u0131\u011f\u0131n\u0131 [&hellip;]<\/p>\n","protected":false},"author":1,"featured_media":49132,"comment_status":"open","ping_status":"open","sticky":false,"template":"","format":"standard","meta":[],"categories":[53,43],"tags":[1198,3840,63,67,1009,2698,165,1333,22074,11162,3841,71,21,25480,23614,2973],"views":835,"_links":{"self":[{"href":"https:\/\/www.enerjigazetesi.ist\/en\/wp-json\/wp\/v2\/posts\/49131"}],"collection":[{"href":"https:\/\/www.enerjigazetesi.ist\/en\/wp-json\/wp\/v2\/posts"}],"about":[{"href":"https:\/\/www.enerjigazetesi.ist\/en\/wp-json\/wp\/v2\/types\/post"}],"author":[{"embeddable":true,"href":"https:\/\/www.enerjigazetesi.ist\/en\/wp-json\/wp\/v2\/users\/1"}],"replies":[{"embeddable":true,"href":"https:\/\/www.enerjigazetesi.ist\/en\/wp-json\/wp\/v2\/comments?post=49131"}],"version-history":[{"count":1,"href":"https:\/\/www.enerjigazetesi.ist\/en\/wp-json\/wp\/v2\/posts\/49131\/revisions"}],"predecessor-version":[{"id":49133,"href":"https:\/\/www.enerjigazetesi.ist\/en\/wp-json\/wp\/v2\/posts\/49131\/revisions\/49133"}],"wp:featuredmedia":[{"embeddable":true,"href":"https:\/\/www.enerjigazetesi.ist\/en\/wp-json\/wp\/v2\/media\/49132"}],"wp:attachment":[{"href":"https:\/\/www.enerjigazetesi.ist\/en\/wp-json\/wp\/v2\/media?parent=49131"}],"wp:term":[{"taxonomy":"category","embeddable":true,"href":"https:\/\/www.enerjigazetesi.ist\/en\/wp-json\/wp\/v2\/categories?post=49131"},{"taxonomy":"post_tag","embeddable":true,"href":"https:\/\/www.enerjigazetesi.ist\/en\/wp-json\/wp\/v2\/tags?post=49131"}],"curies":[{"name":"wp","href":"https:\/\/api.w.org\/{rel}","templated":true}]}}