{"id":49102,"date":"2016-01-14T21:27:51","date_gmt":"2016-01-14T18:27:51","guid":{"rendered":"https:\/\/www.enerjigazetesi.ist\/?p=49102"},"modified":"2016-01-14T21:27:51","modified_gmt":"2016-01-14T18:27:51","slug":"epiasdan-avrupa-enerji-borsalari-birligi-europexe-uyelik-icin-ilk-adim","status":"publish","type":"post","link":"https:\/\/www.enerjigazetesi.ist\/en\/epiasdan-avrupa-enerji-borsalari-birligi-europexe-uyelik-icin-ilk-adim\/","title":{"rendered":"(Turkish) EP\u0130A\u015e&#8217;dan Avrupa Enerji Borsalar\u0131 Birli\u011fi EUROPEX\u2019e \u00dcyelik \u0130\u00e7in \u0130lk Ad\u0131m!"},"content":{"rendered":"<p class=\"qtranxs-available-languages-message qtranxs-available-languages-message-en\">Sorry, this entry is only available in <a href=\"https:\/\/www.enerjigazetesi.ist\/tr\/wp-json\/wp\/v2\/posts\/49102\" class=\"qtranxs-available-language-link qtranxs-available-language-link-tr\" title=\"Turkish\">Turkish<\/a>. For the sake of viewer convenience, the content is shown below in the alternative language. You may click the link to switch the active language.<\/p><p><\/p>\n<p style=\"color: #0a0a0a;\"><strong>Enerji Piyasalar\u0131 \u0130\u015fletme A\u015e (EP\u0130A\u015e), Avrupa Enerji Borsalar\u0131 Birli\u011fi\u2019ne (EUROPEX) \u00fcyelik i\u00e7in ilk ad\u0131m\u0131 att\u0131.<\/strong><span id=\"more-75454\"><\/span><\/p>\n<p style=\"color: #0a0a0a;\">EP\u0130A\u015e\u2019tan yap\u0131lan yaz\u0131l\u0131 a\u00e7\u0131klamada, Avrupa \u00e7ap\u0131nda toptan enerji ticareti alan\u0131nda \u00e7at\u0131 kurulu\u015f olarak kabul edilen EUROPEX\u2018e \u00fcyelik ba\u015fvurusunun 26 Kas\u0131m<a href=\"https:\/\/www.enerjigazetesi.ist\/wp-content\/uploads\/2016\/01\/epiasdan-avrupa-enerji-borsalari-birligi-europexe-uyelik-icin-ilk-adim.jpg\"><img loading=\"lazy\" class=\"alignleft size-medium wp-image-49103\" src=\"https:\/\/www.enerjigazetesi.ist\/wp-content\/uploads\/2016\/01\/epiasdan-avrupa-enerji-borsalari-birligi-europexe-uyelik-icin-ilk-adim-300x165.jpg\" alt=\"epiasdan-avrupa-enerji-borsalari-birligi-europexe-uyelik-icin-ilk-adim\" width=\"300\" height=\"165\" srcset=\"https:\/\/www.enerjigazetesi.ist\/wp-content\/uploads\/2016\/01\/epiasdan-avrupa-enerji-borsalari-birligi-europexe-uyelik-icin-ilk-adim-300x165.jpg 300w, https:\/\/www.enerjigazetesi.ist\/wp-content\/uploads\/2016\/01\/epiasdan-avrupa-enerji-borsalari-birligi-europexe-uyelik-icin-ilk-adim-500x276.jpg 500w, https:\/\/www.enerjigazetesi.ist\/wp-content\/uploads\/2016\/01\/epiasdan-avrupa-enerji-borsalari-birligi-europexe-uyelik-icin-ilk-adim-80x44.jpg 80w, https:\/\/www.enerjigazetesi.ist\/wp-content\/uploads\/2016\/01\/epiasdan-avrupa-enerji-borsalari-birligi-europexe-uyelik-icin-ilk-adim.jpg 696w\" sizes=\"(max-width: 300px) 100vw, 300px\" \/><\/a> 2015\u2019te ger\u00e7ekle\u015ftirdi\u011fi hat\u0131rlat\u0131larak, resmi \u00fcyeli\u011fin may\u0131sta yap\u0131lacak EUROPEX genel kurulunda netle\u015fece\u011fi belirtildi.<\/p>\n<p style=\"color: #0a0a0a;\">A\u00e7\u0131klamada, EP\u0130A\u015e Y\u00f6netim Kurulu Ba\u015fkan\u0131 ve Genel M\u00fcd\u00fcr\u00fc Hasan H\u00fcseyin Sava\u015f\u2019\u0131n, \u015fu de\u011ferlendirilmesine yer verildi:<\/p>\n<p style=\"color: #0a0a0a;\">\u201cEP\u0130A\u015e\u2019\u0131n EUROPEX \u00fcyeli\u011fi, Avrupa enerji borsalar\u0131 ile kurulacak ili\u015fkiler a\u00e7\u0131s\u0131ndan \u00f6nemli bir yere sahiptir. Avrupa Birli\u011fi m\u00fcktesebat\u0131 \u00e7er\u00e7evesinde, \u00f6zellikle \u00e7al\u0131\u015fma gruplar\u0131ndaki payla\u015f\u0131mlar ile kar\u015f\u0131l\u0131kl\u0131 fayda sa\u011flayacak olan bir s\u00fcre\u00e7 ya\u015fanacakt\u0131r. Bu s\u00fcrecin, Avrupa\u2019daki enerji piyasalar\u0131 ile fikir al\u0131\u015fveri\u015fi noktas\u0131nda \u00f6nemli bir ad\u0131m olaca\u011f\u0131na inan\u0131yorum. EP\u0130A\u015e olarak hedefimiz, b\u00f6lgesel bir enerji borsas\u0131 olma yolunda emin ad\u0131mlarla ilerleyerek, b\u00f6lgede enerjinin bulu\u015fma noktas\u0131 olmakt\u0131r.\u201d<\/p>\n<p style=\"color: #0a0a0a;\">Kaynak: Enerji Enstit\u00fcs\u00fc<\/p>\n<p><\/p>","protected":false},"excerpt":{"rendered":"<p>Sorry, this entry is only available in Turkish. For the sake of viewer convenience, the content is shown below in the alternative language. You may click the link to switch the active language. Enerji Piyasalar\u0131 \u0130\u015fletme A\u015e (EP\u0130A\u015e), Avrupa Enerji Borsalar\u0131 Birli\u011fi\u2019ne (EUROPEX) \u00fcyelik i\u00e7in ilk ad\u0131m\u0131 att\u0131. EP\u0130A\u015e\u2019tan yap\u0131lan yaz\u0131l\u0131 a\u00e7\u0131klamada, Avrupa \u00e7ap\u0131nda toptan [&hellip;]<\/p>\n","protected":false},"author":1,"featured_media":49103,"comment_status":"open","ping_status":"open","sticky":false,"template":"","format":"standard","meta":[],"categories":[51,53],"tags":[27959,27960,68,61,19638,2873,63,67,1009,12498,2698,165,1010,27961],"views":837,"_links":{"self":[{"href":"https:\/\/www.enerjigazetesi.ist\/en\/wp-json\/wp\/v2\/posts\/49102"}],"collection":[{"href":"https:\/\/www.enerjigazetesi.ist\/en\/wp-json\/wp\/v2\/posts"}],"about":[{"href":"https:\/\/www.enerjigazetesi.ist\/en\/wp-json\/wp\/v2\/types\/post"}],"author":[{"embeddable":true,"href":"https:\/\/www.enerjigazetesi.ist\/en\/wp-json\/wp\/v2\/users\/1"}],"replies":[{"embeddable":true,"href":"https:\/\/www.enerjigazetesi.ist\/en\/wp-json\/wp\/v2\/comments?post=49102"}],"version-history":[{"count":1,"href":"https:\/\/www.enerjigazetesi.ist\/en\/wp-json\/wp\/v2\/posts\/49102\/revisions"}],"predecessor-version":[{"id":49104,"href":"https:\/\/www.enerjigazetesi.ist\/en\/wp-json\/wp\/v2\/posts\/49102\/revisions\/49104"}],"wp:featuredmedia":[{"embeddable":true,"href":"https:\/\/www.enerjigazetesi.ist\/en\/wp-json\/wp\/v2\/media\/49103"}],"wp:attachment":[{"href":"https:\/\/www.enerjigazetesi.ist\/en\/wp-json\/wp\/v2\/media?parent=49102"}],"wp:term":[{"taxonomy":"category","embeddable":true,"href":"https:\/\/www.enerjigazetesi.ist\/en\/wp-json\/wp\/v2\/categories?post=49102"},{"taxonomy":"post_tag","embeddable":true,"href":"https:\/\/www.enerjigazetesi.ist\/en\/wp-json\/wp\/v2\/tags?post=49102"}],"curies":[{"name":"wp","href":"https:\/\/api.w.org\/{rel}","templated":true}]}}