{"id":49047,"date":"2016-01-12T21:01:02","date_gmt":"2016-01-12T18:01:02","guid":{"rendered":"https:\/\/www.enerjigazetesi.ist\/?p=49047"},"modified":"2016-01-12T21:01:02","modified_gmt":"2016-01-12T18:01:02","slug":"cevreye-uyumlu-bir-enerji-politikasi-yaratilmali","status":"publish","type":"post","link":"https:\/\/www.enerjigazetesi.ist\/en\/cevreye-uyumlu-bir-enerji-politikasi-yaratilmali\/","title":{"rendered":"(Turkish) \u201c\u00c7evreye Uyumlu Bir Enerji Politikas\u0131 Yarat\u0131lmal\u0131&#8230;\u201d"},"content":{"rendered":"<p class=\"qtranxs-available-languages-message qtranxs-available-languages-message-en\">Sorry, this entry is only available in <a href=\"https:\/\/www.enerjigazetesi.ist\/tr\/wp-json\/wp\/v2\/posts\/49047\" class=\"qtranxs-available-language-link qtranxs-available-language-link-tr\" title=\"Turkish\">Turkish<\/a>. For the sake of viewer convenience, the content is shown below in the alternative language. You may click the link to switch the active language.<\/p><p><\/p>\n<p style=\"color: #666666;\"><strong>Elektrik M\u00fchendisleri Odas\u0131 (EMO) Mersin \u015eubesi Ba\u015fkan\u0131 Seyfettin Atar: \u201cEnerji \u00fcretiminde her zaman do\u011fru se\u00e7enekler vard\u0131r. B\u00fct\u00fcn mesele enerji t\u00fcketiminin \u00f6zendirilerek artt\u0131r\u0131lmas\u0131 de\u011fil, ihtiya\u00e7 \u00fczerinden planlanan kamusal bir anlay\u0131\u015f\u0131n tercih edildi\u011fi, \u00e7evreye uyumlu bir enerji politikas\u0131 yarat\u0131lmas\u0131d\u0131r.\u201d<\/strong><\/p>\n<p style=\"color: #666666;\">T\u00fcrkiye\u2019nin\u00a0<span style=\"font-weight: bold; color: #222222;\">enerji politikas\u0131na\u00a0<\/span>y\u00f6nelik tart\u0131\u015fmalar s\u00fcr\u00fcyor. sivil toplum kurulu\u015flar\u0131, akademik \u00e7evreler ve uzmanlar \u00e7evreye uyumlu bir enerjinin gerek<a href=\"https:\/\/www.enerjigazetesi.ist\/wp-content\/uploads\/2016\/01\/cevreye-uyumlu-bir-enerji-politikasi-yaratilmali.jpeg\"><img loading=\"lazy\" class=\"alignleft  wp-image-49048\" src=\"https:\/\/www.enerjigazetesi.ist\/wp-content\/uploads\/2016\/01\/cevreye-uyumlu-bir-enerji-politikasi-yaratilmali-300x110.jpeg\" alt=\"cevreye-uyumlu-bir-enerji-politikasi-yaratilmali\" width=\"315\" height=\"151\" \/><\/a>lili\u011finin alt\u0131n\u0131 \u00e7iziyor.<\/p>\n<p style=\"color: #666666;\">Elektrik M\u00fchendisleri Odas\u0131 (EMO) Mersin \u015eubesi\u2019nin hafta sonunda yap\u0131lan genel kurulunda mevcut \u015eube Ba\u015fkan\u0131 Seyfettin Atar g\u00fcven tazeleyerek yeniden ba\u015fkan se\u00e7ildi.<\/p>\n<p style=\"color: #666666;\">EMO Mersin \u015eubesi\u2019nin 9. Ola\u011fan Genel Kurulu, 9-10 Ocak 2016 tarihlerinde ger\u00e7ekle\u015ftirildi. EMO binas\u0131nda yap\u0131lan genel kurula CHP Mersin Milletvekilleri Aytu\u011f At\u0131c\u0131, Serdal Kuyucuo\u011flu ve H\u00fcseyin \u00c7amak ile Akdeniz Belediyesi E\u015f Ba\u015fkan\u0131 Mehmet Faz\u0131l T\u00fcrk de konuk olarak kat\u0131ld\u0131.<\/p>\n<p style=\"color: #666666;\">Genel kurulda konu\u015fan \u015eube Ba\u015fkan\u0131 Atar, 8. d\u00f6nemi birlikte \u00fcretme, karar alma ve y\u00f6netme ilkeleriyle tamamlad\u0131klar\u0131n\u0131 s\u00f6yledi. T\u00fcrkiye\u2019nin<span style=\"font-weight: bold; color: #222222;\">\u00a0enerji politikalar\u0131n\u0131<\/span>\u00a0ele\u015ftiren Atar, T\u00fcrkiye\u2019nin enerjide y\u00fczde 72 oran\u0131nda d\u0131\u015fa ba\u011f\u0131ml\u0131 oldu\u011funu belirterek, bu d\u0131\u015fa ba\u011f\u0131ml\u0131l\u0131\u011f\u0131n azalt\u0131lmas\u0131 iddias\u0131yla Mersin\u2019e Akkuyu N\u00fckleer Santrali\u2019nin yap\u0131lmas\u0131n\u0131n ise yanl\u0131\u015f oldu\u011funu kaydetti. Atar, \u201cKendi topraklar\u0131m\u0131zda ba\u015fka \u00fclkelerin yapmas\u0131na ve i\u015fletilmesine verilmi\u015f olan bu proje hem ekonomik hem stratejik hem de planlama olarak tamamen yanl\u0131\u015ft\u0131r. Bundan dolay\u0131d\u0131r ki, her zaman alt\u0131n\u0131 \u00e7izerek ifade etti\u011fimiz gibi kullan\u0131ma haz\u0131r 48 bin megawatt saat r\u00fczgar, 380 milyar kilowatt saat\u00a0<span style=\"font-weight: bold; color: #222222;\">g\u00fcne\u015f enerjisi\u00a0<\/span>potansiyel kaynaklar\u0131m\u0131z ivedilikle hayata ge\u00e7irilmelidir. Enerji \u00fcretiminde her zaman do\u011fru se\u00e7enekler vard\u0131r. B\u00fct\u00fcn mesele\u00a0<span style=\"font-weight: bold; color: #222222;\">enerji t\u00fcketiminin<\/span>\u00a0\u00f6zendirilerek artt\u0131r\u0131lmas\u0131 de\u011fil, ihtiya\u00e7 \u00fczerinden planlanan kamusal bir anlay\u0131\u015f\u0131n tercih edildi\u011fi, \u00e7evreye uyumlu bir enerji politikas\u0131 yarat\u0131lmas\u0131d\u0131r.<span style=\"font-weight: bold; color: #222222;\">\u00a0Enerjinin<\/span>\u00a0kamusal bir hak olarak ele al\u0131nmas\u0131 gerekti\u011fini, \u00f6zel sekt\u00f6re ihale edilemeyece\u011fini ve tek merkezden planlanmas\u0131 gerekti\u011fini y\u0131llard\u0131r s\u00f6yl\u00fcyoruz\u201d dedi.<\/p>\n<p style=\"color: #666666;\">Haberin devam\u0131 i\u00e7in\u00a0<a style=\"color: #fc8d8d;\" href=\"http:\/\/www.milliyet.com.tr\/emo-mersin-subesi-nde-atar-yeniden-baskan-mersin-yerelhaber-1157050\/\" target=\"_blank\">t\u0131klay\u0131n&gt;&gt;&gt;<\/a><\/p>\n<p style=\"color: #666666;\">Kaynak: Milliyet<\/p>\n<p><\/p>","protected":false},"excerpt":{"rendered":"<p>Sorry, this entry is only available in Turkish. For the sake of viewer convenience, the content is shown below in the alternative language. You may click the link to switch the active language. Elektrik M\u00fchendisleri Odas\u0131 (EMO) Mersin \u015eubesi Ba\u015fkan\u0131 Seyfettin Atar: \u201cEnerji \u00fcretiminde her zaman do\u011fru se\u00e7enekler vard\u0131r. B\u00fct\u00fcn mesele enerji t\u00fcketiminin \u00f6zendirilerek artt\u0131r\u0131lmas\u0131 [&hellip;]<\/p>\n","protected":false},"author":1,"featured_media":49048,"comment_status":"open","ping_status":"open","sticky":false,"template":"","format":"standard","meta":[],"categories":[53],"tags":[1887,1103,63,67,1009,2698,165,227,13,69,16,27937],"views":666,"_links":{"self":[{"href":"https:\/\/www.enerjigazetesi.ist\/en\/wp-json\/wp\/v2\/posts\/49047"}],"collection":[{"href":"https:\/\/www.enerjigazetesi.ist\/en\/wp-json\/wp\/v2\/posts"}],"about":[{"href":"https:\/\/www.enerjigazetesi.ist\/en\/wp-json\/wp\/v2\/types\/post"}],"author":[{"embeddable":true,"href":"https:\/\/www.enerjigazetesi.ist\/en\/wp-json\/wp\/v2\/users\/1"}],"replies":[{"embeddable":true,"href":"https:\/\/www.enerjigazetesi.ist\/en\/wp-json\/wp\/v2\/comments?post=49047"}],"version-history":[{"count":1,"href":"https:\/\/www.enerjigazetesi.ist\/en\/wp-json\/wp\/v2\/posts\/49047\/revisions"}],"predecessor-version":[{"id":49049,"href":"https:\/\/www.enerjigazetesi.ist\/en\/wp-json\/wp\/v2\/posts\/49047\/revisions\/49049"}],"wp:featuredmedia":[{"embeddable":true,"href":"https:\/\/www.enerjigazetesi.ist\/en\/wp-json\/wp\/v2\/media\/49048"}],"wp:attachment":[{"href":"https:\/\/www.enerjigazetesi.ist\/en\/wp-json\/wp\/v2\/media?parent=49047"}],"wp:term":[{"taxonomy":"category","embeddable":true,"href":"https:\/\/www.enerjigazetesi.ist\/en\/wp-json\/wp\/v2\/categories?post=49047"},{"taxonomy":"post_tag","embeddable":true,"href":"https:\/\/www.enerjigazetesi.ist\/en\/wp-json\/wp\/v2\/tags?post=49047"}],"curies":[{"name":"wp","href":"https:\/\/api.w.org\/{rel}","templated":true}]}}