{"id":4903,"date":"2013-01-03T11:29:21","date_gmt":"2013-01-03T08:29:21","guid":{"rendered":"https:\/\/www.enerjigazetesi.ist\/?p=4903"},"modified":"2013-01-03T11:29:21","modified_gmt":"2013-01-03T08:29:21","slug":"tureb-avrupa-ruzgar-enerjisi-sektorunu-istanbulda-agirlayacak","status":"publish","type":"post","link":"https:\/\/www.enerjigazetesi.ist\/en\/tureb-avrupa-ruzgar-enerjisi-sektorunu-istanbulda-agirlayacak\/","title":{"rendered":"(Turkish) T\u00dcREB Avrupa R\u00fczgar Enerjisi Sekt\u00f6r\u00fcn\u00fc \u0130stanbul&#8217;da A\u011f\u0131rlayacak"},"content":{"rendered":"<p class=\"qtranxs-available-languages-message qtranxs-available-languages-message-en\">Sorry, this entry is only available in <a href=\"https:\/\/www.enerjigazetesi.ist\/tr\/wp-json\/wp\/v2\/posts\/4903\" class=\"qtranxs-available-language-link qtranxs-available-language-link-tr\" title=\"Turkish\">Turkish<\/a>. For the sake of viewer convenience, the content is shown below in the alternative language. You may click the link to switch the active language.<\/p><p><strong><img loading=\"lazy\" class=\"alignleft size-medium wp-image-4904\" title=\"ewea-2015-istanbul\" src=\"https:\/\/www.enerjigazetesi.ist\/wp-content\/uploads\/2013\/01\/ewea-2015-istanbul-300x163.jpg\" alt=\"\" width=\"300\" height=\"163\" srcset=\"https:\/\/www.enerjigazetesi.ist\/wp-content\/uploads\/2013\/01\/ewea-2015-istanbul-300x163.jpg 300w, https:\/\/www.enerjigazetesi.ist\/wp-content\/uploads\/2013\/01\/ewea-2015-istanbul-80x43.jpg 80w, https:\/\/www.enerjigazetesi.ist\/wp-content\/uploads\/2013\/01\/ewea-2015-istanbul.jpg 460w\" sizes=\"(max-width: 300px) 100vw, 300px\" \/>Avrupa R\u00fczgar Enerjisi Birli\u011fi&#8217;nin 2015&#8217;teki y\u0131ll\u0131k toplant\u0131s\u0131 T\u00dcREB&#8217;in ev\u00a0 sahipli\u011finde \u0130stanbul&#8217;da d\u00fczenlenecek.<\/strong><\/p>\n<p>T\u00fcrkiye R\u00fczgar Enerjisi Birli\u011fi taraf\u0131ndan Avrupa R\u00fczgar Enerjisi Birli\u011fi\u00a0 (EWEA) taraf\u0131ndan her y\u0131l d\u00fczenlenen Avrupa R\u00fczgar Enerjisi Kongresi&#8217;nin 2015\u00a0 y\u0131l\u0131nda \u0130stanbul&#8217;da d\u00fczenlenmesine karar verildi\u011fi bildirildi.<\/p>\n<p>T\u00dcREB&#8217;ten konu ile ilgili yap\u0131lan a\u00e7\u0131klamada Bel\u00e7ika&#8217;n\u0131n ba\u015fkenti Br\u00fcksel&#8217;de\u00a0 12 Aral\u0131k 2012 tarihinde d\u00fczenlenen EWEA Y\u00f6netim Kurulu toplant\u0131s\u0131nda EWEA 2015\u2019 in \u0130stanbul, T\u00fcrkiye&#8217;de yap\u0131lmas\u0131na karar verildi\u011fi bildirildi.<\/p>\n<p>A\u00e7\u0131klamada \u015fu ifadelere yer verildi;<\/p>\n<p>&#8221;T\u00dcREB olarak, her y\u0131l farkl\u0131 bir \u00fclkede yap\u0131lan Avrupa R\u00fczgar Enerjisi\u00a0 Kongresi (EWEA)\u2019nin, 2015 y\u0131l\u0131nda T\u00fcrkiye\u2019de ger\u00e7ekle\u015ftirilmesi amac\u0131yla ba\u015f koydu\u011fumuz adayl\u0131k s\u00fcrecini, uzun zamand\u0131r b\u00fcy\u00fck bir gayretle ve sizlerden\u00a0 ald\u0131\u011f\u0131m\u0131z destekle y\u00fcr\u00fctt\u00fck.<\/p>\n<p>Br\u00fcksel Bel\u00e7ika\u2019da 12.12.2012 yap\u0131lan, EWEA Y\u00f6netim Kurulu toplant\u0131s\u0131nda\u00a0 EWEA 2015\u2019 in \u0130stanbul, T\u00fcrkiye de yap\u0131lmas\u0131na karar verildi\u011fi bildirmekten\u00a0 b\u00fcy\u00fck bir mutluluk ve onur duyar\u0131z.<\/p>\n<p>R\u00fczgar enerjisi sekt\u00f6r\u00fcn\u00fcn \u00fclkemizde geli\u015fimi a\u00e7\u0131s\u0131ndan \u00f6nem arz eden EWEA\u00a0 2015 etkinli\u011finin al\u0131nmas\u0131 konusunda T\u00fcrkiye R\u00fczgar Enerjisi Birli\u011fine g\u00f6stermi\u015f oldu\u011funuz m\u00fcthi\u015f deste\u011fe lay\u0131k olmaya \u00e7al\u0131\u015faca\u011f\u0131z.&#8217;<\/p>\n<p>Kaynak: <a href=\"http:\/\/www.yesilekonomi.com\/yenilenebilir-enerji\/tureb-avrupa-ruzgar-enerjisi-sektorunu-istanbulda-agirlayacak\" target=\"_blank\">Ye\u015fil Ekonomi<\/a><\/p>","protected":false},"excerpt":{"rendered":"<p>Sorry, this entry is only available in Turkish. For the sake of viewer convenience, the content is shown below in the alternative language. You may click the link to switch the active language.Avrupa R\u00fczgar Enerjisi Birli\u011fi&#8217;nin 2015&#8217;teki y\u0131ll\u0131k toplant\u0131s\u0131 T\u00dcREB&#8217;in ev\u00a0 sahipli\u011finde \u0130stanbul&#8217;da d\u00fczenlenecek. T\u00fcrkiye R\u00fczgar Enerjisi Birli\u011fi taraf\u0131ndan Avrupa R\u00fczgar Enerjisi Birli\u011fi\u00a0 (EWEA) taraf\u0131ndan [&hellip;]<\/p>\n","protected":false},"author":1,"featured_media":4904,"comment_status":"open","ping_status":"open","sticky":false,"template":"","format":"standard","meta":[],"categories":[53,50],"tags":[1681,1683,1684,1682],"views":653,"_links":{"self":[{"href":"https:\/\/www.enerjigazetesi.ist\/en\/wp-json\/wp\/v2\/posts\/4903"}],"collection":[{"href":"https:\/\/www.enerjigazetesi.ist\/en\/wp-json\/wp\/v2\/posts"}],"about":[{"href":"https:\/\/www.enerjigazetesi.ist\/en\/wp-json\/wp\/v2\/types\/post"}],"author":[{"embeddable":true,"href":"https:\/\/www.enerjigazetesi.ist\/en\/wp-json\/wp\/v2\/users\/1"}],"replies":[{"embeddable":true,"href":"https:\/\/www.enerjigazetesi.ist\/en\/wp-json\/wp\/v2\/comments?post=4903"}],"version-history":[{"count":1,"href":"https:\/\/www.enerjigazetesi.ist\/en\/wp-json\/wp\/v2\/posts\/4903\/revisions"}],"predecessor-version":[{"id":4905,"href":"https:\/\/www.enerjigazetesi.ist\/en\/wp-json\/wp\/v2\/posts\/4903\/revisions\/4905"}],"wp:featuredmedia":[{"embeddable":true,"href":"https:\/\/www.enerjigazetesi.ist\/en\/wp-json\/wp\/v2\/media\/4904"}],"wp:attachment":[{"href":"https:\/\/www.enerjigazetesi.ist\/en\/wp-json\/wp\/v2\/media?parent=4903"}],"wp:term":[{"taxonomy":"category","embeddable":true,"href":"https:\/\/www.enerjigazetesi.ist\/en\/wp-json\/wp\/v2\/categories?post=4903"},{"taxonomy":"post_tag","embeddable":true,"href":"https:\/\/www.enerjigazetesi.ist\/en\/wp-json\/wp\/v2\/tags?post=4903"}],"curies":[{"name":"wp","href":"https:\/\/api.w.org\/{rel}","templated":true}]}}