{"id":49020,"date":"2016-01-12T13:29:43","date_gmt":"2016-01-12T10:29:43","guid":{"rendered":"https:\/\/www.enerjigazetesi.ist\/?p=49020"},"modified":"2016-01-12T13:29:43","modified_gmt":"2016-01-12T10:29:43","slug":"dogalgaz-ithalati-ve-ihracati-serbest-birakilmali","status":"publish","type":"post","link":"https:\/\/www.enerjigazetesi.ist\/en\/dogalgaz-ithalati-ve-ihracati-serbest-birakilmali\/","title":{"rendered":"(Turkish) \u201cDo\u011falgaz \u0130thalat\u0131 ve \u0130hracat\u0131 Serbest B\u0131rak\u0131lmal\u0131!\u201d"},"content":{"rendered":"<p class=\"qtranxs-available-languages-message qtranxs-available-languages-message-en\">Sorry, this entry is only available in <a href=\"https:\/\/www.enerjigazetesi.ist\/tr\/wp-json\/wp\/v2\/posts\/49020\" class=\"qtranxs-available-language-link qtranxs-available-language-link-tr\" title=\"Turkish\">Turkish<\/a>. For the sake of viewer convenience, the content is shown below in the alternative language. You may click the link to switch the active language.<\/p><p><\/p>\n<p style=\"color: #0a0a0a;\"><strong>TUS\u0130AD Y\u00f6netim Kurulu Ba\u015fkan\u0131 Symes, BOTA\u015e\u2019\u0131n piyasadaki rol\u00fcn\u00fcn de\u011fi\u015fmesi gerekti\u011fini savundu.<\/strong><\/p>\n<p style=\"color: #0a0a0a;\">T\u00dcS\u0130AD Y\u00f6netim Kurulu Ba\u015fkan\u0131 Cansen Ba\u015faran Symes,\u00a02013 y\u0131l\u0131ndan itibaren \u00fczerinde \u00e7al\u0131\u015f\u0131lan Do\u011falgaz Piyasas\u0131 Kanunu\u2019nun revizyonunun sonu\u00e7land\u0131r\u0131lmas\u0131n\u0131 beklediklerini, elektrik piyasalar\u0131nda arzu edilen serbes<a href=\"https:\/\/www.enerjigazetesi.ist\/wp-content\/uploads\/2016\/01\/dogalgaz-ithalati-ve-ihracati-serbest-birakilmali.jpg\"><img loading=\"lazy\" class=\"alignright size-medium wp-image-49021\" src=\"https:\/\/www.enerjigazetesi.ist\/wp-content\/uploads\/2016\/01\/dogalgaz-ithalati-ve-ihracati-serbest-birakilmali-300x165.jpg\" alt=\"dogalgaz-ithalati-ve-ihracati-serbest-birakilmali\" width=\"300\" height=\"165\" srcset=\"https:\/\/www.enerjigazetesi.ist\/wp-content\/uploads\/2016\/01\/dogalgaz-ithalati-ve-ihracati-serbest-birakilmali-300x165.jpg 300w, https:\/\/www.enerjigazetesi.ist\/wp-content\/uploads\/2016\/01\/dogalgaz-ithalati-ve-ihracati-serbest-birakilmali-500x276.jpg 500w, https:\/\/www.enerjigazetesi.ist\/wp-content\/uploads\/2016\/01\/dogalgaz-ithalati-ve-ihracati-serbest-birakilmali-80x44.jpg 80w, https:\/\/www.enerjigazetesi.ist\/wp-content\/uploads\/2016\/01\/dogalgaz-ithalati-ve-ihracati-serbest-birakilmali.jpg 696w\" sizes=\"(max-width: 300px) 100vw, 300px\" \/><\/a>tle\u015fmenin do\u011falgaz serbestle\u015fmeden m\u00fcmk\u00fcn olamayaca\u011f\u0131n\u0131 s\u00f6yledi ve \u2018Do\u011falgaz\u0131n ithalat ile ihracat\u0131n\u0131n serbest b\u0131rak\u0131lmas\u0131 beklentimizi \u00f6nemle ifade etmek istiyorum\u2019 \u015feklinde konu\u015ftu.<span id=\"more-75386\"><\/span><\/p>\n<p style=\"color: #0a0a0a;\">T\u00fcrk Sanayicileri ve \u0130\u015fadamlar\u0131 Derne\u011fi (T\u00dcS\u0130AD) ve Sabanc\u0131 \u00dcniversitesi \u0130stanbul Uluslararas\u0131 Enerji ve \u0130klim Merkezi (IICEC) i\u015fbirli\u011fiyle, \u2018Paris \u0130klim Zirvesi Ard\u0131ndan D\u00fcnya Enerji ve \u0130klim G\u00f6r\u00fcn\u00fcm\u00fc\u2019 ba\u015fl\u0131kl\u0131 bir toplant\u0131 ger\u00e7ekle\u015ftirildi. Levent\u2019teki Sabanc\u0131 Center\u2019da d\u00fczenlenen ve T\u00dcS\u0130AD Y\u00f6netim Kurulu Ba\u015fkan\u0131 Cansen Ba\u015faran Symes, Sabanc\u0131 \u00dcniversitesi M\u00fctevelli Heyeti Ba\u015fkan\u0131 G\u00fcler Sabanc\u0131, Enerji ve Tabii Kaynaklar Bakanl\u0131\u011f\u0131 M\u00fcste\u015far\u0131 Fatih D\u00f6nmez, Uluslararas\u0131 Enerji Ajans\u0131 \u0130cra Direkt\u00f6r\u00fc Fatih Birol konu\u015fmac\u0131 olarak kat\u0131ld\u0131\u011f\u0131 toplant\u0131da sekt\u00f6r temsilcileri, yerli ve yabanc\u0131 \u00e7ok say\u0131da davetli yer ald\u0131.<\/p>\n<p style=\"color: #0a0a0a;\">Cansen Ba\u015faran Symes, T\u00dcS\u0130AD olarak enerji sekt\u00f6r\u00fcn\u00fcn stratejik \u00f6nemini her f\u0131rsatta vurgulad\u0131klar\u0131n\u0131 belirterek sekt\u00f6r\u00fcn ekonomi i\u00e7in ciddi bir role sahip oldu\u011funu s\u00f6yledi. Enerji piyasalar\u0131nda yap\u0131sal d\u00f6n\u00fc\u015f\u00fcm\u00fcn tamamlanmas\u0131na y\u00f6nelik ihtiyac\u0131n devam etti\u011fine dikkat \u00e7eken Ba\u015faran, \u201cBahsetti\u011fimiz d\u00f6n\u00fc\u015f\u00fcm daha serbest, daha \u015feffaf ve daha verimli bir enerji sekt\u00f6r\u00fc ve b\u00f6yle bir piyasaya d\u00f6n\u00fc\u015f\u00fcmd\u00fcr. Bug\u00fcne kadar enerji piyasalar\u0131nda serbestle\u015fmeye y\u00f6nelik \u00e7ok \u00f6nemli ad\u0131mlar at\u0131ld\u0131\u201d diye konu\u015ftu.<\/p>\n<p style=\"color: #0a0a0a;\">Symes, piyasan\u0131n serbestle\u015fmesini ileriye ta\u015f\u0131mak i\u00e7in at\u0131lmas\u0131 gereken baz\u0131 \u00f6ncelikli ad\u0131mlar oldu\u011funa vurgu yapt\u0131. Ba\u015faran \u015f\u00f6yle konu\u015ftu:<\/p>\n<p style=\"color: #0a0a0a;\">\u201c\u00d6ncelikle maliyetlerin alt\u0131nda enerji fiyatlar\u0131 enerji verimlili\u011fini \u00f6zendirmeyerek bu alanda \u00fclkemizin \u00e7ok \u00f6nemli potansiyellerini ekonomiye kazand\u0131r\u0131lmas\u0131na engel olu\u015fturmaktad\u0131r. Enerji piyasalar\u0131n\u0131n b\u00fct\u00fcn\u00fcnde enerji fiyatlar\u0131n\u0131n arz talep dengesinde olu\u015fmas\u0131, enerjinin verimli kullan\u0131m\u0131n\u0131 sa\u011flayacak, bunun yan\u0131 s\u0131ra sekt\u00f6rde \u00f6ng\u00f6r\u00fclebilirlik kamu maliyesinde de s\u00fcrd\u00fcr\u00fclebilirli\u011fe katk\u0131da bulunacakt\u0131r.\u201d<\/p>\n<p style=\"color: #0a0a0a;\"><strong>\u2018Do\u011falgaz ithalat\u0131 ve ihracat\u0131 serbest b\u0131rak\u0131lmal\u0131\u2019<\/strong><\/p>\n<p style=\"color: #0a0a0a;\">2013 y\u0131l\u0131ndan itibaren \u00fczerinde \u00e7al\u0131\u015f\u0131lan Do\u011falgaz Piyasas\u0131 Kanunu\u2019nun revizyonunun sonu\u00e7land\u0131r\u0131lmas\u0131n\u0131 beklediklerini kaydeden Cansen Ba\u015faran Symes, elektrik piyasalar\u0131nda arzu edilen serbestle\u015fmenin do\u011falgaz serbestle\u015fmeden m\u00fcmk\u00fcn olamayaca\u011f\u0131n\u0131 kaydetti. Ba\u015faran, \u201cBu kanun serbest \u015feffaf likit bir do\u011falgaz piyasas\u0131 olu\u015fturacak \u015fekilde ivedilikle de\u011fi\u015ftirilmesi fevkalade \u00f6nem ta\u015f\u0131maktad\u0131r. Bu noktada bir di\u011fer husus BOTA\u015e\u2019\u0131n piyasadaki rol\u00fcd\u00fcr. BOTA\u015e\u2019\u0131n ithalattaki pay\u0131n\u0131n d\u00fc\u015f\u00fcr\u00fclerek di\u011fer piyasa oyuncular\u0131 gibi hareket etmesinin sa\u011fland\u0131\u011f\u0131 bir piyasa yap\u0131s\u0131n\u0131n olu\u015fturulmas\u0131 ve do\u011falgaz\u0131n ithalat ile ihracat\u0131n\u0131n serbest b\u0131rak\u0131lmas\u0131 beklentimizi \u00f6nemle ifade etmek istiyorum\u201d dedi.<\/p>\n<p style=\"color: #0a0a0a;\">\u201cEnerji sekt\u00f6r\u00fcn\u00fcn s\u00fcrd\u00fcr\u00fclebilirli\u011fini, yat\u0131r\u0131mlar\u0131n devaml\u0131l\u0131\u011f\u0131n\u0131 ve enerjinin verimli kullan\u0131m\u0131n\u0131 te\u015fvik edecek \u015fekilde d\u00fczenlemelerin kararl\u0131l\u0131kla hayata ge\u00e7irilmesine ihtiya\u00e7 duyuyoruz\u201d diyen Symes, \u201cYeni h\u00fck\u00fcmetimizin yat\u0131r\u0131mlar \u00fczerinde titizlikle durmas\u0131n\u0131 memnuniyetle kar\u015f\u0131l\u0131yoruz. Ancak yeni h\u00fck\u00fcmet program\u0131nda T\u00fcrkiye ekonomisi i\u00e7in son derece kritik \u00f6nem arz etti\u011fini d\u00fc\u015f\u00fcnd\u00fc\u011f\u00fcm\u00fcz enerji piyasalar\u0131n\u0131n serbestle\u015fmesine y\u00f6nelik bir eylem maalesef bulunmamaktad\u0131r. \u00d6n\u00fcm\u00fczdeki d\u00f6nemde enerji sekt\u00f6r\u00fcne y\u00f6nelik \u00f6nceliklerin reform paketinin bir par\u00e7as\u0131 olaca\u011f\u0131 temennimizi bir kez daha ifade etmek isterim\u201d \u015feklinde konu\u015ftu.<\/p>\n<p style=\"color: #0a0a0a;\"><strong>\u2018B\u00f6lgesel riskleri itici bir g\u00fc\u00e7 olarak g\u00f6rmemiz gerek\u2019<\/strong><\/p>\n<p style=\"color: #0a0a0a;\">Cansen Ba\u015faran Symes, enerji politikalar\u0131n\u0131n orta ve uzun vadeli bir vizyonla b\u00f6lgesel dinamikler g\u00f6z \u00f6n\u00fcnde bulundurularak tasarlanmas\u0131 gerekti\u011fini ifade etti. Ba\u015faran, \u201cSon d\u00f6nemde yak\u0131n co\u011frafyam\u0131zda ya\u015fad\u0131\u011f\u0131m\u0131z geli\u015fmeler arz g\u00fcvenli\u011finin bize jeopolitik tablodan ne kadar etkilenebilece\u011fini son derece net g\u00f6sterdi. T\u00dcS\u0130AD olarak arz g\u00fcvenli\u011fine ili\u015fkin tehditleri ve b\u00f6lgesel riskleri enerji sekt\u00f6r\u00fcn\u00fcn yap\u0131sal d\u00f6n\u00fc\u015f\u00fcm\u00fc i\u00e7in itici bir g\u00fc\u00e7 olarak g\u00f6rmemiz gerekti\u011fini d\u00fc\u015f\u00fcn\u00fcyoruz. Bu, gerek kaynak \u00e7e\u015fitlili\u011fi gerek g\u00fczergah \u00e7e\u015fitlili\u011fi ile gerekse de enerjiyi daha verimli kullanarak \u00fcstesinden gelebilece\u011fimiz bir zorluktur\u201d dedi.<\/p>\n<p style=\"color: #0a0a0a;\"><strong>\u201922 \u015eubat\u2019ta de\u011ferlendirece\u011fiz\u2019<\/strong><\/p>\n<p style=\"color: #0a0a0a;\">Paris\u2019teki \u0130klim Zirvesi\u2019nde iklim de\u011fi\u015fikli\u011fiyle ilgili olarak tarihi bir karar al\u0131nd\u0131\u011f\u0131na dikkat \u00e7eken Symes, T\u00dcS\u0130AD olarak Paris\u2019te al\u0131nan kararlar\u0131, 22 \u015eubat\u2019ta ger\u00e7ekle\u015ftirecekleri toplant\u0131da de\u011ferlendireceklerini s\u00f6yledi. Ba\u015faran Symes, \u201cParis\u2019te al\u0131nan kararlar\u0131n ku\u015fkusuz \u00fclkemiz ekonomisi i\u00e7in son derece \u00f6nemli sonu\u00e7lar\u0131 olacak. Bu k\u00fcresel uzla\u015fma enerji ba\u011flant\u0131l\u0131 politikalar\u0131n hassasiyetle ele al\u0131nmas\u0131n\u0131 gerektirecek. Anla\u015fma d\u00fc\u015f\u00fck karbon ekonomisine y\u00f6nelik yat\u0131r\u0131mlar\u0131n \u00f6n\u00fcn\u00fc a\u00e7acak d\u00fczenlemeleri te\u015fvik edicidir. Durum b\u00f6yleyken anla\u015fma metni \u00fclkemiz a\u00e7\u0131s\u0131ndan \u00f6nemli bir eksikli\u011fi bar\u0131nd\u0131r\u0131yor. Zira s\u00f6z konusu metinde geli\u015fmi\u015f ve geli\u015fmekte olan \u00fclkelere ili\u015fkin bir tan\u0131m bulunmamaktad\u0131r. Finansmana eri\u015fim ve teknoloji alan\u0131nda destek \u00fclkemiz a\u00e7\u0131s\u0131ndan iklim de\u011fi\u015fikli\u011fi ile m\u00fccadelede temel belirleyici unsurlard\u0131r. Bu belirsizli\u011fin giderilmesine y\u00f6nelik giri\u015fimlerin uluslararas\u0131 arenada ivedilikle ve \u0131srarla s\u00fcrd\u00fcr\u00fclmelidir\u201d diye konu\u015ftu.<\/p>\n<p style=\"color: #0a0a0a;\">Yenilenebilir enerji kaynaklar\u0131n\u0131n de\u011ferlendirilmesi hususunda son y\u0131llarda \u00f6nemli bir ivme yakaland\u0131\u011f\u0131n\u0131 anlatan Ba\u015faran Symes, T\u00fcrkiye\u2019nin yenilenebilir enerji potansiyelinden azami d\u00fczeyde faydalanmak i\u00e7in yat\u0131r\u0131mlar\u0131 destekleyici politikalar\u0131n devam ettirilmesi ve yat\u0131r\u0131m ortam\u0131n\u0131 iyile\u015ftirici tedbirlerin al\u0131nmas\u0131n\u0131n s\u00fcrece kayda de\u011fer bir ivme kazand\u0131raca\u011f\u0131n\u0131 belirtti.<\/p>\n<p style=\"color: #0a0a0a;\">Kaynak: Enerji Enstit\u00fcs\u00fc<\/p>\n<p><\/p>","protected":false},"excerpt":{"rendered":"<p>Sorry, this entry is only available in Turkish. For the sake of viewer convenience, the content is shown below in the alternative language. You may click the link to switch the active language. TUS\u0130AD Y\u00f6netim Kurulu Ba\u015fkan\u0131 Symes, BOTA\u015e\u2019\u0131n piyasadaki rol\u00fcn\u00fcn de\u011fi\u015fmesi gerekti\u011fini savundu. T\u00dcS\u0130AD Y\u00f6netim Kurulu Ba\u015fkan\u0131 Cansen Ba\u015faran Symes,\u00a02013 y\u0131l\u0131ndan itibaren \u00fczerinde \u00e7al\u0131\u015f\u0131lan [&hellip;]<\/p>\n","protected":false},"author":1,"featured_media":49021,"comment_status":"open","ping_status":"open","sticky":false,"template":"","format":"standard","meta":[],"categories":[46,53],"tags":[531,27925,92,226,19761,27926,2677,63,67,1009,2698,165,11481,1481],"views":629,"_links":{"self":[{"href":"https:\/\/www.enerjigazetesi.ist\/en\/wp-json\/wp\/v2\/posts\/49020"}],"collection":[{"href":"https:\/\/www.enerjigazetesi.ist\/en\/wp-json\/wp\/v2\/posts"}],"about":[{"href":"https:\/\/www.enerjigazetesi.ist\/en\/wp-json\/wp\/v2\/types\/post"}],"author":[{"embeddable":true,"href":"https:\/\/www.enerjigazetesi.ist\/en\/wp-json\/wp\/v2\/users\/1"}],"replies":[{"embeddable":true,"href":"https:\/\/www.enerjigazetesi.ist\/en\/wp-json\/wp\/v2\/comments?post=49020"}],"version-history":[{"count":1,"href":"https:\/\/www.enerjigazetesi.ist\/en\/wp-json\/wp\/v2\/posts\/49020\/revisions"}],"predecessor-version":[{"id":49022,"href":"https:\/\/www.enerjigazetesi.ist\/en\/wp-json\/wp\/v2\/posts\/49020\/revisions\/49022"}],"wp:featuredmedia":[{"embeddable":true,"href":"https:\/\/www.enerjigazetesi.ist\/en\/wp-json\/wp\/v2\/media\/49021"}],"wp:attachment":[{"href":"https:\/\/www.enerjigazetesi.ist\/en\/wp-json\/wp\/v2\/media?parent=49020"}],"wp:term":[{"taxonomy":"category","embeddable":true,"href":"https:\/\/www.enerjigazetesi.ist\/en\/wp-json\/wp\/v2\/categories?post=49020"},{"taxonomy":"post_tag","embeddable":true,"href":"https:\/\/www.enerjigazetesi.ist\/en\/wp-json\/wp\/v2\/tags?post=49020"}],"curies":[{"name":"wp","href":"https:\/\/api.w.org\/{rel}","templated":true}]}}