{"id":48911,"date":"2016-01-09T14:29:10","date_gmt":"2016-01-09T11:29:10","guid":{"rendered":"https:\/\/www.enerjigazetesi.ist\/?p=48911"},"modified":"2016-01-09T14:29:10","modified_gmt":"2016-01-09T11:29:10","slug":"ispanya-2015te-en-ucuz-elektrigi-ruzgar-enerjisinden-uretti","status":"publish","type":"post","link":"https:\/\/www.enerjigazetesi.ist\/en\/ispanya-2015te-en-ucuz-elektrigi-ruzgar-enerjisinden-uretti\/","title":{"rendered":"(Turkish) \u0130spanya 2015\u2019te En Ucuz Elektri\u011fi R\u00fczgar Enerjisinden \u00dcretti!"},"content":{"rendered":"<p class=\"qtranxs-available-languages-message qtranxs-available-languages-message-en\">Sorry, this entry is only available in <a href=\"https:\/\/www.enerjigazetesi.ist\/tr\/wp-json\/wp\/v2\/posts\/48911\" class=\"qtranxs-available-language-link qtranxs-available-language-link-tr\" title=\"Turkish\">Turkish<\/a>. For the sake of viewer convenience, the content is shown below in the alternative language. You may click the link to switch the active language.<\/p><p><\/p>\n<p style=\"color: #444444;\"><strong>\u0130spanya 2015 y\u0131l\u0131nda r\u00fczgar enerjisinde yeni bir rekor k\u0131rd\u0131. \u0130spanyol R\u00fczgar Enerjisi Sekt\u00f6r\u00fc Birli\u011fi (Asociacion Empresarial Eolica&#8217;s &#8211; AEE) taraf\u0131ndan yap\u0131lan a\u00e7\u0131klamaya g\u00f6re r\u00fczgar enerjisi 2015\u2019te \u00fclkenin en ucuz elektrik kayna\u011f\u0131 oldu.<\/strong><\/p>\n<p style=\"color: #444444;\">Birli\u011fin \u0130spanyol elektrik da\u011f\u0131t\u0131m \u015firketi Red El\u00e9ctrica de Espa\u00f1a (REE) taraf\u0131ndan a\u00e7\u0131klanan verilere dayanarak yapt\u0131\u011f\u0131 incelemeye g\u00f6re \u00fclkedeki r\u00fczgar enerjisi santrallerinde 2015\u2019te \u00fcretilen elektri\u011fin megavat-saat ba\u015f\u0131na ortalam<a href=\"https:\/\/www.enerjigazetesi.ist\/wp-content\/uploads\/2016\/01\/ispanya-2015te-en-ucuz-elektrigi-ruzgar-enerjisinden-uretti.jpg\"><img loading=\"lazy\" class=\"alignright size-medium wp-image-48914\" src=\"https:\/\/www.enerjigazetesi.ist\/wp-content\/uploads\/2016\/01\/ispanya-2015te-en-ucuz-elektrigi-ruzgar-enerjisinden-uretti-300x163.jpg\" alt=\"ispanya-2015te-en-ucuz-elektrigi-ruzgar-enerjisinden-uretti\" width=\"300\" height=\"163\" srcset=\"https:\/\/www.enerjigazetesi.ist\/wp-content\/uploads\/2016\/01\/ispanya-2015te-en-ucuz-elektrigi-ruzgar-enerjisinden-uretti-300x163.jpg 300w, https:\/\/www.enerjigazetesi.ist\/wp-content\/uploads\/2016\/01\/ispanya-2015te-en-ucuz-elektrigi-ruzgar-enerjisinden-uretti-80x43.jpg 80w, https:\/\/www.enerjigazetesi.ist\/wp-content\/uploads\/2016\/01\/ispanya-2015te-en-ucuz-elektrigi-ruzgar-enerjisinden-uretti.jpg 460w\" sizes=\"(max-width: 300px) 100vw, 300px\" \/><\/a>a sat\u0131\u015f fiyat\u0131 46,14 avro oldu.<\/p>\n<p style=\"color: #444444;\">Bu rakam hidroelektrik santrallerde 50,69 avro, termik ile n\u00fckleer enerji santrallerinde 50,94 avro, fotovoltaik santrallerde ise 52,14 avro olarak ger\u00e7ekle\u015fti.<\/p>\n<p style=\"color: #444444;\">A\u00e7\u0131klamada bu rakama elektrik t\u00fcketicilerinin faturalar\u0131na\u00a0 yenilenebilir enerji te\u015fviklerinden dolay\u0131 yans\u0131yacak tutarlar\u0131n dahil olmad\u0131\u011f\u0131 hat\u0131rlat\u0131l\u0131rken, \u00fclkenin 23 GW\u2019l\u0131k r\u00fczgar enerjisi g\u00fcc\u00fcn\u00fcn 8,5 GW\u2019l\u0131k b\u00f6l\u00fcm\u00fcn\u00fcn ise 2014 y\u0131l\u0131ndaki enerji piyasas\u0131 reformu dolay\u0131s\u0131 ile herhangi bir te\u015fvikten yararlanmad\u0131\u011f\u0131n\u0131n da alt\u0131 \u00e7izildi.<\/p>\n<p style=\"color: #444444;\">R\u00fczgar enerjisinin ge\u00e7en y\u0131l 47.600 gigavat-saat ile \u00fclkenin elektrik \u00fcretiminin y\u00fczde 19\u2019unu kar\u015f\u0131lad\u0131\u011f\u0131 bilgisinin de verildi\u011fi birli\u011fin a\u00e7\u0131klamas\u0131nda bu santrallerin\u00a0\u00fclke ekonomisine yapt\u0131\u011f\u0131 katk\u0131ya dikkat \u00e7ekildi.<\/p>\n<p style=\"color: #444444;\">Birli\u011fin hesaplamas\u0131na g\u00f6re\u00a0\u00fclkede r\u00fczgar enerjisi i\u00e7in sa\u011flanan toplam te\u015fvik yaln\u0131zca 1,254 milyon avro iken, bu santrallerin olmamas\u0131 halinde \u0130spanya\u2019n\u0131n 2015 y\u0131l\u0131 ortalama elektrik sat\u0131\u015f fiyatlar\u0131 y\u00fczde 23,8 artabilecek, dolay\u0131s\u0131 ile \u00fclke ekonomisine toplamda 2,952 milyar avroluk\u00a0 y\u00fck getirebilecekti.<\/p>\n<p style=\"color: #444444;\">AEE taraf\u0131ndan verilen bilgilere g\u00f6re r\u00fczgar enerjisi sekt\u00f6r\u00fc \u0130spanya\u2019daki 10 milyon evin elektrik ihtiyac\u0131n\u0131 kar\u015f\u0131larken, 27 bin ki\u015fiye istihdam, \u00fclke ekonomisine ise teknoloji ihracat\u0131 yolu 1,8 milyar avroluk kaynak sa\u011fl\u0131yor. Bu santraller \u0130spanya\u2019n\u0131n y\u0131ll\u0131k karbon ayak izinin de 22 milyon ton d\u00fc\u015f\u00fck olmas\u0131n\u0131 m\u00fcmk\u00fcn k\u0131l\u0131yor.<\/p>\n<p style=\"color: #444444;\"><img loading=\"lazy\" class=\"aligncenter\" src=\"http:\/\/yesilekonomi.com\/usrfiles\/images\/ingresos-mercado-electrico-por-tecnologias-en-2015-e1451901977646.jpg\" alt=\"\" width=\"452\" height=\"337\" \/><\/p>\n<p style=\"color: #444444;\">Kaynak: <a href=\"http:\/\/yesilekonomi.com\/yenilenebilir-enerji\/ispanya-2015te-en-ucuz-elektrigi-ruzgar-enerjisinden-uretti\" target=\"_blank\" rel=\"nofollow\">Ye\u015fil Ekonomi<\/a><\/p>\n<p><\/p>","protected":false},"excerpt":{"rendered":"<p>Sorry, this entry is only available in Turkish. For the sake of viewer convenience, the content is shown below in the alternative language. You may click the link to switch the active language. \u0130spanya 2015 y\u0131l\u0131nda r\u00fczgar enerjisinde yeni bir rekor k\u0131rd\u0131. \u0130spanyol R\u00fczgar Enerjisi Sekt\u00f6r\u00fc Birli\u011fi (Asociacion Empresarial Eolica&#8217;s &#8211; AEE) taraf\u0131ndan yap\u0131lan a\u00e7\u0131klamaya [&hellip;]<\/p>\n","protected":false},"author":1,"featured_media":48914,"comment_status":"open","ping_status":"open","sticky":false,"template":"","format":"standard","meta":[],"categories":[51,53,50],"tags":[19,27873,63,67,1009,165,4353,474,69,16,23318,4784],"views":798,"_links":{"self":[{"href":"https:\/\/www.enerjigazetesi.ist\/en\/wp-json\/wp\/v2\/posts\/48911"}],"collection":[{"href":"https:\/\/www.enerjigazetesi.ist\/en\/wp-json\/wp\/v2\/posts"}],"about":[{"href":"https:\/\/www.enerjigazetesi.ist\/en\/wp-json\/wp\/v2\/types\/post"}],"author":[{"embeddable":true,"href":"https:\/\/www.enerjigazetesi.ist\/en\/wp-json\/wp\/v2\/users\/1"}],"replies":[{"embeddable":true,"href":"https:\/\/www.enerjigazetesi.ist\/en\/wp-json\/wp\/v2\/comments?post=48911"}],"version-history":[{"count":1,"href":"https:\/\/www.enerjigazetesi.ist\/en\/wp-json\/wp\/v2\/posts\/48911\/revisions"}],"predecessor-version":[{"id":48915,"href":"https:\/\/www.enerjigazetesi.ist\/en\/wp-json\/wp\/v2\/posts\/48911\/revisions\/48915"}],"wp:featuredmedia":[{"embeddable":true,"href":"https:\/\/www.enerjigazetesi.ist\/en\/wp-json\/wp\/v2\/media\/48914"}],"wp:attachment":[{"href":"https:\/\/www.enerjigazetesi.ist\/en\/wp-json\/wp\/v2\/media?parent=48911"}],"wp:term":[{"taxonomy":"category","embeddable":true,"href":"https:\/\/www.enerjigazetesi.ist\/en\/wp-json\/wp\/v2\/categories?post=48911"},{"taxonomy":"post_tag","embeddable":true,"href":"https:\/\/www.enerjigazetesi.ist\/en\/wp-json\/wp\/v2\/tags?post=48911"}],"curies":[{"name":"wp","href":"https:\/\/api.w.org\/{rel}","templated":true}]}}