{"id":48891,"date":"2016-01-08T18:38:19","date_gmt":"2016-01-08T15:38:19","guid":{"rendered":"https:\/\/www.enerjigazetesi.ist\/?p=48891"},"modified":"2016-01-08T18:39:33","modified_gmt":"2016-01-08T15:39:33","slug":"ruzgar-veg-gunes-enerji-si-nin-gelecegi-tartisildi","status":"publish","type":"post","link":"https:\/\/www.enerjigazetesi.ist\/en\/ruzgar-veg-gunes-enerji-si-nin-gelecegi-tartisildi\/","title":{"rendered":"(Turkish) R\u00fczgar ve G\u00fcne\u015f Enerjisi&#8217;nin Gelece\u011fi Tart\u0131\u015f\u0131ld\u0131!"},"content":{"rendered":"<p class=\"qtranxs-available-languages-message qtranxs-available-languages-message-en\">Sorry, this entry is only available in <a href=\"https:\/\/www.enerjigazetesi.ist\/tr\/wp-json\/wp\/v2\/posts\/48891\" class=\"qtranxs-available-language-link qtranxs-available-language-link-tr\" title=\"Turkish\">Turkish<\/a>. For the sake of viewer convenience, the content is shown below in the alternative language. You may click the link to switch the active language.<\/p><p><strong>R\u00fczgar ve G\u00fcne\u015f Enerjisi\u2019nde T\u00fcrkiye\u2019nin gelece\u011fini kanaat \u00f6nderleri tart\u0131\u015ft\u0131. \u201cGelecek Yenilenebilir Enerjide\u201d platformu, ekolojik ve temiz enerjinin vazge\u00e7ilmezleri olan r\u00fczgar enerjisi ve g\u00fcne\u015f enerjisinin gelece\u011fini tart\u0131\u015ft\u0131. Yenilenebilir enerji ve \u00f6zellikle de RES\u2019ler konusunda, Ege B\u00f6lgesi\u2019ndeki yanl\u0131\u015f alg\u0131lamaya dikkat \u00e7ekildi. T\u00fcrkiye\u2019nin \u00f6nde gelen \u00e7evre uzman\u0131 akademisyenler ile Greenpeace\u2019in kat\u0131l\u0131m\u0131yla ger\u00e7ekle\u015fen toplant\u0131 yo\u011fun ilgi g\u00f6rd\u00fc.<\/strong><\/p>\n<p>Paris \u0130klim Zirvesi\u2019nde en \u00e7ok tart\u0131\u015f\u0131lan konu olan yenilenebilir enerji d\u00f6n\u00fc\u015f\u00fcm\u00fc konusunda uzmanlar konuyu \u0130zmir\u2019de masaya yat\u0131rd\u0131. \u201cGelecek<a href=\"https:\/\/www.enerjigazetesi.ist\/wp-content\/uploads\/2016\/01\/uyar-gelecek-yenilenebilir-enerji-de.jpg\"><img loading=\"lazy\" class=\"alignleft size-medium wp-image-48892\" src=\"https:\/\/www.enerjigazetesi.ist\/wp-content\/uploads\/2016\/01\/uyar-gelecek-yenilenebilir-enerji-de-300x160.jpg\" alt=\"uyar-gelecek-yenilenebilir-enerji-de\" width=\"300\" height=\"160\" srcset=\"https:\/\/www.enerjigazetesi.ist\/wp-content\/uploads\/2016\/01\/uyar-gelecek-yenilenebilir-enerji-de-300x160.jpg 300w, https:\/\/www.enerjigazetesi.ist\/wp-content\/uploads\/2016\/01\/uyar-gelecek-yenilenebilir-enerji-de-1024x549.jpg 1024w, https:\/\/www.enerjigazetesi.ist\/wp-content\/uploads\/2016\/01\/uyar-gelecek-yenilenebilir-enerji-de-500x268.jpg 500w, https:\/\/www.enerjigazetesi.ist\/wp-content\/uploads\/2016\/01\/uyar-gelecek-yenilenebilir-enerji-de-80x42.jpg 80w\" sizes=\"(max-width: 300px) 100vw, 300px\" \/><\/a> Yenilenebilir Enerjide\u201d Platformu taraf\u0131ndan d\u00fczenlenen etkinlikte, \u201cYenilenebilir Enerji Devriminde T\u00fcrkiye lider mi olacak? Takip\u00e7i mi?\u201d sorusuna cevap arand\u0131. \u0130zmir DoubleTree by Hilton Otel\u2019de ger\u00e7ekle\u015fen sempozyumun moderat\u00f6rl\u00fc\u011f\u00fcn\u00fc Ekonomi Gazetecileri Derne\u011fi Ba\u015fkan\u0131 Celal Toprak yaparken, D\u00fcnya Gazetesi Yazar\u0131 R\u00fc\u015ft\u00fc Bozkurt, Bilgi \u00dcniversitesi \u00d6\u011fretim \u00dcyesi Prof. Dr. Ali Nezihi Bilge, Ya\u015far \u00dcniversitesi Rekt\u00f6r\u00fc Prof. Dr. M. Cemali Din\u00e7er, Greenpeace R\u00fczgar Enerjisi B\u00f6lge Koordinat\u00f6r\u00fc \u0130brahim \u00c7ift\u00e7i ve Y\u0131ld\u0131z Teknik \u00dcniversitesi R\u00fczgar Enerjisi Kul\u00fcb\u00fc Genel Sekreteri Soner G\u00fcltekin kat\u0131ld\u0131.<\/p>\n<p>Toplant\u0131da s\u00f6z alan Ya\u015far \u00dcniversitesi Rekt\u00f6r\u00fc Prof. Dr. M. Cemali Din\u00e7er de T\u00fcrkiye&#8217;nin potansiyeli de\u011ferlendirme a\u00e7\u0131s\u0131ndan yeterli olmad\u0131\u011f\u0131n\u0131 vurgulayarak, T\u00fcrkiye\u2019nin \u00fc\u00e7 taraf\u0131 denizlerle \u00e7evrili; g\u00fcney ve bat\u0131 b\u00f6l\u00fcm\u00fc y\u0131lda ortalama 300 g\u00fcn g\u00fcne\u015fli g\u00fcn ya\u015f\u0131yor. \u2018Su akar T\u00fcrk bakar\u2019 \u00e7ok do\u011fru bir s\u00f6z. Potansiyelleri de\u011ferlendirmede \u00e7ok eksik kalan bir \u00fclkeyiz. Potansiyel enerjiyi s\u00fcrd\u00fcr\u00fclebilirlik a\u00e7\u0131s\u0131ndan kullanabilmeliyiz. Bal\u00e7ova\u2019da enerji potansiyeli var. Ondan da tam olarak yararlanam\u0131yoruz. \u0130zmir\u2019de ciddi bir hava kirlili\u011fi var. Ak\u015famlar\u0131 havay\u0131 solumak \u00e7ok zor. Yenilenebilir enerji hava kirlili\u011fine de \u00e7\u00f6z\u00fcm getirebilir. R\u00fczgar enerjisi olduk\u00e7a temiz bir enerji kayna\u011f\u0131 olarak yer al\u0131yor. \u00dcniversitelere \u00f6nemli g\u00f6revler d\u00fc\u015f\u00fcyor. Ya\u015far \u00dcniversite\u2019sinde 3 y\u0131l \u00f6nce kurdu\u011fumuz Enerji Sistemleri M\u00fchendisli\u011fi b\u00f6l\u00fcm\u00fcm\u00fcz var. Salt \u00fcniversite e\u011fitimleriyle olmaz toplumda genel fark\u0131ndal\u0131k yaratmal\u0131y\u0131z\u201d dedi.<\/p>\n<p><strong>\u201cR\u00dcZGAR ENERJ\u0130S\u0130NDE DO\u011eRU B\u0130L\u0130NEN YANLI\u015eLAR VAR\u201d<\/strong><\/p>\n<p>Prof. Dr. Tanay S\u0131dk\u0131 Uyar (D\u00fcnya R\u00fczgar Enerji Birli\u011fi Ba\u015fkan Yard\u0131mc\u0131s\u0131) : R\u00fczgar enerjisi \u00f6zellikle Paris\u2019teki \u0130klim Zirvesi sonras\u0131nda bir kez daha gelece\u011fe dair \u00f6nemini bizlere ispat etti. Paris\u2019te t\u00fcm devletlere bir hedef kondu ama bu sadece bir karardan ibaret\u2026 Ne yapacaksa \u00fclkeler kendi gelecekleri i\u00e7in kendileri yapacaklar. O nedenle r\u00fczgar enerjisinde \u015fu unsurlar b\u00fcy\u00fck \u00f6nem ta\u015f\u0131yor. Birincisi sesin 45 desibeli ge\u00e7memesi gerekiyor. Nitekim t\u00fcrbinlerde art\u0131k bu sorun ile kar\u015f\u0131la\u015fm\u0131yoruz. \u0130kincisi de g\u00f6lge yaratt\u0131\u011f\u0131 iddias\u0131\u2026 Art\u0131k t\u00fcm trib\u00fcnlerin alan i\u00e7erisine yerle\u015ftirilmesi bu kurallara uygun yap\u0131l\u0131yor. Bu oran\u0131n \u00fczerine \u00e7\u0131kan t\u00fcrbinler zaten yasal olarak kurulmuyor. T\u00fcrkiye\u2019de r\u00fczgar enerjisine ili\u015fkin olu\u015fan bu muhalif duru\u015f da yanl\u0131\u015f bir seyir olarak g\u00f6zlemleniyor. Kamuoyunu da yanl\u0131\u015f bir y\u00f6ne sevk ediyor. \u00d6yle ki t\u00fcm d\u00fcnya r\u00fczgar enerjisini de kapsayan yenilenebilir enerjiyi en temiz ve en ucuz enerji olarak benimsedi\u2026<\/p>\n<p><strong>\u201cGELECE\u011e\u0130N TEKNOLOJ\u0130LER\u0130NE YATIRIM YAPMALIYIZ\u201d<\/strong><\/p>\n<p>\u0130brahim \u00c7ift\u00e7i (Greenpeace R\u00fczgar Enerjisi B\u00f6lge Koordinat\u00f6r\u00fc): B\u00fcy\u00fck bir bilgi kirlili\u011fi var. Ge\u00e7mi\u015fe bakt\u0131\u011f\u0131m\u0131zda elektrik \u00fcretiminde kulland\u0131\u011f\u0131m\u0131z bu teknolojiler di\u011fer teknolojilerle k\u0131yasland\u0131\u011f\u0131nda yeni teknolojiler. G\u00fcne\u015f enerjisi fiyatlar\u0131 mesela son 10 y\u0131lda y\u00fczde 45 d\u00fc\u015f\u00fc\u015f g\u00f6sterdi. Son 10 y\u0131lda yenilenebilir enerjinin pazar paylar\u0131 artt\u0131. Yenilenebilir enerji g\u00fcnden g\u00fcne d\u00fcnyadaki bir\u00e7ok pazarda \u015febeke kalitesini yakalad\u0131. D\u00fcnya enerji piyasalar\u0131 bir y\u00f6ne do\u011fru evriliyor. 2023 hedeflerimizde \u00fcretim kapasitemizi ikiye katlamak ve bununla ilgili ciddi miktarda yat\u0131r\u0131m yapmak hedefimiz var ve bu alt yap\u0131 yat\u0131r\u0131mlar\u0131n\u0131 da beraberinde getirecek. B\u00f6yle bir yol ayr\u0131m\u0131ndayken ge\u00e7mi\u015fin teknolojilerini de\u011fil gelece\u011fin teknolojilerine yat\u0131r\u0131m yapman\u0131n daha mant\u0131kl\u0131 olaca\u011f\u0131n\u0131 d\u00fc\u015f\u00fcnebiliriz.<\/p>\n<p><strong>\u201c\u015eEH\u0130R EFSANELER\u0130 YARATILIYOR\u201d<\/strong><\/p>\n<p>R\u00fc\u015ft\u00fc Bozkurt (D\u00fcnya Gazetesi Yazar\u0131): Yenilenebilir enerjide \u015fehir efsaneleri yarat\u0131lmaya \u00e7al\u0131\u015f\u0131l\u0131yor. Bir insan elinde olan kaynaklar\u0131 kullanmak zorundad\u0131r. T\u00fcrkiye\u2019de \u00fcretilen arg\u00fcmanlarla sonu\u00e7 k\u0131yasland\u0131\u011f\u0131nda tutars\u0131zl\u0131\u011f\u0131 g\u00f6r\u00fcyoruz. Yenilenebilir enerjide her \u015feyden \u00f6nce i\u015fi bilip konu\u015fmak gerekiyor. Bilimsel kan\u0131t\u0131 olmayan haber ve bilgilerle yat\u0131r\u0131m yap\u0131ld\u0131\u011f\u0131nda bunlar\u0131n ba\u015far\u0131ya ula\u015fmad\u0131\u011f\u0131n\u0131 g\u00f6r\u00fcyoruz. Kesinlikle \u00fclkemizin kaynaklar\u0131 \u00e7ok ciddiye al\u0131nmal\u0131d\u0131r. Onun yerine de ger\u00e7ekli\u011fe ve bilgiye dayanmayan stratejiyle yap\u0131lan yat\u0131r\u0131mlar\u0131n s\u00fcrd\u00fcr\u00fclebilirli\u011fi m\u00fcmk\u00fcn de\u011fildir. B\u00fct\u00fcn bunlar\u0131n hepsinde fizibilite eksi\u011fi var. Gerekli \u00e7al\u0131\u015fmalar\u0131, ara\u015ft\u0131rmalar\u0131 yapmadan yat\u0131r\u0131m yaparsan\u0131z batars\u0131n\u0131z.<\/p>\n<p><strong>\u201cR\u00dcZGARIN SES\u0130NE KULAK VEREL\u0130M\u201d<\/strong><\/p>\n<p>Soner G\u00fcltekin (Y\u0131ld\u0131z Teknik \u00dcniversitesi \u00d6\u011frencisi-R\u00fcgar Enerjisi Kul\u00fcb\u00fc Genel Sekreteri): Yetkin yeti\u015fmi\u015f m\u00fchendislerimizin yenilenebilir enerji alan\u0131na ilgisini \u00e7ekmemiz gerekiyor. Yenilenebilir enerjiye ge\u00e7medi\u011fimiz her g\u00fcn kaybediyoruz. Bug\u00fcn kaybetti\u011fimiz esen r\u00fczg\u00e2r yar\u0131n geri gelmeyecek. O y\u00fczden yenilenebilir enerjiyi kurmad\u0131\u011f\u0131m\u0131z her g\u00fcn esen r\u00fczg\u00e2r\u0131 kaybediyoruz. Yenilenebilir enerjiye ge\u00e7ebilmek i\u00e7in r\u00fczg\u00e2r\u0131n sesine kulak verelim.<\/p>\n<p><strong>\u201cVER\u0130ML\u0130 F\u0130Z\u0130B\u0130L\u0130TE \u00c7ALI\u015eMALARI YAPILMASI \u015eART\u201d<\/strong><\/p>\n<p>Prof. Dr. Ali Nezihi Bilge (Bilgi \u00dcniversitesi \u00d6\u011fretim \u00dcyesi): R\u00fczgar enerjisindeki hedeflere ula\u015fabilmek i\u00e7in rekabetin de arkas\u0131nda \u00e7ok iyi fizibilite \u00e7al\u0131\u015fmas\u0131 yap\u0131lmas\u0131 laz\u0131m. R\u00fczgar enerjisinin ya\u015fama etkisi \u00e7ok farkl\u0131. O nedenle T\u00fcrkiye\u2019nin gelece\u011finde \u00f6nemli bir enerji yat\u0131r\u0131m\u0131 olarak de\u011ferlendirilebilecek RES\u2019lere ve g\u00fcne\u015f enerjisine gereken ilgi ve \u00f6nemi g\u00f6stermesi gerekti\u011fini ifade etti.<\/p>\n<p>Kaynak: B\u00fcltenler<\/p>","protected":false},"excerpt":{"rendered":"<p>Sorry, this entry is only available in Turkish. For the sake of viewer convenience, the content is shown below in the alternative language. You may click the link to switch the active language.R\u00fczgar ve G\u00fcne\u015f Enerjisi\u2019nde T\u00fcrkiye\u2019nin gelece\u011fini kanaat \u00f6nderleri tart\u0131\u015ft\u0131. \u201cGelecek Yenilenebilir Enerjide\u201d platformu, ekolojik ve temiz enerjinin vazge\u00e7ilmezleri olan r\u00fczgar enerjisi ve g\u00fcne\u015f [&hellip;]<\/p>\n","protected":false},"author":1,"featured_media":48892,"comment_status":"open","ping_status":"open","sticky":false,"template":"","format":"standard","meta":[],"categories":[53,49,50],"tags":[63,67,1009,2698,165,2326,227,13,474,69,16,324,842,105],"views":1019,"_links":{"self":[{"href":"https:\/\/www.enerjigazetesi.ist\/en\/wp-json\/wp\/v2\/posts\/48891"}],"collection":[{"href":"https:\/\/www.enerjigazetesi.ist\/en\/wp-json\/wp\/v2\/posts"}],"about":[{"href":"https:\/\/www.enerjigazetesi.ist\/en\/wp-json\/wp\/v2\/types\/post"}],"author":[{"embeddable":true,"href":"https:\/\/www.enerjigazetesi.ist\/en\/wp-json\/wp\/v2\/users\/1"}],"replies":[{"embeddable":true,"href":"https:\/\/www.enerjigazetesi.ist\/en\/wp-json\/wp\/v2\/comments?post=48891"}],"version-history":[{"count":3,"href":"https:\/\/www.enerjigazetesi.ist\/en\/wp-json\/wp\/v2\/posts\/48891\/revisions"}],"predecessor-version":[{"id":48895,"href":"https:\/\/www.enerjigazetesi.ist\/en\/wp-json\/wp\/v2\/posts\/48891\/revisions\/48895"}],"wp:featuredmedia":[{"embeddable":true,"href":"https:\/\/www.enerjigazetesi.ist\/en\/wp-json\/wp\/v2\/media\/48892"}],"wp:attachment":[{"href":"https:\/\/www.enerjigazetesi.ist\/en\/wp-json\/wp\/v2\/media?parent=48891"}],"wp:term":[{"taxonomy":"category","embeddable":true,"href":"https:\/\/www.enerjigazetesi.ist\/en\/wp-json\/wp\/v2\/categories?post=48891"},{"taxonomy":"post_tag","embeddable":true,"href":"https:\/\/www.enerjigazetesi.ist\/en\/wp-json\/wp\/v2\/tags?post=48891"}],"curies":[{"name":"wp","href":"https:\/\/api.w.org\/{rel}","templated":true}]}}