{"id":48885,"date":"2016-01-08T18:14:58","date_gmt":"2016-01-08T15:14:58","guid":{"rendered":"https:\/\/www.enerjigazetesi.ist\/?p=48885"},"modified":"2016-01-08T18:14:58","modified_gmt":"2016-01-08T15:14:58","slug":"dedastan-guneydogu-halkina-uyari-elektrigi-isinmada-kullanmayin","status":"publish","type":"post","link":"https:\/\/www.enerjigazetesi.ist\/en\/dedastan-guneydogu-halkina-uyari-elektrigi-isinmada-kullanmayin\/","title":{"rendered":"(Turkish) DEDA\u015e\u2019tan G\u00fcneydo\u011fu Halk\u0131na Uyar\u0131: \u201cElektri\u011fi Is\u0131nmada Kullanmay\u0131n!\u201d"},"content":{"rendered":"<p class=\"qtranxs-available-languages-message qtranxs-available-languages-message-en\">Sorry, this entry is only available in <a href=\"https:\/\/www.enerjigazetesi.ist\/tr\/wp-json\/wp\/v2\/posts\/48885\" class=\"qtranxs-available-language-link qtranxs-available-language-link-tr\" title=\"Turkish\">Turkish<\/a>. For the sake of viewer convenience, the content is shown below in the alternative language. You may click the link to switch the active language.<\/p><p><\/p>\n<p style=\"color: #0a0a0a;\"><strong>DEDA\u015e, G\u00fcneydo\u011fu halk\u0131na \u201cElektri\u011fi \u0131s\u0131nmada kullanmay\u0131n\u201d uyar\u0131s\u0131 yapt\u0131.<\/strong><\/p>\n<p style=\"color: #0a0a0a;\">DEDA\u015e Genel M\u00fcd\u00fcr\u00fc Murat Karag\u00fczel, yaz\u0131l\u0131 a\u00e7\u0131klamas\u0131nda, Diyarbak\u0131r, \u015eanl\u0131urfa, Mardin, Batman, Siirt ve \u015e\u0131rnak\u2019ta elektrik t\u00fcketimindeki israfa dikkati \u00e7ekti.<span id=\"more-75316\"><\/span>\u00a0Bu illerde t\u00fcketilen elektri\u011fin yakla\u015f\u0131k y\u00fczde 75\u2019inin \u201ckay\u0131t d\u0131\u015f\u0131\u201d oldu\u011funu aktaran Karag\u00fczel, b\u00f6lgede bir y<a href=\"https:\/\/www.enerjigazetesi.ist\/wp-content\/uploads\/2016\/01\/dedastan-guneydogu-halkina-uyari-elektrigi-isinmada-kullanmayin.jpg\"><img loading=\"lazy\" class=\"alignleft size-medium wp-image-48886\" src=\"https:\/\/www.enerjigazetesi.ist\/wp-content\/uploads\/2016\/01\/dedastan-guneydogu-halkina-uyari-elektrigi-isinmada-kullanmayin-300x165.jpg\" alt=\"dedastan-guneydogu-halkina-uyari-elektrigi-isinmada-kullanmayin\" width=\"300\" height=\"165\" srcset=\"https:\/\/www.enerjigazetesi.ist\/wp-content\/uploads\/2016\/01\/dedastan-guneydogu-halkina-uyari-elektrigi-isinmada-kullanmayin-300x165.jpg 300w, https:\/\/www.enerjigazetesi.ist\/wp-content\/uploads\/2016\/01\/dedastan-guneydogu-halkina-uyari-elektrigi-isinmada-kullanmayin-500x276.jpg 500w, https:\/\/www.enerjigazetesi.ist\/wp-content\/uploads\/2016\/01\/dedastan-guneydogu-halkina-uyari-elektrigi-isinmada-kullanmayin-80x44.jpg 80w, https:\/\/www.enerjigazetesi.ist\/wp-content\/uploads\/2016\/01\/dedastan-guneydogu-halkina-uyari-elektrigi-isinmada-kullanmayin.jpg 696w\" sizes=\"(max-width: 300px) 100vw, 300px\" \/><\/a>\u0131lda t\u00fcketilen yakla\u015f\u0131k 20 milyar kilovatsaat elektri\u011fin 12 milyar kilovatsaatinin a\u015f\u0131r\u0131 israf nedeniyle bo\u015fa gitti\u011fini vurgulad\u0131. K\u0131\u015f\u0131n \u00f6zellikle elektrikle \u0131s\u0131nma al\u0131\u015fkanl\u0131\u011f\u0131 y\u00fcz\u00fcnden enerji talebinin had safhaya ula\u015ft\u0131\u011f\u0131na de\u011finen Karag\u00fczel, \u015funlar\u0131 kaydetti:<\/p>\n<p style=\"color: #0a0a0a;\">\u201cIs\u0131t\u0131c\u0131larda kullan\u0131lan elektrik maalesef saya\u00e7 d\u0131\u015f\u0131ndan ve ka\u00e7ak olarak kullan\u0131lmaktad\u0131r. Elektrik, kesinlikle \u0131s\u0131nma ama\u00e7l\u0131 kullan\u0131lmamal\u0131d\u0131r. T\u00fcketimin artt\u0131\u011f\u0131 bug\u00fcnlerde a\u015f\u0131r\u0131 y\u00fcklenme sonucu trafolar\u0131n yan\u0131 s\u0131ra di\u011fer elektrik te\u00e7hizatlar\u0131 yanarak hasar g\u00f6rmektedir. Sorumluluk saham\u0131zda 2014 y\u0131l\u0131nda bin 106, 2015 y\u0131l\u0131nda ise bin 286 olmak \u00fczere son iki y\u0131lda 2 bin 392 trafo a\u015f\u0131r\u0131 y\u00fcklenme sonucu yanm\u0131\u015ft\u0131r. Sadece 3 g\u00fcnl\u00fck y\u0131lba\u015f\u0131 tatilinde havalar\u0131n so\u011fumas\u0131 ile yakla\u015f\u0131k 75 trafo a\u015f\u0131r\u0131 y\u00fcklenme sonucu yanm\u0131\u015ft\u0131r.<\/p>\n<p style=\"color: #0a0a0a;\">Trafolar\u0131n g\u00fcc\u00fc art\u0131r\u0131larak veya te\u00e7hizatlar\u0131n kapasitesi y\u00fckseltilerek sorun \u00e7\u00f6z\u00fcmlenememektedir \u00e7\u00fcnk\u00fc artt\u0131r\u0131lan her kapasiteye kar\u015f\u0131l\u0131k maalesef \u0131s\u0131nmak i\u00e7in kullan\u0131lan elektrikli sobalar\u0131n da say\u0131s\u0131 art\u0131r\u0131lmaktad\u0131r. Kay\u0131t d\u0131\u015f\u0131 ve israf s\u0131n\u0131rlar\u0131n\u0131n \u00fczerinde elektrik t\u00fcketimine son verilmedi\u011fi takdirde trafo de\u011fi\u015ftirmekle sorun \u00e7\u00f6z\u00fcmlenmez.\u201d<\/p>\n<p style=\"color: #0a0a0a;\">Kaynak: Enerji Enstit\u00fcs\u00fc<\/p>\n<p><\/p>","protected":false},"excerpt":{"rendered":"<p>Sorry, this entry is only available in Turkish. For the sake of viewer convenience, the content is shown below in the alternative language. You may click the link to switch the active language. DEDA\u015e, G\u00fcneydo\u011fu halk\u0131na \u201cElektri\u011fi \u0131s\u0131nmada kullanmay\u0131n\u201d uyar\u0131s\u0131 yapt\u0131. DEDA\u015e Genel M\u00fcd\u00fcr\u00fc Murat Karag\u00fczel, yaz\u0131l\u0131 a\u00e7\u0131klamas\u0131nda, Diyarbak\u0131r, \u015eanl\u0131urfa, Mardin, Batman, Siirt ve \u015e\u0131rnak\u2019ta [&hellip;]<\/p>\n","protected":false},"author":1,"featured_media":48886,"comment_status":"open","ping_status":"open","sticky":false,"template":"","format":"standard","meta":[],"categories":[51,53],"tags":[11725,68,61,19638,1451,2873,27855,130,63,67,1009,2698,165,988,27856,1215],"views":1047,"_links":{"self":[{"href":"https:\/\/www.enerjigazetesi.ist\/en\/wp-json\/wp\/v2\/posts\/48885"}],"collection":[{"href":"https:\/\/www.enerjigazetesi.ist\/en\/wp-json\/wp\/v2\/posts"}],"about":[{"href":"https:\/\/www.enerjigazetesi.ist\/en\/wp-json\/wp\/v2\/types\/post"}],"author":[{"embeddable":true,"href":"https:\/\/www.enerjigazetesi.ist\/en\/wp-json\/wp\/v2\/users\/1"}],"replies":[{"embeddable":true,"href":"https:\/\/www.enerjigazetesi.ist\/en\/wp-json\/wp\/v2\/comments?post=48885"}],"version-history":[{"count":1,"href":"https:\/\/www.enerjigazetesi.ist\/en\/wp-json\/wp\/v2\/posts\/48885\/revisions"}],"predecessor-version":[{"id":48887,"href":"https:\/\/www.enerjigazetesi.ist\/en\/wp-json\/wp\/v2\/posts\/48885\/revisions\/48887"}],"wp:featuredmedia":[{"embeddable":true,"href":"https:\/\/www.enerjigazetesi.ist\/en\/wp-json\/wp\/v2\/media\/48886"}],"wp:attachment":[{"href":"https:\/\/www.enerjigazetesi.ist\/en\/wp-json\/wp\/v2\/media?parent=48885"}],"wp:term":[{"taxonomy":"category","embeddable":true,"href":"https:\/\/www.enerjigazetesi.ist\/en\/wp-json\/wp\/v2\/categories?post=48885"},{"taxonomy":"post_tag","embeddable":true,"href":"https:\/\/www.enerjigazetesi.ist\/en\/wp-json\/wp\/v2\/tags?post=48885"}],"curies":[{"name":"wp","href":"https:\/\/api.w.org\/{rel}","templated":true}]}}