{"id":48871,"date":"2016-01-08T14:42:00","date_gmt":"2016-01-08T11:42:00","guid":{"rendered":"https:\/\/www.enerjigazetesi.ist\/?p=48871"},"modified":"2016-01-08T14:42:00","modified_gmt":"2016-01-08T11:42:00","slug":"potansiyel-enerjiyi-surdurulebilirlik-acisindan-kullanabilmeliyiz","status":"publish","type":"post","link":"https:\/\/www.enerjigazetesi.ist\/en\/potansiyel-enerjiyi-surdurulebilirlik-acisindan-kullanabilmeliyiz\/","title":{"rendered":"(Turkish) \u201cPotansiyel Enerjiyi S\u00fcrd\u00fcr\u00fclebilirlik A\u00e7\u0131s\u0131ndan Kullanabilmeliyiz&#8230;\u201d"},"content":{"rendered":"<p class=\"qtranxs-available-languages-message qtranxs-available-languages-message-en\">Sorry, this entry is only available in <a href=\"https:\/\/www.enerjigazetesi.ist\/tr\/wp-json\/wp\/v2\/posts\/48871\" class=\"qtranxs-available-language-link qtranxs-available-language-link-tr\" title=\"Turkish\">Turkish<\/a>. For the sake of viewer convenience, the content is shown below in the alternative language. You may click the link to switch the active language.<\/p><p><\/p>\n<p style=\"color: #666666;\"><span style=\"font-weight: bold; color: #222222;\">Ya\u015far \u00dcniversitesi Rekt\u00f6r\u00fc Prof. Dr. M. Cemali Din\u00e7er: \u201c\u2018Su akar T\u00fcrk bakar\u2019 \u00e7ok do\u011fru bir s\u00f6z. Potansiyelleri de\u011ferlendirmede \u00e7ok eksik kalan bir \u00fclkeyiz.\u00a0Potansiyel enerjiyi\u00a0s\u00fcrd\u00fcr\u00fclebilirlik\u00a0a\u00e7\u0131s\u0131ndan kullanabilmeliyiz.\u201d<\/span><\/p>\n<p style=\"color: #666666;\"><span style=\"font-weight: bold; color: #222222;\">Yenilenebilir enerjinin\u00a0<\/span>T\u00fcrkiye i\u00e7in \u00f6nemi hemen herkes taraf\u0131ndan kabul ediliyor. Buna kar\u015f\u0131n, d\u00fcnyayla k\u0131yasland\u0131\u011f\u0131nda T\u00fcrkiy<a href=\"https:\/\/www.enerjigazetesi.ist\/wp-content\/uploads\/2016\/01\/potansiyel-enerjiyi-surdurulebilirlik-acisindan-kullanabilmeliyiz.jpg\"><img loading=\"lazy\" class=\"alignleft  wp-image-48872\" src=\"https:\/\/www.enerjigazetesi.ist\/wp-content\/uploads\/2016\/01\/potansiyel-enerjiyi-surdurulebilirlik-acisindan-kullanabilmeliyiz-300x110.jpg\" alt=\"potansiyel-enerjiyi-surdurulebilirlik-acisindan-kullanabilmeliyiz\" width=\"300\" height=\"179\" \/><\/a>e\u2019nin alaca\u011f\u0131 \u00e7ok yolun oldu\u011fu da g\u00f6r\u00fcl\u00fcyor.<\/p>\n<p style=\"color: #666666;\"><span style=\"font-weight: bold; color: #222222;\">R\u00fczgar ve G\u00fcne\u015f Enerjisi\u2019nde<\/span>\u00a0T\u00fcrkiye\u2019nin gelece\u011fini kanaat \u00f6nderleri tart\u0131\u015ft\u0131.\u00a0<span style=\"font-weight: bold; color: #222222;\">\u201cGelecek Yenilenebilir Enerjide\u201d<\/span>\u00a0platformu,\u00a0<span style=\"font-weight: bold; color: #222222;\">ekolojik ve temiz enerjinin<\/span>\u00a0vazge\u00e7ilmezleri olan\u00a0<span style=\"font-weight: bold; color: #222222;\">r\u00fczgar enerjisi ve g\u00fcne\u015f enerjisinin<\/span>\u00a0gelece\u011fini tart\u0131\u015ft\u0131.\u00a0<span style=\"font-weight: bold; color: #222222;\">Yenilenebilir enerji<\/span>\u00a0ve \u00f6zellikle de<span style=\"font-weight: bold; color: #222222;\">\u00a0RES\u2019ler<\/span>konusunda, Ege B\u00f6lgesi\u2019ndeki yanl\u0131\u015f alg\u0131lamaya dikkat \u00e7ekildi. T\u00fcrkiye\u2019nin \u00f6nde gelen \u00e7evre uzman\u0131 akademisyenler ile Greenpeace\u2019in kat\u0131l\u0131m\u0131yla ger\u00e7ekle\u015fen toplant\u0131 yo\u011fun ilgi g\u00f6rd\u00fc.<\/p>\n<p style=\"color: #666666;\">Paris \u0130klim Zirvesi\u2019nde en \u00e7ok tart\u0131\u015f\u0131lan konu olan yenilenebilir enerji d\u00f6n\u00fc\u015f\u00fcm\u00fc konusunda uzmanlar konuyu \u0130zmir\u2019de masaya yat\u0131rd\u0131. \u201cGelecek Yenilenebilir Enerjide\u201d Platformu taraf\u0131ndan d\u00fczenlenen etkinlikte, \u201cYenilenebilir Enerji Devriminde T\u00fcrkiye lider mi olacak? Takip\u00e7i mi?\u201d sorusuna cevap arand\u0131. \u0130zmir DoubleTree by Hilton Otel\u2019de ger\u00e7ekle\u015fen sempozyumun moderat\u00f6rl\u00fc\u011f\u00fcn\u00fc Ekonomi Gazetecileri Derne\u011fi Ba\u015fkan\u0131 Celal Toprak yaparken, D\u00fcnya Gazetesi Yazar\u0131 R\u00fc\u015ft\u00fc Bozkurt, Bilgi \u00dcniversitesi \u00d6\u011fretim \u00dcyesi Prof. Dr. Ali Nezihi Bilge, Ya\u015far \u00dcniversitesi Rekt\u00f6r\u00fc Prof. Dr. M. Cemali Din\u00e7er, Greenpeace R\u00fczgar Enerjisi B\u00f6lge Koordinat\u00f6r\u00fc \u0130brahim \u00c7ift\u00e7i ve Y\u0131ld\u0131z Teknik \u00dcniversitesi R\u00fczgar Enerjisi Kul\u00fcb\u00fc Genel Sekreteri Soner G\u00fcltekin kat\u0131ld\u0131.<\/p>\n<p style=\"color: #666666;\">Toplant\u0131da s\u00f6z alan Ya\u015far \u00dcniversitesi Rekt\u00f6r\u00fc Prof. Dr. M. Cemali Din\u00e7er T\u00fcrkiye\u2019nin potansiyeli de\u011ferlendirme a\u00e7\u0131s\u0131ndan yeterli olmad\u0131\u011f\u0131n\u0131 vurgulayarak, T\u00fcrkiye\u2019nin \u00fc\u00e7 taraf\u0131 denizlerle \u00e7evrili; g\u00fcney ve bat\u0131 b\u00f6l\u00fcm\u00fc y\u0131lda ortalama 300 g\u00fcn g\u00fcne\u015fli g\u00fcn ya\u015f\u0131yor. \u2018Su akar T\u00fcrk bakar\u2019 \u00e7ok do\u011fru bir s\u00f6z. Potansiyelleri de\u011ferlendirmede \u00e7ok eksik kalan bir \u00fclkeyiz.\u00a0<span style=\"font-weight: bold; color: #222222;\">Potansiyel enerjiyi<\/span>\u00a0<span style=\"font-weight: bold; color: #222222;\">s\u00fcrd\u00fcr\u00fclebilirlik\u00a0<\/span>a\u00e7\u0131s\u0131ndan kullanabilmeliyiz. Bal\u00e7ova\u2019da\u00a0<span style=\"font-weight: bold; color: #222222;\">enerji\u00a0<\/span>potansiyeli var. Ondan da tam olarak yararlanam\u0131yoruz. \u0130zmir\u2019de ciddi bir hava kirlili\u011fi var. Ak\u015famlar\u0131 havay\u0131 solumak \u00e7ok zor.\u00a0<span style=\"font-weight: bold; color: #222222;\">Yenilenebilir enerji hava kirlili\u011fine<\/span>\u00a0de \u00e7\u00f6z\u00fcm getirebilir.\u00a0<span style=\"font-weight: bold; color: #222222;\">R\u00fczgar enerjisi<\/span>\u00a0olduk\u00e7a<span style=\"font-weight: bold; color: #222222;\">\u00a0temiz bir enerji kayna\u011f\u0131<\/span>\u00a0olarak yer al\u0131yor. \u00dcniversitelere \u00f6nemli g\u00f6revler d\u00fc\u015f\u00fcyor. Ya\u015far \u00dcniversite\u2019sinde 3 y\u0131l \u00f6nce kurdu\u011fumuz Enerji Sistemleri M\u00fchendisli\u011fi b\u00f6l\u00fcm\u00fcm\u00fcz var. Salt \u00fcniversite e\u011fitimleriyle olmaz toplumda genel fark\u0131ndal\u0131k yaratmal\u0131y\u0131z\u201d dedi.<\/p>\n<p style=\"color: #666666;\"><span style=\"font-weight: bold; color: #222222;\">\u201cR\u00fczgar enerjisinde do\u011fru bilinen yanl\u0131\u015flar var\u201d<\/span><\/p>\n<p style=\"color: #666666;\">Prof. Dr. Tanay S\u0131dk\u0131 Uyar (D\u00fcnya R\u00fczgar Enerji Birli\u011fi Ba\u015fkan Yard\u0131mc\u0131s\u0131) : R\u00fczgar enerjisi \u00f6zellikle Paris\u2019teki \u0130klim Zirvesi sonras\u0131nda bir kez daha gelece\u011fe dair \u00f6nemini bizlere ispat etti. Paris\u2019te t\u00fcm devletlere bir hedef kondu ama bu sadece bir karardan ibaret\u2026 Ne yapacaksa \u00fclkeler kendi gelecekleri i\u00e7in kendileri yapacaklar. O nedenle\u00a0<span style=\"font-weight: bold; color: #222222;\">r\u00fczgar enerjisinde<\/span>\u00a0\u015fu unsurlar b\u00fcy\u00fck \u00f6nem ta\u015f\u0131yor. Birincisi sesin 45 desibeli ge\u00e7memesi gerekiyor. Nitekim t\u00fcrbinlerde art\u0131k bu sorun ile kar\u015f\u0131la\u015fm\u0131yoruz. \u0130kincisi de g\u00f6lge yaratt\u0131\u011f\u0131 iddias\u0131\u2026 Art\u0131k t\u00fcm<span style=\"font-weight: bold; color: #222222;\">trib\u00fcnlerin\u00a0<\/span>alan i\u00e7erisine yerle\u015ftirilmesi bu kurallara uygun yap\u0131l\u0131yor. Bu oran\u0131n \u00fczerine \u00e7\u0131kan\u00a0<span style=\"font-weight: bold; color: #222222;\">t\u00fcrbinler\u00a0<\/span>zaten yasal olarak kurulmuyor. T\u00fcrkiye\u2019de\u00a0<span style=\"font-weight: bold; color: #222222;\">r\u00fczgar enerjisine<\/span>\u00a0ili\u015fkin olu\u015fan bu muhalif duru\u015f da yanl\u0131\u015f bir seyir olarak g\u00f6zlemleniyor. Kamuoyunu da yanl\u0131\u015f bir y\u00f6ne sevk ediyor. \u00d6yle ki t\u00fcm d\u00fcnya\u00a0<span style=\"font-weight: bold; color: #222222;\">r\u00fczgar enerjisini de kapsayan yenilenebilir enerjiyi<\/span>\u00a0en temiz ve\u00a0<span style=\"font-weight: bold; color: #222222;\">en ucuz enerji<\/span>\u00a0olarak benimsedi\u2026<\/p>\n<p style=\"color: #666666;\"><span style=\"font-weight: bold; color: #222222;\">\u201cGelece\u011fin teknolojilerine yat\u0131r\u0131m yapmal\u0131y\u0131z\u201d<\/span><\/p>\n<p style=\"color: #666666;\">\u0130brahim \u00c7ift\u00e7i (Greenpeace R\u00fczgar Enerjisi B\u00f6lge Koordinat\u00f6r\u00fc): B\u00fcy\u00fck bir bilgi kirlili\u011fi var. Ge\u00e7mi\u015fe bakt\u0131\u011f\u0131m\u0131zda\u00a0<span style=\"font-weight: bold; color: #222222;\">elektrik \u00fcretiminde<\/span>kulland\u0131\u011f\u0131m\u0131z bu\u00a0<span style=\"font-weight: bold; color: #222222;\">teknolojiler di\u011fer teknolojilerle<\/span>\u00a0k\u0131yasland\u0131\u011f\u0131nda yeni<span style=\"font-weight: bold; color: #222222;\">\u00a0teknolojiler<\/span>.<span style=\"font-weight: bold; color: #222222;\">\u00a0G\u00fcne\u015f enerjisi<\/span>\u00a0fiyatlar\u0131 mesela son 10 y\u0131lda y\u00fczde 45 d\u00fc\u015f\u00fc\u015f g\u00f6sterdi. Son 10 y\u0131lda\u00a0<span style=\"font-weight: bold; color: #222222;\">yenilenebilir enerjinin<\/span>\u00a0pazar paylar\u0131 artt\u0131.<span style=\"font-weight: bold; color: #222222;\">\u00a0Yenilenebilir enerji\u00a0<\/span>g\u00fcnden g\u00fcne d\u00fcnyadaki bir\u00e7ok pazarda \u015febeke kalitesini yakalad\u0131.\u00a0<span style=\"font-weight: bold; color: #222222;\">D\u00fcnya enerji piyasalar\u0131<\/span>\u00a0bir y\u00f6ne do\u011fru evriliyor. 2023 hedeflerimizde \u00fcretim kapasitemizi ikiye katlamak ve bununla ilgili ciddi miktarda yat\u0131r\u0131m yapmak hedefimiz var ve bu alt yap\u0131 yat\u0131r\u0131mlar\u0131n\u0131 da beraberinde getirecek. B\u00f6yle bir yol ayr\u0131m\u0131ndayken ge\u00e7mi\u015fin teknolojilerini de\u011fil gelece\u011fin<span style=\"font-weight: bold; color: #222222;\">\u00a0teknolojilerine<\/span>\u00a0yat\u0131r\u0131m yapman\u0131n daha mant\u0131kl\u0131 olaca\u011f\u0131n\u0131 d\u00fc\u015f\u00fcnebiliriz.<\/p>\n<p style=\"color: #666666;\"><span style=\"font-weight: bold; color: #222222;\">\u201c\u015eehir efsaneleri yarat\u0131l\u0131yor\u201d<\/span><\/p>\n<p style=\"color: #666666;\">R\u00fc\u015ft\u00fc Bozkurt (D\u00fcnya Gazetesi Yazar\u0131):\u00a0<span style=\"font-weight: bold; color: #222222;\">Yenilenebilir enerjide\u00a0<\/span>\u015fehir efsaneleri yarat\u0131lmaya \u00e7al\u0131\u015f\u0131l\u0131yor. Bir insan elinde olan kaynaklar\u0131 kullanmak zorundad\u0131r. T\u00fcrkiye\u2019de \u00fcretilen arg\u00fcmanlarla sonu\u00e7 k\u0131yasland\u0131\u011f\u0131nda tutars\u0131zl\u0131\u011f\u0131 g\u00f6r\u00fcyoruz.\u00a0<span style=\"font-weight: bold; color: #222222;\">Yenilenebilir enerjide<\/span>\u00a0her \u015feyden \u00f6nce i\u015fi bilip konu\u015fmak gerekiyor. Bilimsel kan\u0131t\u0131 olmayan haber ve bilgilerle yat\u0131r\u0131m yap\u0131ld\u0131\u011f\u0131nda bunlar\u0131n ba\u015far\u0131ya ula\u015fmad\u0131\u011f\u0131n\u0131 g\u00f6r\u00fcyoruz. Kesinlikle \u00fclkemizin kaynaklar\u0131 \u00e7ok ciddiye al\u0131nmal\u0131d\u0131r. Onun yerine de ger\u00e7ekli\u011fe ve bilgiye dayanmayan stratejiyle yap\u0131lan yat\u0131r\u0131mlar\u0131n s\u00fcrd\u00fcr\u00fclebilirli\u011fi m\u00fcmk\u00fcn de\u011fildir. B\u00fct\u00fcn bunlar\u0131n hepsinde fizibilite eksi\u011fi var. Gerekli \u00e7al\u0131\u015fmalar\u0131, ara\u015ft\u0131rmalar\u0131 yapmadan yat\u0131r\u0131m yaparsan\u0131z batars\u0131n\u0131z.<\/p>\n<p style=\"color: #666666;\"><span style=\"font-weight: bold; color: #222222;\">\u201cR\u00fczgar\u0131n sesine kulak verelim\u201d<\/span><\/p>\n<p style=\"color: #666666;\">Soner G\u00fcltekin (Y\u0131ld\u0131z Teknik \u00dcniversitesi \u00d6\u011frencisi-R\u00fcgar Enerjisi Kul\u00fcb\u00fc Genel Sekreteri): Yetkin yeti\u015fmi\u015f m\u00fchendislerimizin\u00a0<span style=\"font-weight: bold; color: #222222;\">yenilenebilir enerji\u00a0<\/span>alan\u0131na ilgisini \u00e7ekmemiz gerekiyor.\u00a0<span style=\"font-weight: bold; color: #222222;\">Yenilenebilir enerjiye<\/span>\u00a0ge\u00e7medi\u011fimiz her g\u00fcn kaybediyoruz. Bug\u00fcn kaybetti\u011fimiz esen r\u00fczg\u00e2r yar\u0131n geri gelmeyecek. O y\u00fczden\u00a0<span style=\"font-weight: bold; color: #222222;\">yenilenebilir enerjiyi\u00a0<\/span>kurmad\u0131\u011f\u0131m\u0131z her g\u00fcn esen r\u00fczg\u00e2r\u0131 kaybediyoruz.\u00a0<span style=\"font-weight: bold; color: #222222;\">Yenilenebilir enerjiye<\/span>\u00a0ge\u00e7ebilmek i\u00e7in r\u00fczg\u00e2r\u0131n sesine kulak verelim.<\/p>\n<p style=\"color: #666666;\"><span style=\"font-weight: bold; color: #222222;\">\u201cVerimli fizibilite \u00e7al\u0131\u015fmalar\u0131 yap\u0131lmas\u0131 \u015fart\u201d<\/span><\/p>\n<p style=\"color: #666666;\">Prof. Dr. Ali Nezihi Bilge (Bilgi \u00dcniversitesi \u00d6\u011fretim \u00dcyesi): R\u00fczgar enerjisindeki hedeflere ula\u015fabilmek i\u00e7in rekabetin de arkas\u0131nda \u00e7ok iyi fizibilite \u00e7al\u0131\u015fmas\u0131 yap\u0131lmas\u0131 laz\u0131m.\u00a0<span style=\"font-weight: bold; color: #222222;\">R\u00fczgar enerjisinin\u00a0<\/span>ya\u015fama etkisi \u00e7ok farkl\u0131. O nedenle T\u00fcrkiye\u2019nin gelece\u011finde \u00f6nemli bir enerji yat\u0131r\u0131m\u0131 olarak de\u011ferlendirilebilecek\u00a0<span style=\"font-weight: bold; color: #222222;\">RES\u2019lere ve g\u00fcne\u015f enerjisine\u00a0<\/span>gereken ilgi ve \u00f6nemi g\u00f6stermesi gerekti\u011fini ifade etti.<\/p>\n<p style=\"color: #666666;\">Kaynak: B\u00fcltenler<\/p>\n<p><\/p>","protected":false},"excerpt":{"rendered":"<p>Sorry, this entry is only available in Turkish. For the sake of viewer convenience, the content is shown below in the alternative language. You may click the link to switch the active language. Ya\u015far \u00dcniversitesi Rekt\u00f6r\u00fc Prof. Dr. M. Cemali Din\u00e7er: \u201c\u2018Su akar T\u00fcrk bakar\u2019 \u00e7ok do\u011fru bir s\u00f6z. Potansiyelleri de\u011ferlendirmede \u00e7ok eksik kalan bir [&hellip;]<\/p>\n","protected":false},"author":1,"featured_media":48872,"comment_status":"open","ping_status":"open","sticky":false,"template":"","format":"standard","meta":[],"categories":[53,49,50],"tags":[63,67,1009,2698,165,2326,227,13,23133,4269,27849,474,69,16,23318,1296,842,2383,105],"views":812,"_links":{"self":[{"href":"https:\/\/www.enerjigazetesi.ist\/en\/wp-json\/wp\/v2\/posts\/48871"}],"collection":[{"href":"https:\/\/www.enerjigazetesi.ist\/en\/wp-json\/wp\/v2\/posts"}],"about":[{"href":"https:\/\/www.enerjigazetesi.ist\/en\/wp-json\/wp\/v2\/types\/post"}],"author":[{"embeddable":true,"href":"https:\/\/www.enerjigazetesi.ist\/en\/wp-json\/wp\/v2\/users\/1"}],"replies":[{"embeddable":true,"href":"https:\/\/www.enerjigazetesi.ist\/en\/wp-json\/wp\/v2\/comments?post=48871"}],"version-history":[{"count":1,"href":"https:\/\/www.enerjigazetesi.ist\/en\/wp-json\/wp\/v2\/posts\/48871\/revisions"}],"predecessor-version":[{"id":48873,"href":"https:\/\/www.enerjigazetesi.ist\/en\/wp-json\/wp\/v2\/posts\/48871\/revisions\/48873"}],"wp:featuredmedia":[{"embeddable":true,"href":"https:\/\/www.enerjigazetesi.ist\/en\/wp-json\/wp\/v2\/media\/48872"}],"wp:attachment":[{"href":"https:\/\/www.enerjigazetesi.ist\/en\/wp-json\/wp\/v2\/media?parent=48871"}],"wp:term":[{"taxonomy":"category","embeddable":true,"href":"https:\/\/www.enerjigazetesi.ist\/en\/wp-json\/wp\/v2\/categories?post=48871"},{"taxonomy":"post_tag","embeddable":true,"href":"https:\/\/www.enerjigazetesi.ist\/en\/wp-json\/wp\/v2\/tags?post=48871"}],"curies":[{"name":"wp","href":"https:\/\/api.w.org\/{rel}","templated":true}]}}