{"id":48825,"date":"2016-01-07T13:14:41","date_gmt":"2016-01-07T10:14:41","guid":{"rendered":"https:\/\/www.enerjigazetesi.ist\/?p=48825"},"modified":"2016-01-07T13:14:41","modified_gmt":"2016-01-07T10:14:41","slug":"mardinde-asiri-tuketimden-5-gunde-40-trafo-yandi","status":"publish","type":"post","link":"https:\/\/www.enerjigazetesi.ist\/en\/mardinde-asiri-tuketimden-5-gunde-40-trafo-yandi\/","title":{"rendered":"(Turkish) Mardin\u2019de A\u015f\u0131r\u0131 T\u00fcketimden 5 G\u00fcnde 40 Trafo Yand\u0131&#8230;"},"content":{"rendered":"<p class=\"qtranxs-available-languages-message qtranxs-available-languages-message-en\">Sorry, this entry is only available in <a href=\"https:\/\/www.enerjigazetesi.ist\/tr\/wp-json\/wp\/v2\/posts\/48825\" class=\"qtranxs-available-language-link qtranxs-available-language-link-tr\" title=\"Turkish\">Turkish<\/a>. For the sake of viewer convenience, the content is shown below in the alternative language. You may click the link to switch the active language.<\/p><p><\/p>\n<p style=\"color: #0a0a0a;\"><strong>Mardin\u2019de kar ya\u011f\u0131\u015f\u0131 ile birlikte bast\u0131ran so\u011fuklar y\u00fcz\u00fcnden K\u0131z\u0131ltepeliler elektrikli \u0131s\u0131t\u0131c\u0131lara y\u00fcklenince, il\u00e7enin yar\u0131s\u0131na enerji sa\u011flayan TE\u0130A\u015e\u2019\u0131n ana trafosu yanarak kullan\u0131lamaz hale geldi.<\/strong><span id=\"more-75286\"><\/span><\/p>\n<p style=\"color: #0a0a0a;\">Mardin\u2019de elektrik t\u00fcketimi, kar ya\u011f\u0131\u015f\u0131n\u0131n \u00f6ncesine g\u00f6re katlanarak artt\u0131. T\u00fcketimdeki bu art\u0131\u015f\u0131n elektrikli \u0131s\u0131t\u0131c\u0131lar ile \u0131s\u0131nma al\u0131\u015fkanl\u0131\u011f\u0131n\u0131n terk edilmesi bir yana, artarak s\u00fcrmesinden kaynaklan\u0131yor. Bu art\u0131\u015f nedeniyle Mardin\u2019de son 5 g\u00fc<a href=\"https:\/\/www.enerjigazetesi.ist\/wp-content\/uploads\/2016\/01\/mardinde-asiri-tuketimden-5-gunde-40-trafo-yandi.jpg\"><img loading=\"lazy\" class=\"alignright size-medium wp-image-48826\" src=\"https:\/\/www.enerjigazetesi.ist\/wp-content\/uploads\/2016\/01\/mardinde-asiri-tuketimden-5-gunde-40-trafo-yandi-300x165.jpg\" alt=\"mardinde-asiri-tuketimden-5-gunde-40-trafo-yandi\" width=\"300\" height=\"165\" srcset=\"https:\/\/www.enerjigazetesi.ist\/wp-content\/uploads\/2016\/01\/mardinde-asiri-tuketimden-5-gunde-40-trafo-yandi-300x165.jpg 300w, https:\/\/www.enerjigazetesi.ist\/wp-content\/uploads\/2016\/01\/mardinde-asiri-tuketimden-5-gunde-40-trafo-yandi-500x276.jpg 500w, https:\/\/www.enerjigazetesi.ist\/wp-content\/uploads\/2016\/01\/mardinde-asiri-tuketimden-5-gunde-40-trafo-yandi-80x44.jpg 80w, https:\/\/www.enerjigazetesi.ist\/wp-content\/uploads\/2016\/01\/mardinde-asiri-tuketimden-5-gunde-40-trafo-yandi.jpg 696w\" sizes=\"(max-width: 300px) 100vw, 300px\" \/><\/a>nde 40\u2019a yak\u0131n trafo yand\u0131. Mardin\u2019in en b\u00fcy\u00fck il\u00e7esi olan K\u0131z\u0131ltepe\u2019de ise sadece 3 g\u00fcn i\u00e7erisinde a\u015f\u0131r\u0131 t\u00fcketim y\u00fcz\u00fcnden yanan trafo say\u0131s\u0131n\u0131n 20 kadar oldu\u011fu \u00f6\u011frenildi. Yap\u0131lan incelemeler sonunda yanan trafolar\u0131n b\u00fcy\u00fck bir k\u0131sm\u0131na sonradan m\u00fcdahale edilerek \u015falterlerinin de\u011fi\u015ftirildi\u011fi belirlendi.<\/p>\n<p style=\"color: #0a0a0a;\">Elektrik t\u00fcketiminde kapasitenin \u00e7ok \u00fczerine \u00e7\u0131k\u0131lmas\u0131 nedeniyle \u00f6nce mahalle ve sokaklara elektrik sa\u011flayan DEDA\u015e trafolar\u0131ndan sonra bu kez de K\u0131z\u0131ltepe\u2019nin 4 mahallesi ile k\u0131rsal\u0131n\u0131n yakla\u015f\u0131k yar\u0131s\u0131na elektrik sa\u011flayan ve T\u00fcrkiye Elektrik \u0130letim A.\u015e.\u2019ye (TE\u0130A\u015e) ait oldu\u011fu bildirilen 125 MVA\u2019l\u0131k Trafo Merkezi tamamen yand\u0131.<\/p>\n<p style=\"color: #0a0a0a;\">Yanan trafo, itfaiye ekiplerinin m\u00fcdahalesi ile s\u00f6nd\u00fcr\u00fcld\u00fc, ancak kullan\u0131lamaz hale geldi. \u0130l\u00e7enin b\u00fcy\u00fck bir k\u0131sm\u0131n\u0131n karanl\u0131kta kalmas\u0131na neden olan yang\u0131n sonras\u0131, elektriksiz kalan yerlere yeniden enerji verilebilmesi i\u00e7in ilgili kurulu\u015flar \u00e7al\u0131\u015fma ba\u015flatt\u0131.<\/p>\n<p style=\"color: #0a0a0a;\">Kaynak: Enerji Enstit\u00fcs\u00fc<\/p>\n<p><\/p>","protected":false},"excerpt":{"rendered":"<p>Sorry, this entry is only available in Turkish. For the sake of viewer convenience, the content is shown below in the alternative language. You may click the link to switch the active language. Mardin\u2019de kar ya\u011f\u0131\u015f\u0131 ile birlikte bast\u0131ran so\u011fuklar y\u00fcz\u00fcnden K\u0131z\u0131ltepeliler elektrikli \u0131s\u0131t\u0131c\u0131lara y\u00fcklenince, il\u00e7enin yar\u0131s\u0131na enerji sa\u011flayan TE\u0130A\u015e\u2019\u0131n ana trafosu yanarak kullan\u0131lamaz hale [&hellip;]<\/p>\n","protected":false},"author":1,"featured_media":48826,"comment_status":"open","ping_status":"open","sticky":false,"template":"","format":"standard","meta":[],"categories":[51,53],"tags":[16703,27833,68,61,19638,2873,20512,63,67,1009,2698,165,15984,27834,7105,27835,4309],"views":1008,"_links":{"self":[{"href":"https:\/\/www.enerjigazetesi.ist\/en\/wp-json\/wp\/v2\/posts\/48825"}],"collection":[{"href":"https:\/\/www.enerjigazetesi.ist\/en\/wp-json\/wp\/v2\/posts"}],"about":[{"href":"https:\/\/www.enerjigazetesi.ist\/en\/wp-json\/wp\/v2\/types\/post"}],"author":[{"embeddable":true,"href":"https:\/\/www.enerjigazetesi.ist\/en\/wp-json\/wp\/v2\/users\/1"}],"replies":[{"embeddable":true,"href":"https:\/\/www.enerjigazetesi.ist\/en\/wp-json\/wp\/v2\/comments?post=48825"}],"version-history":[{"count":1,"href":"https:\/\/www.enerjigazetesi.ist\/en\/wp-json\/wp\/v2\/posts\/48825\/revisions"}],"predecessor-version":[{"id":48827,"href":"https:\/\/www.enerjigazetesi.ist\/en\/wp-json\/wp\/v2\/posts\/48825\/revisions\/48827"}],"wp:featuredmedia":[{"embeddable":true,"href":"https:\/\/www.enerjigazetesi.ist\/en\/wp-json\/wp\/v2\/media\/48826"}],"wp:attachment":[{"href":"https:\/\/www.enerjigazetesi.ist\/en\/wp-json\/wp\/v2\/media?parent=48825"}],"wp:term":[{"taxonomy":"category","embeddable":true,"href":"https:\/\/www.enerjigazetesi.ist\/en\/wp-json\/wp\/v2\/categories?post=48825"},{"taxonomy":"post_tag","embeddable":true,"href":"https:\/\/www.enerjigazetesi.ist\/en\/wp-json\/wp\/v2\/tags?post=48825"}],"curies":[{"name":"wp","href":"https:\/\/api.w.org\/{rel}","templated":true}]}}