{"id":48772,"date":"2016-01-06T11:17:51","date_gmt":"2016-01-06T08:17:51","guid":{"rendered":"https:\/\/www.enerjigazetesi.ist\/?p=48772"},"modified":"2016-01-06T11:17:51","modified_gmt":"2016-01-06T08:17:51","slug":"exergy-turkiyede-jeotermal-enerji-santrali-kuracak","status":"publish","type":"post","link":"https:\/\/www.enerjigazetesi.ist\/en\/exergy-turkiyede-jeotermal-enerji-santrali-kuracak\/","title":{"rendered":"(Turkish) Exergy T\u00fcrkiye\u2019de Jeotermal Enerji Santrali Kuracak!"},"content":{"rendered":"<p class=\"qtranxs-available-languages-message qtranxs-available-languages-message-en\">Sorry, this entry is only available in <a href=\"https:\/\/www.enerjigazetesi.ist\/tr\/wp-json\/wp\/v2\/posts\/48772\" class=\"qtranxs-available-language-link qtranxs-available-language-link-tr\" title=\"Turkish\">Turkish<\/a>. For the sake of viewer convenience, the content is shown below in the alternative language. You may click the link to switch the active language.<\/p><p><\/p>\n<p style=\"color: #666666;\"><span style=\"font-weight: bold; color: #222222;\">\u0130zmir Kemalpa\u015fa OSB`de kurdu\u011fu fabrikayla yerli t\u00fcrbin \u00fcretimine ba\u015flayan \u0130talyan Exergy T\u00fcrkiye\u2019de y\u0131lda 2 jeotermal enerji santrali <a href=\"https:\/\/www.enerjigazetesi.ist\/wp-content\/uploads\/2016\/01\/alternatif-enerji-jeotermal-500x500_c.jpg\"><img loading=\"lazy\" class=\"alignright size-medium wp-image-48773\" src=\"https:\/\/www.enerjigazetesi.ist\/wp-content\/uploads\/2016\/01\/alternatif-enerji-jeotermal-500x500_c-300x300.jpg\" alt=\"alternatif-enerji-jeotermal-500x500_c\" width=\"300\" height=\"300\" srcset=\"https:\/\/www.enerjigazetesi.ist\/wp-content\/uploads\/2016\/01\/alternatif-enerji-jeotermal-500x500_c-300x300.jpg 300w, https:\/\/www.enerjigazetesi.ist\/wp-content\/uploads\/2016\/01\/alternatif-enerji-jeotermal-500x500_c-150x150.jpg 150w, https:\/\/www.enerjigazetesi.ist\/wp-content\/uploads\/2016\/01\/alternatif-enerji-jeotermal-500x500_c-400x400.jpg 400w, https:\/\/www.enerjigazetesi.ist\/wp-content\/uploads\/2016\/01\/alternatif-enerji-jeotermal-500x500_c-50x50.jpg 50w, https:\/\/www.enerjigazetesi.ist\/wp-content\/uploads\/2016\/01\/alternatif-enerji-jeotermal-500x500_c.jpg 500w\" sizes=\"(max-width: 300px) 100vw, 300px\" \/><\/a>(JES) kurulumu ger\u00e7ekle\u015ftirmeyi planl\u0131yor.<\/span><\/p>\n<p style=\"color: #666666;\"><span style=\"font-weight: bold; color: #222222;\">Jeotermal enerji kullan\u0131m\u0131<\/span>\u00a0tart\u0131\u015fmalara ra\u011fmen, T\u00fcrkiye\u2019de yayg\u0131nla\u015fmaya ba\u015flad\u0131.<span style=\"font-weight: bold; color: #222222;\">\u00a0Jeotermal enerjiye<\/span>\u00a0yabanc\u0131 yat\u0131r\u0131mc\u0131lar\u0131n da ilgisi g\u00f6r\u00fcl\u00fcyor.<\/p>\n<p style=\"color: #666666;\">www.enerjigunlugu.net\u2019in haberine g\u00f6re, \u0130talyan t\u00fcrbin \u00fcreticisi Exergy S.p.A`n\u0131n CEO`su Cloudio Spadacini, T\u00fcrkiye`deki faaliyetlerini anlatt\u0131. \u00c7evrim santrallerinde kullan\u0131lan y\u00fcksek verimlilikte t\u00fcrbinler \u00fcrettiklerini anlatan Spadacini, T\u00fcrkiye`nin \u00f6zellikle\u00a0<span style=\"font-weight: bold; color: #222222;\">jeotermal enerji<\/span>alan\u0131ndaki potansiyeline g\u00fcvendiklerini s\u00f6yledi.<\/p>\n<p style=\"color: #666666;\">Spadacini, \u201cBug\u00fcn\u00a0<span style=\"font-weight: bold; color: #222222;\">jeotermal alan\u0131nda<\/span>\u00a0Exergy i\u00e7in d\u00fcnyadaki en \u00f6nemli pazar T\u00fcrkiye. Bu y\u00fczden ge\u00e7en y\u0131l T\u00fcrkiye`de fabrika kurduk, t\u00fcrbinler \u00fcreteye ba\u015flad\u0131k. \u015eimdi ve gelecekte\u00a0<span style=\"font-weight: bold; color: #222222;\">jeotermal kapasitesinin<\/span>\u00a0b\u00fcy\u00fcyece\u011fini d\u00fc\u015f\u00fcn\u00fcrsek T\u00fcrkiye pazar\u0131, Exergy i\u00e7in \u00f6nemli olmaya devam edecek\u201d dedi.<\/p>\n<p style=\"color: #666666;\">Haberin devam\u0131 i\u00e7in\u00a0<a style=\"color: #fc8d8d;\" href=\"http:\/\/enerjigunlugu.net\/exergy-turkiye-yilda-iki-yeni-jes-kuracak_16702.html#.Voue_0_-m1s\" target=\"_blank\">t\u0131klay\u0131n<\/a><\/p>\n<p><\/p>","protected":false},"excerpt":{"rendered":"<p>Sorry, this entry is only available in Turkish. For the sake of viewer convenience, the content is shown below in the alternative language. You may click the link to switch the active language. \u0130zmir Kemalpa\u015fa OSB`de kurdu\u011fu fabrikayla yerli t\u00fcrbin \u00fcretimine ba\u015flayan \u0130talyan Exergy T\u00fcrkiye\u2019de y\u0131lda 2 jeotermal enerji santrali (JES) kurulumu ger\u00e7ekle\u015ftirmeyi planl\u0131yor. Jeotermal [&hellip;]<\/p>\n","protected":false},"author":1,"featured_media":48773,"comment_status":"open","ping_status":"open","sticky":false,"template":"","format":"standard","meta":[],"categories":[53,48],"tags":[63,56],"views":1543,"_links":{"self":[{"href":"https:\/\/www.enerjigazetesi.ist\/en\/wp-json\/wp\/v2\/posts\/48772"}],"collection":[{"href":"https:\/\/www.enerjigazetesi.ist\/en\/wp-json\/wp\/v2\/posts"}],"about":[{"href":"https:\/\/www.enerjigazetesi.ist\/en\/wp-json\/wp\/v2\/types\/post"}],"author":[{"embeddable":true,"href":"https:\/\/www.enerjigazetesi.ist\/en\/wp-json\/wp\/v2\/users\/1"}],"replies":[{"embeddable":true,"href":"https:\/\/www.enerjigazetesi.ist\/en\/wp-json\/wp\/v2\/comments?post=48772"}],"version-history":[{"count":1,"href":"https:\/\/www.enerjigazetesi.ist\/en\/wp-json\/wp\/v2\/posts\/48772\/revisions"}],"predecessor-version":[{"id":48774,"href":"https:\/\/www.enerjigazetesi.ist\/en\/wp-json\/wp\/v2\/posts\/48772\/revisions\/48774"}],"wp:featuredmedia":[{"embeddable":true,"href":"https:\/\/www.enerjigazetesi.ist\/en\/wp-json\/wp\/v2\/media\/48773"}],"wp:attachment":[{"href":"https:\/\/www.enerjigazetesi.ist\/en\/wp-json\/wp\/v2\/media?parent=48772"}],"wp:term":[{"taxonomy":"category","embeddable":true,"href":"https:\/\/www.enerjigazetesi.ist\/en\/wp-json\/wp\/v2\/categories?post=48772"},{"taxonomy":"post_tag","embeddable":true,"href":"https:\/\/www.enerjigazetesi.ist\/en\/wp-json\/wp\/v2\/tags?post=48772"}],"curies":[{"name":"wp","href":"https:\/\/api.w.org\/{rel}","templated":true}]}}