{"id":48768,"date":"2016-01-06T11:15:26","date_gmt":"2016-01-06T08:15:26","guid":{"rendered":"https:\/\/www.enerjigazetesi.ist\/?p=48768"},"modified":"2016-01-06T11:15:26","modified_gmt":"2016-01-06T08:15:26","slug":"iranda-kazanabilmenin-yolu-antalyadan-geciyor","status":"publish","type":"post","link":"https:\/\/www.enerjigazetesi.ist\/en\/iranda-kazanabilmenin-yolu-antalyadan-geciyor\/","title":{"rendered":"(Turkish) \u201c\u0130ran\u2019da Kazanabilmenin Yolu Antalya\u2019dan Ge\u00e7iyor&#8230;\u201d"},"content":{"rendered":"<p class=\"qtranxs-available-languages-message qtranxs-available-languages-message-en\">Sorry, this entry is only available in <a href=\"https:\/\/www.enerjigazetesi.ist\/tr\/wp-json\/wp\/v2\/posts\/48768\" class=\"qtranxs-available-language-link qtranxs-available-language-link-tr\" title=\"Turkish\">Turkish<\/a>. For the sake of viewer convenience, the content is shown below in the alternative language. You may click the link to switch the active language.<\/p><p><\/p>\n<p style=\"color: #666666;\"><strong><br \/>\n<a href=\"https:\/\/www.enerjigazetesi.ist\/wp-content\/uploads\/2016\/01\/alternatif-enerji-iran-1900x700_c.jpg\"><img loading=\"lazy\" class=\"alignleft size-medium wp-image-48770\" src=\"https:\/\/www.enerjigazetesi.ist\/wp-content\/uploads\/2016\/01\/alternatif-enerji-iran-1900x700_c-300x110.jpg\" alt=\"alternatif-enerji-iran-1900x700_c\" width=\"300\" height=\"110\" srcset=\"https:\/\/www.enerjigazetesi.ist\/wp-content\/uploads\/2016\/01\/alternatif-enerji-iran-1900x700_c-300x110.jpg 300w, https:\/\/www.enerjigazetesi.ist\/wp-content\/uploads\/2016\/01\/alternatif-enerji-iran-1900x700_c-1024x377.jpg 1024w, https:\/\/www.enerjigazetesi.ist\/wp-content\/uploads\/2016\/01\/alternatif-enerji-iran-1900x700_c-500x184.jpg 500w, https:\/\/www.enerjigazetesi.ist\/wp-content\/uploads\/2016\/01\/alternatif-enerji-iran-1900x700_c-80x29.jpg 80w, https:\/\/www.enerjigazetesi.ist\/wp-content\/uploads\/2016\/01\/alternatif-enerji-iran-1900x700_c.jpg 1900w\" sizes=\"(max-width: 300px) 100vw, 300px\" \/><\/a>Uluslararas\u0131 Enerji Ekonomisi Birli\u011fi (IAEE) ile \u0130ran Enerji Ekonomisi Derne\u011fi 22-23 Ocak tarihlerinde Antalya\u2019da \u2018Ambargo sonras\u0131 \u0130ran- Yeni i\u015f, yeni enerji-yeni f\u0131rsatlar\u2019 ba\u015fl\u0131kl\u0131 bir konferans d\u00fczenleyecek.<\/strong><\/p>\n<p style=\"color: #666666;\">Ortado\u011fu ve Arap co\u011frafyas\u0131nda hemen her g\u00fcn yeni bir denklem \u00e7izilirken, \u0130ran\u2019a uygulanan ambargonun 36 y\u0131l aradan sonra kald\u0131r\u0131lma karar\u0131 g\u00f6zleri yeniden bu \u00fclkeye \u00e7evirdi. Yeni d\u00f6nemin T\u00fcrkiye i\u00e7in \u2018hayati\u2019 \u00f6nem ta\u015f\u0131d\u0131\u011f\u0131na vurgu yapan T\u00fcrkiye ve \u0130ran Enerji Ekonomisi Dernekleri, Antalya\u2019da d\u00fczenlenecek konferansla T\u00fcrk firmalara \u0130ran kap\u0131lar\u0131n\u0131 a\u00e7abilmeyi hedefliyor.<br \/>\n\u0130ran Enerji Ekonomisi Derne\u011fi ile 22-23 Ocak tarihlerinde Antalya\u2019da \u2018Ambargo sonras\u0131 \u0130ran- Yeni i\u015f, yeni enerji-yeni f\u0131rsatlar\u2019 ba\u015fl\u0131kl\u0131 bir konferans d\u00fczenlenece\u011fini hat\u0131rlatan T\u00fcrkiye Enerji Ekonomisi Derne\u011fi ve Uluslararas\u0131 Enerji Ekonomisi Birli\u011fi (IAEE) Ba\u015fkan\u0131 Prof. Dr. G\u00fcrkan Kumbaro\u011flu\u2019na g\u00f6re \u0130ran\u2019da kazanabilmenin yolu Antalya\u2019dan ge\u00e7iyor.<\/p>\n<p style=\"color: #666666;\"><span style=\"font-weight: bold; color: #222222;\">\u201cYeni, bakir ve g\u00fc\u00e7l\u00fc bir pazar!\u201d<\/span><\/p>\n<p style=\"color: #666666;\">\u0130ran\u2019\u0131n t\u00fcm kurum ve kurulu\u015flar\u0131yla ambargo sonras\u0131na y\u00f6nelik \u00e7ok ciddi hamleler yapt\u0131\u011f\u0131n\u0131 ve bug\u00fcn Ortado\u011fu\u2019da ya\u015fanan olaylar ba\u015fta olmak \u00fczere \u00fclkelerin d\u0131\u015f politikalar\u0131ndaki de\u011fi\u015fikliklerin temelinde, bu hamlelerin yans\u0131malar\u0131n\u0131n yatt\u0131\u011f\u0131n\u0131 anlatan Prof. Dr. Kumbaro\u011flu konu\u015fmas\u0131na \u015f\u00f6yle devam etti:<br \/>\n\u201c\u00c7ok uzun s\u00fcredir \u2018varl\u0131k i\u00e7inde yokluk\u2019 \u00e7eken bir \u00fclkenin yeniden d\u00fcnya piyasalar\u0131na entegre olaca\u011f\u0131 bir d\u00f6neme \u015fahitlik ediyoruz. \u0130ran\u2019da yat\u0131r\u0131ma ihtiya\u00e7 var, yat\u0131r\u0131m\u0131 finanse edecek para var, yat\u0131r\u0131m\u0131 karl\u0131 k\u0131lacak talep var. T\u00fcrkiye\u2019de de t\u00fcm bunlara ortak olabilecek tecr\u00fcbe ve \u0130ran\u2019\u0131 bat\u0131ya ta\u015f\u0131yacak\u00a0<span style=\"font-weight: bold; color: #222222;\">jeopolitik<\/span>\u00a0var. Her iki \u00fclke i\u00e7in de m\u00fcthi\u015f bir i\u015fbirli\u011fi ve ticaret potansiyeli s\u00f6z konusu. Ancak \u0130ran pazar\u0131 sadece T\u00fcrkiye\u2019nin ilgisini \u00e7ekmiyor. ABD\u2019den Almanya\u2019ya, Rusya\u2019dan \u0130ngiltere\u2019ye kadar \u00e7ok say\u0131da \u00fclke \u0130ran\u2019\u0131n bu yeni d\u00f6neminde etkin olmak istiyor. \u00c7\u00fcnk\u00fc \u0130ran, \u2018yeni, bakir, ve g\u00fc\u00e7l\u00fc bir pazar\u2019 anlam\u0131na geliyor. Bizim onlardan fark\u0131m\u0131z \u0130ran\u2019la \u00e7ok ciddi bir k\u00fclt\u00fcrel ge\u00e7mi\u015fimizin ve dini yak\u0131nl\u0131\u011f\u0131m\u0131z\u0131n olmas\u0131. Bu avantaj\u0131m\u0131z\u0131 iyi kullanmam\u0131z gerekiyor. Konferansa \u0130ran cephesinden yo\u011fun ilgiyle kar\u015f\u0131la\u015ft\u0131k. \u0130ran Ulusal Kalk\u0131nma Fonu ve D\u00fcnya Enerji Konseyi \u0130ran Milli Komitesi taraf\u0131ndan konferansa destek kararlar\u0131 oy birli\u011fi ile al\u0131nd\u0131. Konferans\u0131n<span style=\"font-weight: bold; color: #222222;\">\u00a0enerji sekt\u00f6r\u00fcnde\u00a0<\/span>\u0130ran\u2019\u0131n k\u00f6kl\u00fc ve \u00f6nemli kurulu\u015fu olan \u0130ran Enerji Ekonomisi Derne\u011fi ile birlikte d\u00fczenlenmesi \u0130ran taraf\u0131ndaki ilgiyi art\u0131r\u0131yor. T\u00fcrkiye\u2019den de Bo\u011fazi\u00e7i \u00dcniversitesi Enerji Politikalar\u0131 Ara\u015ft\u0131rma Merkezi\u2019nin yan\u0131 s\u0131ra DE\u0130K Enerji \u0130\u015f Konseyi, ELDER, \u0130stanbul Ticaret Odas\u0131, Antalya Ticaret ve Sanayi Odas\u0131, T\u00fcrkiye-\u0130ran Sanayici ve \u0130\u015fadamlar\u0131 Derne\u011fi gibi i\u015f d\u00fcnyas\u0131n\u0131n \u00f6nemli \u00f6rg\u00fctleri destekleme karar\u0131 ald\u0131lar. Bu konferansta t\u00fcm sekt\u00f6rlere y\u00f6nelik i\u015fbirli\u011fi f\u0131rsatlar\u0131n\u0131 de\u011ferlendirmekle kalmayacak, \u00f6zellikle enerji ticaretinde yeni d\u00f6nemi masaya yat\u0131raca\u011f\u0131z. Konferansla ilgili haz\u0131rl\u0131klardan ve geli\u015fmelerden haberdar olmak isteyenlerin info@cuttingedgeconferences.com adresine ileti\u015fim bilgilerini b\u0131rakmalar\u0131 yeterli olacak.\u201d<\/p>\n<p style=\"color: #666666;\">Kaynak:AlternatifEnerji<\/p>\n<p><\/p>","protected":false},"excerpt":{"rendered":"<p>Sorry, this entry is only available in Turkish. For the sake of viewer convenience, the content is shown below in the alternative language. You may click the link to switch the active language. Uluslararas\u0131 Enerji Ekonomisi Birli\u011fi (IAEE) ile \u0130ran Enerji Ekonomisi Derne\u011fi 22-23 Ocak tarihlerinde Antalya\u2019da \u2018Ambargo sonras\u0131 \u0130ran- Yeni i\u015f, yeni enerji-yeni f\u0131rsatlar\u2019 [&hellip;]<\/p>\n","protected":false},"author":1,"featured_media":48770,"comment_status":"open","ping_status":"open","sticky":false,"template":"","format":"standard","meta":[],"categories":[53],"tags":[63],"views":526,"_links":{"self":[{"href":"https:\/\/www.enerjigazetesi.ist\/en\/wp-json\/wp\/v2\/posts\/48768"}],"collection":[{"href":"https:\/\/www.enerjigazetesi.ist\/en\/wp-json\/wp\/v2\/posts"}],"about":[{"href":"https:\/\/www.enerjigazetesi.ist\/en\/wp-json\/wp\/v2\/types\/post"}],"author":[{"embeddable":true,"href":"https:\/\/www.enerjigazetesi.ist\/en\/wp-json\/wp\/v2\/users\/1"}],"replies":[{"embeddable":true,"href":"https:\/\/www.enerjigazetesi.ist\/en\/wp-json\/wp\/v2\/comments?post=48768"}],"version-history":[{"count":1,"href":"https:\/\/www.enerjigazetesi.ist\/en\/wp-json\/wp\/v2\/posts\/48768\/revisions"}],"predecessor-version":[{"id":48771,"href":"https:\/\/www.enerjigazetesi.ist\/en\/wp-json\/wp\/v2\/posts\/48768\/revisions\/48771"}],"wp:featuredmedia":[{"embeddable":true,"href":"https:\/\/www.enerjigazetesi.ist\/en\/wp-json\/wp\/v2\/media\/48770"}],"wp:attachment":[{"href":"https:\/\/www.enerjigazetesi.ist\/en\/wp-json\/wp\/v2\/media?parent=48768"}],"wp:term":[{"taxonomy":"category","embeddable":true,"href":"https:\/\/www.enerjigazetesi.ist\/en\/wp-json\/wp\/v2\/categories?post=48768"},{"taxonomy":"post_tag","embeddable":true,"href":"https:\/\/www.enerjigazetesi.ist\/en\/wp-json\/wp\/v2\/tags?post=48768"}],"curies":[{"name":"wp","href":"https:\/\/api.w.org\/{rel}","templated":true}]}}