{"id":48757,"date":"2016-01-05T20:07:54","date_gmt":"2016-01-05T17:07:54","guid":{"rendered":"https:\/\/www.enerjigazetesi.ist\/?p=48757"},"modified":"2016-01-05T20:08:10","modified_gmt":"2016-01-05T17:08:10","slug":"canakkalede-termik-yogunluguna-ekosistem-uyarisi","status":"publish","type":"post","link":"https:\/\/www.enerjigazetesi.ist\/en\/canakkalede-termik-yogunluguna-ekosistem-uyarisi\/","title":{"rendered":"(Turkish) \u00c7anakkale&#8217;de Termik Yo\u011funlu\u011funa Ekosistem Uyar\u0131s\u0131&#8230;"},"content":{"rendered":"<p class=\"qtranxs-available-languages-message qtranxs-available-languages-message-en\">Sorry, this entry is only available in <a href=\"https:\/\/www.enerjigazetesi.ist\/tr\/wp-json\/wp\/v2\/posts\/48757\" class=\"qtranxs-available-language-link qtranxs-available-language-link-tr\" title=\"Turkish\">Turkish<\/a>. For the sake of viewer convenience, the content is shown below in the alternative language. You may click the link to switch the active language.<\/p><p><strong>\u00c7anakkale`nin Karabiga il\u00e7esinde kurulmas\u0131 planlanan A\u011fan termik santralle birlikte b\u00f6lgede yo\u011funla\u015fan termik santrallere kar\u015f\u0131 ekosistem uyar\u0131s\u0131 yap\u0131ld\u0131.<\/strong><\/p>\n<p>\u00c7anakkale\u2019de aktif faaliyet g\u00f6steren \u0130da Dayan\u0131\u015fma Derne\u011fi bir bas\u0131n a\u00e7\u0131klamas\u0131 yaparak, Biga Yar\u0131ma<a href=\"https:\/\/www.enerjigazetesi.ist\/wp-content\/uploads\/2016\/01\/canakkalede-termik-yogunluguna-ekosistem-uyarisi.jpg\"><img loading=\"lazy\" class=\"alignright size-medium wp-image-48758\" src=\"https:\/\/www.enerjigazetesi.ist\/wp-content\/uploads\/2016\/01\/canakkalede-termik-yogunluguna-ekosistem-uyarisi-300x220.jpg\" alt=\"canakkalede-termik-yogunluguna-ekosistem-uyarisi\" width=\"300\" height=\"220\" srcset=\"https:\/\/www.enerjigazetesi.ist\/wp-content\/uploads\/2016\/01\/canakkalede-termik-yogunluguna-ekosistem-uyarisi-300x220.jpg 300w, https:\/\/www.enerjigazetesi.ist\/wp-content\/uploads\/2016\/01\/canakkalede-termik-yogunluguna-ekosistem-uyarisi-500x368.jpg 500w, https:\/\/www.enerjigazetesi.ist\/wp-content\/uploads\/2016\/01\/canakkalede-termik-yogunluguna-ekosistem-uyarisi-67x50.jpg 67w, https:\/\/www.enerjigazetesi.ist\/wp-content\/uploads\/2016\/01\/canakkalede-termik-yogunluguna-ekosistem-uyarisi.jpg 580w\" sizes=\"(max-width: 300px) 100vw, 300px\" \/><\/a>das\u0131\u2019nda yo\u011funla\u015fan termik santral projeleri tamamlan\u0131rsa b\u00f6lgedeki tar\u0131m ve hayvanc\u0131l\u0131k faaliyetleri ile b\u00f6lge sakinlerinden Akdeniz foklar\u0131n\u0131n kal\u0131c\u0131 olarak hasar alaca\u011f\u0131 uyar\u0131s\u0131nda bulundu.<\/p>\n<p>A\u00e7\u0131klamada, 7 Ocak Per\u015fembe Karabiga Belediyesi enc\u00fcmeninin in\u015fa edilmek istenen A\u011fan Termik Santrali\u2019ne de imar izni verilece\u011fi y\u00f6n\u00fcndeki son geli\u015fme hat\u0131rlat\u0131larak, 19 bin megawat\u0131 a\u015facak termik santrallerin Biga Yar\u0131madas\u0131\u2019n\u0131n verimli topraklar\u0131n\u0131 ve havas\u0131n\u0131 zehirleyece\u011finin belirtildi.<\/p>\n<p>A\u011fan Termik Santrali`nin dava s\u00fcreci devam etmekte olan Cengiz Holding ve Alarko Holding ortak i\u015ftirak\u0131 Cenal Enerji\u2019nin \u00fcstlendi\u011fi CENAL Termik Santrali\u2019nin hemen yan\u0131na yap\u0131laca\u011f\u0131 kaydedilerek, ba\u015fta \u00c7anakkale milletvekilleri ve yerel y\u00f6netimlerin sorumluluklar\u0131 hat\u0131rlat\u0131ld\u0131.<\/p>\n<p><strong>PAR\u0130S \u0130KL\u0130M Z\u0130RVES\u0130 HATIRLATILDI<\/strong><\/p>\n<p>A\u00e7\u0131klamada Paris \u0130klim Zirvesi hat\u0131rlat\u0131larak, &#8220;Soruyoruz; daha yenilerde Paris\u2019te d\u00fczenlenen \u0130klim Konferans\u0131nda, kirletici ve zehirli emisyonlar\u0131 azaltmak amac\u0131 ile k\u0131sa orta vadede fosil yak\u0131tlar ile \u00e7al\u0131\u015fan termik santrallerin azalt\u0131lmas\u0131 karar\u0131 verilmi\u015f iken, b\u00f6lgemizde ve \u00fclkemizde k\u00f6m\u00fcrl\u00fc termik santrallerde \u0131srarc\u0131 olunmas\u0131 nas\u0131l a\u00e7\u0131klanabilir ?<br \/>\nT\u00fcm D\u00fcnya yenilebilir enerji kaynaklar\u0131na y\u00f6nelirken b\u00f6lgemizde ba\u015fta r\u00fczgar ve g\u00fcne\u015f olmak \u00fczere yenilenebilir ve sonsuz kaynaklara yat\u0131r\u0131m yap\u0131lmamas\u0131n\u0131n sebebi nedir ?&#8221; ifadeleri kullan\u0131ld\u0131.<\/p>\n<p><strong>TERM\u0130KLER\u0130N D\u00d6RTTE B\u0130R\u0130N\u0130 TEK HATTA KURMAK \u0130NSAFSIZLIK<\/strong><\/p>\n<p>T\u00fcrkiye\u2019deki k\u00f6m\u00fcrl\u00fc termik santrallerin toplam kurulu g\u00fcc\u00fcn\u00fcn neredeyse \u00bc \u00fcne varan k\u0131sm\u0131n\u0131n Lapseki, Karabiga, Band\u0131rma hatt\u0131nda kurmay\u0131 planlaman\u0131n insafs\u0131zl\u0131k oldu\u011fu belirtilen a\u00e7\u0131klamada, t\u00fcm bunlar\u0131n sorumlusunun da \u015fimdiki idare ve siyasi iktidar oldu\u011fu ifade edildi.<\/p>\n<p>Kaynak: <a href=\"http:\/\/enerjigunlugu.net\/canakkalede-termik-yogunluguna-ekosistem-uyarisi_16718.html#.Vov4BVSLRdh\" target=\"_blank\" rel=\"nofollow\">Enerji G\u00fcnl\u00fc\u011f\u00fc<\/a><\/p>","protected":false},"excerpt":{"rendered":"<p>Sorry, this entry is only available in Turkish. For the sake of viewer convenience, the content is shown below in the alternative language. You may click the link to switch the active language.\u00c7anakkale`nin Karabiga il\u00e7esinde kurulmas\u0131 planlanan A\u011fan termik santralle birlikte b\u00f6lgede yo\u011funla\u015fan termik santrallere kar\u015f\u0131 ekosistem uyar\u0131s\u0131 yap\u0131ld\u0131. \u00c7anakkale\u2019de aktif faaliyet g\u00f6steren \u0130da Dayan\u0131\u015fma [&hellip;]<\/p>\n","protected":false},"author":1,"featured_media":48758,"comment_status":"open","ping_status":"open","sticky":false,"template":"","format":"standard","meta":[],"categories":[53,24649],"tags":[27813,4427,63,67,1009,2698,165,27814,27812,1675,438],"views":1103,"_links":{"self":[{"href":"https:\/\/www.enerjigazetesi.ist\/en\/wp-json\/wp\/v2\/posts\/48757"}],"collection":[{"href":"https:\/\/www.enerjigazetesi.ist\/en\/wp-json\/wp\/v2\/posts"}],"about":[{"href":"https:\/\/www.enerjigazetesi.ist\/en\/wp-json\/wp\/v2\/types\/post"}],"author":[{"embeddable":true,"href":"https:\/\/www.enerjigazetesi.ist\/en\/wp-json\/wp\/v2\/users\/1"}],"replies":[{"embeddable":true,"href":"https:\/\/www.enerjigazetesi.ist\/en\/wp-json\/wp\/v2\/comments?post=48757"}],"version-history":[{"count":2,"href":"https:\/\/www.enerjigazetesi.ist\/en\/wp-json\/wp\/v2\/posts\/48757\/revisions"}],"predecessor-version":[{"id":48760,"href":"https:\/\/www.enerjigazetesi.ist\/en\/wp-json\/wp\/v2\/posts\/48757\/revisions\/48760"}],"wp:featuredmedia":[{"embeddable":true,"href":"https:\/\/www.enerjigazetesi.ist\/en\/wp-json\/wp\/v2\/media\/48758"}],"wp:attachment":[{"href":"https:\/\/www.enerjigazetesi.ist\/en\/wp-json\/wp\/v2\/media?parent=48757"}],"wp:term":[{"taxonomy":"category","embeddable":true,"href":"https:\/\/www.enerjigazetesi.ist\/en\/wp-json\/wp\/v2\/categories?post=48757"},{"taxonomy":"post_tag","embeddable":true,"href":"https:\/\/www.enerjigazetesi.ist\/en\/wp-json\/wp\/v2\/tags?post=48757"}],"curies":[{"name":"wp","href":"https:\/\/api.w.org\/{rel}","templated":true}]}}