{"id":48747,"date":"2016-01-05T19:51:10","date_gmt":"2016-01-05T16:51:10","guid":{"rendered":"https:\/\/www.enerjigazetesi.ist\/?p=48747"},"modified":"2016-01-05T19:51:38","modified_gmt":"2016-01-05T16:51:38","slug":"yorum-pshnin-faturadan-kalkmasi-serbest-tuketicilere-neler-getirecek","status":"publish","type":"post","link":"https:\/\/www.enerjigazetesi.ist\/en\/yorum-pshnin-faturadan-kalkmasi-serbest-tuketicilere-neler-getirecek\/","title":{"rendered":"(Turkish) PSH&#8217;nin Faturadan Kalkmas\u0131 Serbest T\u00fcketicilere Neler Getirecek?"},"content":{"rendered":"<p class=\"qtranxs-available-languages-message qtranxs-available-languages-message-en\">Sorry, this entry is only available in <a href=\"https:\/\/www.enerjigazetesi.ist\/tr\/wp-json\/wp\/v2\/posts\/48747\" class=\"qtranxs-available-language-link qtranxs-available-language-link-tr\" title=\"Turkish\">Turkish<\/a>. For the sake of viewer convenience, the content is shown below in the alternative language. You may click the link to switch the active language.<\/p><p><\/p>\n<p style=\"color: #0a0a0a;\"><strong>\u00d6ncelikle yeni y\u0131l\u0131n elektrik sekt\u00f6r\u00fcne b\u00fcy\u00fck de\u011fi\u015fiklikler getirece\u011fini rahat\u00e7a s\u00f6yleyebiliriz.\u00a0Bu yaz\u0131mda PSH Bedelinin kalmas\u0131 ile meydana gelebilecek de\u011fi\u015fiklikleri SERBEST T\u00dcKET\u0130C\u0130LER a\u00e7\u0131s\u0131ndan\u00a0kendimce yorumlayaca\u011f\u0131m.<\/strong><span id=\"more-75220\"><\/span><\/p>\n<p style=\"color: #0a0a0a;\">E\u011fer elektrik sekt\u00f6r\u00fcn<a href=\"https:\/\/www.enerjigazetesi.ist\/wp-content\/uploads\/2016\/01\/yorum-pshnin-faturadan-kalkmasi-serbest-tuketicilere-neler-getirecek.jpg\"><img loading=\"lazy\" class=\"alignleft size-medium wp-image-48748\" src=\"https:\/\/www.enerjigazetesi.ist\/wp-content\/uploads\/2016\/01\/yorum-pshnin-faturadan-kalkmasi-serbest-tuketicilere-neler-getirecek-300x165.jpg\" alt=\"yorum-pshnin-faturadan-kalkmasi-serbest-tuketicilere-neler-getirecek\" width=\"300\" height=\"165\" srcset=\"https:\/\/www.enerjigazetesi.ist\/wp-content\/uploads\/2016\/01\/yorum-pshnin-faturadan-kalkmasi-serbest-tuketicilere-neler-getirecek-300x165.jpg 300w, https:\/\/www.enerjigazetesi.ist\/wp-content\/uploads\/2016\/01\/yorum-pshnin-faturadan-kalkmasi-serbest-tuketicilere-neler-getirecek-500x276.jpg 500w, https:\/\/www.enerjigazetesi.ist\/wp-content\/uploads\/2016\/01\/yorum-pshnin-faturadan-kalkmasi-serbest-tuketicilere-neler-getirecek-80x44.jpg 80w, https:\/\/www.enerjigazetesi.ist\/wp-content\/uploads\/2016\/01\/yorum-pshnin-faturadan-kalkmasi-serbest-tuketicilere-neler-getirecek.jpg 696w\" sizes=\"(max-width: 300px) 100vw, 300px\" \/><\/a>de faaliyet g\u00f6steriyor ya da \u00e7al\u0131\u015f\u0131yorsan\u0131z kaynayan bir kazan\u0131n i\u00e7indesiniz demektir. Kimin aya\u011f\u0131na bast\u0131\u011f\u0131n\u0131za g\u00f6re size y\u00f6neltilen su\u00e7lamalar ve ele\u015ftiriler de\u011fi\u015fecektir. Sizden beklenilen s\u00fcrekli birilerini alk\u0131\u015flaman\u0131zd\u0131r. B\u00f6yle yapt\u0131\u011f\u0131n\u0131z s\u00fcrece her yerde kendinize yer bulabilirsiniz. Benim bu kapsamda olmad\u0131\u011f\u0131m\u0131 tan\u0131yanlar gayet iyi bilir. Ancak ben do\u011fruya do\u011fru dedi\u011fim gibi yanl\u0131\u015fa da yanl\u0131\u015f demek isteyen birisiyimdir. Bunu da elimden geldi\u011fince yap\u0131yorum.<\/p>\n<p style=\"color: #0a0a0a;\">Yeni \u201cTarifeler Y\u00f6netmeli\u011fi\u201dnin bir\u00e7ok de\u011fi\u015fiklik getirece\u011fini biliyorduk. Ancak resmi gazetede yay\u0131nlanmayan bir \u015fey i\u00e7in \u00f6ncesinden konu\u015fmak pek m\u00fcmk\u00fcn olmuyor. Tarifeler Dairesi\u2019nin yapt\u0131\u011f\u0131 y\u00f6netmelik bence yerinde olmu\u015f.<\/p>\n<p style=\"color: #0a0a0a;\"><strong>Faturan\u0131n Sadele\u015fmesi<\/strong><br \/>\nElektrik faturalar\u0131n\u0131 bir\u00e7ok elektrik kullan\u0131c\u0131s\u0131 anlam\u0131yordu. Eskiden kalma al\u0131\u015fkanl\u0131k ile elektrik kullanan t\u00fcketiciler \u00e7o\u011funlukla fatura tutar\u0131na bak\u0131yorlard\u0131. Faturan\u0131n karma\u015f\u0131k olmas\u0131 sebebi ile k\u00f6t\u00fc niyetli olan elektrik tedarik\u00e7ileri bir \u00e7ok bedeli bu karma\u015fan\u0131n aras\u0131na s\u0131k\u0131\u015ft\u0131r\u0131yordu. \u00d6rnek vermek gerekirse Kesme\/ Ba\u011flama Bedeli elektrik kesilip tekrar ba\u011flanmadan tahsil edilemeyen bir bedeldir. Ancak baz\u0131 b\u00fcy\u00fck elektrik \u015firketlerinin \u00f6zellikle bu bedeller \u00fczerinden vatanda\u015ftan (!) yanl\u0131\u015fl\u0131kla bu\u00a0bedeli\u00a0tahsil etti\u011fini hepiniz duymu\u015fsunuzdur.<\/p>\n<p style=\"color: #0a0a0a;\">Art\u0131k fatura a\u015fa\u011f\u0131daki bedellerden olu\u015facak<br \/>\nNet Enerji Bedeli ( Kulland\u0131\u011f\u0131n\u0131z Elektrik)<br \/>\nDa\u011f\u0131t\u0131m Bedeli ( Kay\u0131p Ka\u00e7ak ve \u0130letim Bedeli bu bedelin i\u00e7ine girdi)<br \/>\nFonlar ( Enerji Fonu, TRT Pay\u0131 ve Belediye T\u00fcketim Vergisi)<br \/>\nKDV<br \/>\nBu bedellere ek olarak Reaktif Bedel, \u00c7ift Terimli Sanayi Tarifesi \u00fczerinden elektrik kullanan aboneler i\u00e7in G\u00fc\u00e7 A\u015f\u0131m\u0131 ve G\u00fc\u00e7 Bedeli \u00f6denecektir.<\/p>\n<p style=\"color: #0a0a0a;\">Bu k\u0131s\u0131mdaki en \u00f6nemli de\u011fi\u015fiklik serbest t\u00fcketicilerin kafas\u0131n\u0131 \u00e7ok kar\u0131\u015ft\u0131ran bir bedel olan PSH Bedeli\u2019nin ( Perakende Sat\u0131\u015f Hizmet Bedeli ) ortadan kalmas\u0131 olacakt\u0131r. PSH Bedelinin bir k\u0131sm\u0131n\u0131 Aktif ( Net ) Enerji Bedeli i\u00e7ine koyuldu\u011fu s\u00f6yleniyor. Gelin konuyu biraz daha a\u00e7ay\u0131m.<\/p>\n<p style=\"color: #0a0a0a;\">Lisans sahibi elektrik \u015firketleri elektrik abonelerine verdikleri fiyat teklifinde PSH Bedeli\u2019ni anlatmakta zorlan\u0131yordu. Bir\u00e7ok abone bunun fark\u0131na bile varm\u0131yordu. Kaba bir hesap yaparsak iki elektrik \u015firketi de size elektrik verse ve biri PSH Bedelini sizden tahsil ederken di\u011feri almasa arada yakla\u015f\u0131k % 3 fark oluyor. Yani PSH almayan tedarik\u00e7i sizden daha az fatura tahsil ediyor. Bir ba\u015fka y\u00f6ntem ile konuyu bir kez daha \u00f6rnekleyeyim. \u0130ki \u015firketten % 15 indirimli elektrik fiyat teklifi ald\u0131\u011f\u0131n\u0131z\u0131 d\u00fc\u015f\u00fcn\u00fcn. Yine birisi PSH als\u0131n di\u011feri almas\u0131n. PSH almayan asl\u0131nda size yakla\u015f\u0131k % 18 indirim veriyordur. Ancak bunu kullan\u0131c\u0131n\u0131n hesaplamas\u0131 pekte kolay de\u011fildir. Bu \u00e7\u00f6zmenin yolu kar\u015f\u0131la\u015ft\u0131rma yaparken KDV dahil birim fiyat \u00fczerinden kar\u015f\u0131la\u015ft\u0131rma yapman\u0131zd\u0131r. Bu k\u0131sm\u0131 umar\u0131m anlatabilmi\u015fimdir.<\/p>\n<p style=\"color: #0a0a0a;\"><strong>PSH Bedeli Nedir?<\/strong><br \/>\nBu bedel asl\u0131nda g\u00f6revli tedarik \u015firketlerinin geliridir. Abonelerine g\u00f6nderdi\u011fi faturalar, k\u0131rtasiye malzemesi ve m\u00fc\u015fteri hizmetleri merkezlerinde size verdikleri hizmete istinaden al\u0131rlar. Peki \u00f6zel elektrik \u015firketleri bu bedeli neye g\u00f6re al\u0131n\u0131r. Duydu\u011fuma g\u00f6re \u00f6zel bir elektrik \u015firketi bu durumu EPDK\u2019ya sorar. EPDK\u2019da \u201cs\u00f6zle\u015fmeye yazmak sureti ile alabilirsiniz\u201d der. Daha sonra bu baz\u0131 y\u00f6netmeliklerde de yer ald\u0131. Vatanda\u015ftan para tahsil edebilmeniz i\u00e7in bunun kanunla belirlenmi\u015f olmas\u0131 gerekir. G\u00f6revli tedarik \u015firketlerinin bile PSH Bedeli almas\u0131 tart\u0131\u015fmal\u0131 iken \u00f6zel elektrik \u015firketlerinin bu bedeli almas\u0131na m\u00fcsaade edilmesi ise KOCA bir fiyaskodur.<br \/>\n\u0130kinci b\u00fcy\u00fck fiyasko ise bunu bedelin endeks esasl\u0131 olarak tahsil edilmesidir. Yani t\u00fcketiminiz y\u00fckseldik\u00e7e \u00f6dedi\u011finiz PSH Bedeli\u2019de artacakt\u0131r. Ancak elektrik \u015firketinin maliyetinde bir de\u011fi\u015fiklik olamayacakt\u0131r. \u00c7ok fazla PSH Bedeli \u00f6d\u00fcyorsan\u0131z sizi k\u0131rm\u0131z\u0131 hal\u0131 ile kar\u015f\u0131lamazlar. Peki 5 TL \u00f6deyende 45.000 TL PSH Bedeli\u00a0\u00f6deyende\u00a0ayn\u0131 s\u0131raya giriyorsa neden ben daha fazla para \u00f6d\u00fcyorum. Hani Elektrik Piyasas\u0131 Kanunun ama\u00e7 maddesi? Taraflar aras\u0131ndan ayr\u0131m g\u00f6zetmeksizin, e\u015fit ko\u015fullarda hizmet nerede?<\/p>\n<p style=\"color: #0a0a0a;\"><strong>Bu de\u011fi\u015fikliklerden sonra ne olacak?<\/strong><br \/>\nBana g\u00f6re tarife metodolojisi de\u011fi\u015fti. Yani \u00f6zellikle sanayi tarifesinden elektrik kullanan abonelerin s\u00f6zle\u015fmelerini tekrar m\u00fczakere etmesi gerekecektir. Buna bir\u00e7ok \u015firketin kar\u015f\u0131 \u00e7\u0131kaca\u011f\u0131n\u0131 biliyorum. Ben s\u00f6ylediklerimden mesul\u00fcm sizin ne anlad\u0131\u011f\u0131n\u0131zdan de\u011fil! Mevcut de\u011fi\u015fiklik elektrik \u015firketlerinin aleyhine olan bir durum de\u011fildir. E\u011fer \u00f6yle olsayd\u0131 g\u00f6r\u00fcn o s\u00f6zle\u015fmelere ne oluyordu. Bunun \u00f6rne\u011fini bir\u00e7ok kez g\u00f6rd\u00fck. (\u00d6rnek TRT Pay\u0131, \u00d6rnek Kay\u0131p Ka\u00e7ak Bedelinin serbest t\u00fcketicilerden tahsil edilmesi,)<br \/>\n\u00d6rnek vererek konu\u015fal\u0131m. Ekim 2014 elektrik tarifesinde sanayi birim fiyat\u0131 0,18559 Kr iken Ocak 2015 elektrik tarifesinde birim fiyat 0,20522 olmu\u015ftu. Bu ilk etapta bir zam olarak g\u00f6r\u00fclebilir. Ancak ayn\u0131 zamanda buna PSH Bedelinin Aktif Enerji Bedeline\u2019de eklendi\u011fi s\u00f6ylenebilir.\u0130ki s\u00f6ylemde yanl\u0131\u015f olmayacakt\u0131r. \u00c7\u00fcnk\u00fc tarife metodolojisi bu \u015fekilde de\u011fi\u015fir. Buna itiraz eden bu de\u011fi\u015fikli\u011fin nas\u0131l olaca\u011f\u0131n\u0131da bir zahmet izah etsin. \u0130\u015fler kar\u0131\u015facak bu kesin. Elektrik piyasas\u0131 bu \u015fekilde oldu\u011fu s\u00fcrece AFA Dan\u0131\u015fmanl\u0131k olarak bize \u00e7ok i\u015f \u00e7\u0131kaca\u011f\u0131 kesin.<\/p>\n<p style=\"color: #0a0a0a;\">Bir di\u011fer konu ise Ocak 2015 tarihi ile PSH Bedelinin elektrik faturalar\u0131 \u00fczerinde yer almamas\u0131 gerek. S\u00f6zle\u015fmenizde bunun yazmas\u0131 hi\u00e7bir anlam ifade etmiyor. S\u00f6zle\u015fmeniz kanun ve y\u00f6netmeliklere ayk\u0131r\u0131 olamaz. Tabiki bu durum tart\u0131\u015fmal\u0131 olacak. Belki davalar a\u00e7\u0131lacak. Ancak ben iddia ediyorum ki bu konuda a\u00e7\u0131lan davalar t\u00fcketici lehine sonu\u00e7lanacak. Gelin size yard\u0131mc\u0131 olal\u0131m.<\/p>\n<p style=\"color: #0a0a0a;\">Maliyetlerinizi d\u00fc\u015f\u00fcrmek istiyorsan\u0131z \u00e7al\u0131\u015fanlar\u0131n\u0131z\u0131n maa\u015flar\u0131na m\u00fcdahale edece\u011finize PSH Bedelini \u00f6demekten vaz ge\u00e7in.<\/p>\n<p style=\"color: #0a0a0a;\"><em><strong>B\u00fclent \u00c7ebin<\/strong><\/em><\/p>\n<p><\/p>","protected":false},"excerpt":{"rendered":"<p>Sorry, this entry is only available in Turkish. For the sake of viewer convenience, the content is shown below in the alternative language. You may click the link to switch the active language. \u00d6ncelikle yeni y\u0131l\u0131n elektrik sekt\u00f6r\u00fcne b\u00fcy\u00fck de\u011fi\u015fiklikler getirece\u011fini rahat\u00e7a s\u00f6yleyebiliriz.\u00a0Bu yaz\u0131mda PSH Bedelinin kalmas\u0131 ile meydana gelebilecek de\u011fi\u015fiklikleri SERBEST T\u00dcKET\u0130C\u0130LER a\u00e7\u0131s\u0131ndan\u00a0kendimce yorumlayaca\u011f\u0131m. [&hellip;]<\/p>\n","protected":false},"author":1,"featured_media":48748,"comment_status":"open","ping_status":"open","sticky":false,"template":"","format":"standard","meta":[],"categories":[51,53],"tags":[68,61,1229,19638,2873,10828,63,67,1009,2698,165,27805,27807,26395,27806,27804],"views":928,"_links":{"self":[{"href":"https:\/\/www.enerjigazetesi.ist\/en\/wp-json\/wp\/v2\/posts\/48747"}],"collection":[{"href":"https:\/\/www.enerjigazetesi.ist\/en\/wp-json\/wp\/v2\/posts"}],"about":[{"href":"https:\/\/www.enerjigazetesi.ist\/en\/wp-json\/wp\/v2\/types\/post"}],"author":[{"embeddable":true,"href":"https:\/\/www.enerjigazetesi.ist\/en\/wp-json\/wp\/v2\/users\/1"}],"replies":[{"embeddable":true,"href":"https:\/\/www.enerjigazetesi.ist\/en\/wp-json\/wp\/v2\/comments?post=48747"}],"version-history":[{"count":2,"href":"https:\/\/www.enerjigazetesi.ist\/en\/wp-json\/wp\/v2\/posts\/48747\/revisions"}],"predecessor-version":[{"id":48750,"href":"https:\/\/www.enerjigazetesi.ist\/en\/wp-json\/wp\/v2\/posts\/48747\/revisions\/48750"}],"wp:featuredmedia":[{"embeddable":true,"href":"https:\/\/www.enerjigazetesi.ist\/en\/wp-json\/wp\/v2\/media\/48748"}],"wp:attachment":[{"href":"https:\/\/www.enerjigazetesi.ist\/en\/wp-json\/wp\/v2\/media?parent=48747"}],"wp:term":[{"taxonomy":"category","embeddable":true,"href":"https:\/\/www.enerjigazetesi.ist\/en\/wp-json\/wp\/v2\/categories?post=48747"},{"taxonomy":"post_tag","embeddable":true,"href":"https:\/\/www.enerjigazetesi.ist\/en\/wp-json\/wp\/v2\/tags?post=48747"}],"curies":[{"name":"wp","href":"https:\/\/api.w.org\/{rel}","templated":true}]}}