{"id":48694,"date":"2016-01-04T12:18:42","date_gmt":"2016-01-04T09:18:42","guid":{"rendered":"https:\/\/www.enerjigazetesi.ist\/?p=48694"},"modified":"2016-01-04T12:19:15","modified_gmt":"2016-01-04T09:19:15","slug":"nuvianin-kombilere-uzaktan-erisim-saglayan-sistemi-yabancilarin-gozdesi","status":"publish","type":"post","link":"https:\/\/www.enerjigazetesi.ist\/en\/nuvianin-kombilere-uzaktan-erisim-saglayan-sistemi-yabancilarin-gozdesi\/","title":{"rendered":"(Turkish) Nuvia&#8217;n\u0131n Kombilere Uzaktan Eri\u015fim Sistemi Yabanc\u0131lar\u0131n G\u00f6zdesi!"},"content":{"rendered":"<p class=\"qtranxs-available-languages-message qtranxs-available-languages-message-en\">Sorry, this entry is only available in <a href=\"https:\/\/www.enerjigazetesi.ist\/tr\/wp-json\/wp\/v2\/posts\/48694\" class=\"qtranxs-available-language-link qtranxs-available-language-link-tr\" title=\"Turkish\">Turkish<\/a>. For the sake of viewer convenience, the content is shown below in the alternative language. You may click the link to switch the active language.<\/p><p><\/p>\n<p style=\"color: #0a0a0a;\"><strong>T\u00fcrkiye\u2019nin y\u00fckte a\u011f\u0131r, pahada hafif ihracat\u0131n\u0131 tersine \u00e7evirmek i\u00e7in devlet deste\u011fiyle kurulan teknokentler meyvesini vermeye ba\u015flad\u0131. \u0130ki m\u00fchendisin i\u015flerini b\u0131rakarak \u0130T\u00dc Teknokent\u2019inde kurduklar\u0131 Nuvia, T\u00dcB\u0130TAK Projesi ile kombilere uzaktan eri\u015fim sa\u011flayan sistemi geli\u015ftirince yabanc\u0131 yat\u0131r\u0131mc\u0131lar\u0131n g\u00f6zdesi oldu.<\/strong><span id=\"more-75194\"><\/span><\/p>\n<p style=\"color: #0a0a0a;\">Garajda kurulan ve a\u00e7\u0131klad\u0131klar\u0131 k\u00e2rlar baz\u0131 \u00fclkelerin milli gelirinden bile fazla olan Google, Apple, Micros<a href=\"https:\/\/www.enerjigazetesi.ist\/wp-content\/uploads\/2016\/01\/nuvianin-kombilere-uzaktan-erisim-saglayan-sistemi-yabancilarin-gozdesi.jpg\"><img loading=\"lazy\" class=\"alignright size-medium wp-image-48695\" src=\"https:\/\/www.enerjigazetesi.ist\/wp-content\/uploads\/2016\/01\/nuvianin-kombilere-uzaktan-erisim-saglayan-sistemi-yabancilarin-gozdesi-300x165.jpg\" alt=\"nuvianin-kombilere-uzaktan-erisim-saglayan-sistemi-yabancilarin-gozdesi\" width=\"300\" height=\"165\" srcset=\"https:\/\/www.enerjigazetesi.ist\/wp-content\/uploads\/2016\/01\/nuvianin-kombilere-uzaktan-erisim-saglayan-sistemi-yabancilarin-gozdesi-300x165.jpg 300w, https:\/\/www.enerjigazetesi.ist\/wp-content\/uploads\/2016\/01\/nuvianin-kombilere-uzaktan-erisim-saglayan-sistemi-yabancilarin-gozdesi-500x276.jpg 500w, https:\/\/www.enerjigazetesi.ist\/wp-content\/uploads\/2016\/01\/nuvianin-kombilere-uzaktan-erisim-saglayan-sistemi-yabancilarin-gozdesi-80x44.jpg 80w, https:\/\/www.enerjigazetesi.ist\/wp-content\/uploads\/2016\/01\/nuvianin-kombilere-uzaktan-erisim-saglayan-sistemi-yabancilarin-gozdesi.jpg 696w\" sizes=\"(max-width: 300px) 100vw, 300px\" \/><\/a>oft gibi d\u00fcnya devlerinin kurulu\u015f \u00f6yk\u00fclerine benzer \u00f6rnekler T\u00fcrkiye\u2019den de \u00e7\u0131kmaya ba\u015flad\u0131. Devlet deste\u011fi ile kurulan teknokentlerde b\u00fcy\u00fcyen T\u00fcrk teknoloji \u015firketlerinin \u00f6n\u00fcm\u00fczdeki 10 y\u0131lda d\u00fcnya devleri aras\u0131nda yer almas\u0131 ve T\u00fcrkiye\u2019nin, \u00f6zledi\u011fi teknoloji ihracat\u0131ndan b\u00fcy\u00fck gelir sa\u011flamas\u0131 bekleniyor. T\u00fcrkiye\u2019deki en \u00f6nemli teknokentlerden birisi olan \u0130stanbul Teknik \u00dcniversitesi (\u0130T\u00dc) Enerji Teknokenti\u2019nde yer alan Nuvia\u2019n\u0131n gen\u00e7 patronlar\u0131n\u0131n temelini att\u0131klar\u0131 ve \u015fu an b\u00fcy\u00fck yol kateden \u015firketleri, kurulu\u015funun \u00fczerinden daha iki y\u0131l bile ge\u00e7meden yabanc\u0131 yat\u0131r\u0131m fonlar\u0131n\u0131n radar\u0131na girdi.<br \/>\nNuvia\u2019n\u0131n \u0130T\u00dc ARI 6 Enerji Teknokenti\u2019ndeki merkezinde g\u00f6r\u00fc\u015ft\u00fc\u011f\u00fcm\u00fcz \u015firket kurucular\u0131 Cem G\u00fcl ve Doktor Emre Erkin gen\u00e7lere \u00f6rnek olacak ve onlar\u0131 te\u015fvik edecek ba\u015far\u0131 \u00f6yk\u00fcs\u00fcn\u00fc anlatt\u0131lar. Dostluklar\u0131n\u0131n \u00dcsk\u00fcdar Fen Lisesi\u2019nde s\u0131ra arkada\u015fl\u0131\u011f\u0131yla ba\u015flad\u0131\u011f\u0131n\u0131 s\u00f6yleyen Cem G\u00fcl, \u201cProje \u00f6devlerimizi bile birlikte haz\u0131rlard\u0131k. Emre ile yollar\u0131m\u0131z \u00fcniversitede ayr\u0131ld\u0131. Ben Ko\u00e7 \u00dcniversitesi\u2019ni, o da \u0130stanbul Teknik \u00dcniversitesi\u2019ni bitirdi. Daha sonra Almanya\u2019da Mercedes\u2019in Ar-Ge biriminde ve Max Planck Institute\u2019de \u00e7al\u0131\u015ft\u0131m. Sonra T\u00fcrkiye\u2019ye d\u00f6nd\u00fcm. Microsoft ve Vodafone\u2019da \u00e7al\u0131\u015ft\u0131m. Emre de \u0130stanbul Teknik \u00dcniversitesi Enerji Enstit\u00fcs\u00fc\u2019nde enerji y\u00f6netimi \u00fczerine akademisyenlik yap\u0131yordu\u201d dedi.<br \/>\n<strong>Teknokent\u2019e girdi, istifay\u0131 verdi<\/strong><br \/>\nBiri enerji tasarrufu konusunda akademisyen olan, di\u011feri ise makinelerin ileti\u015fimi konusunda uzman olan arkada\u015flar\u0131n ikisi de \u00a0do\u011falgaz faturas\u0131ndan muzdarip olunca Nuvia\u2019n\u0131n da temelleri at\u0131l\u0131r. Yakla\u015f\u0131k 1 y\u0131ll\u0131k bir \u00e7al\u0131\u015fman\u0131n ard\u0131ndan geli\u015ftirdikleri ak\u0131ll\u0131 kombi kiti T\u00fcrkiye\u2019nin ilk enerji temal\u0131 teknokentine ba\u015fvurup kabul edilirler ve T\u00fcbitak\u2019tan destek almay\u0131 ba\u015far\u0131rlar. Bu s\u00fcreci ise Dr. Emre Erkin anlat\u0131yor: \u201cT\u00fcrkiye\u2019de ilk defa kombiye tak\u0131lan bir mod\u00fcl sayesinde evde olmad\u0131\u011f\u0131n\u0131z zamanlarda bile telefonla evinizin s\u0131cakl\u0131\u011f\u0131n\u0131 ayarlayabilmeyi sa\u011flayan ak\u0131ll\u0131 bir oda termostat\u0131 geli\u015ftirmeyi ba\u015fard\u0131k. Ad\u0131n\u0131 da Cosa Ak\u0131ll\u0131 Kombi Kiti koyduk. Deste\u011fi al\u0131p Teknokent\u2019e kabul edilince Cem hemen istifa etti. Ak\u0131ll\u0131 algoritmalar\u0131 sayesinde evin \u0131s\u0131nma ve so\u011fuma s\u00fcrelerini \u00f6\u011frenen Cosa, do\u011falgaz t\u00fcketiminizde y\u00fczde 10 ila 40 aras\u0131 tasarruf etmeyi sa\u011fl\u0131yor. Evde, uykuda ya da d\u0131\u015far\u0131da olma durumlar\u0131na g\u00f6re evin s\u0131cakl\u0131\u011f\u0131 ayarlanabiliyor ve uzaktan kontrol edilebiliyor.\u201d<br \/>\n\u00dclker Pazarlama Ba\u015fkan\u0131 Lale Saral Develio\u011flu ve uluslararas\u0131 yat\u0131r\u0131m firmas\u0131 Revo da Nuvia\u2019n\u0131n bu ba\u015far\u0131ya inanarak yat\u0131r\u0131mc\u0131 olurlar. \u015eirket k\u0131sa zamanda tamamen yerli m\u00fchendisler taraf\u0131ndan geli\u015ftirilen Cosa markas\u0131 ile \u00dcmraniye\u2019de \u00fcretim yapmaya ba\u015flar. T\u00fcrkiye\u2019deki yakla\u015f\u0131k 20 milyon hanenin yar\u0131s\u0131 kombi ile \u0131s\u0131nmakta oldu\u011fu d\u00fc\u015f\u00fcn\u00fcld\u00fc\u011f\u00fcnde 5 y\u0131l i\u00e7inde y\u00fczbinlerce eve ula\u015f\u0131laca\u011f\u0131n\u0131 vurgulayan ortaklar, \u201cBiz bu ba\u015far\u0131 \u00f6yk\u00fcs\u00fcn\u00fc yar\u0131m b\u0131rakmak istemiyoruz. \u00d6n\u00fcm\u00fczdeki y\u0131lyurt d\u0131\u015f\u0131na a\u00e7\u0131lmay\u0131 planl\u0131yoruz\u201d diyor.<\/p>\n<p style=\"color: #0a0a0a;\"><strong>T\u00dcRK\u0130YE\u2019N\u0130N D\u00dcNYADAK\u0130 TEMS\u0130LC\u0130LER\u0130\u00a0<\/strong><br \/>\nBa\u015far\u0131l\u0131 giri\u015fimcilerin desteklenmesi i\u00e7in Endeavor b\u00fcnyesine kat\u0131lmalar\u0131n\u0131 sa\u011flayacak se\u00e7melere T\u00fcrkiye\u2019yi temsilen kat\u0131lacak iki firmadan biri, Cem G\u00fcl ve Emre Erkin taraf\u0131ndan kurulan Nuvia oldu. 2016\u2019da Dubai\u2019de d\u00fczenlenecek olan Endeavor Uluslararas\u0131 Se\u00e7im Paneli\u2019nde T\u00fcrkiye\u2019yi temsil edecek Nuvia, b\u00fcy\u00fcmesini sa\u011flayacak i\u015f d\u00fcnyas\u0131 liderlerine ve finansmana eri\u015fme \u015fans\u0131 yakalayacak.<\/p>\n<p style=\"color: #0a0a0a;\"><strong>Y\u0131lda 4.5 milyar lira tasarruf sa\u011flar\u0131z<\/strong><br \/>\nEmre Erkin, Nuvia b\u00fcnyesinde T\u00fcrk m\u00fchendisleri taraf\u0131ndan geli\u015ftirilen ve T\u00fcrkiye\u2019de \u00fcretilen ak\u0131ll\u0131 termostat\u0131n ilk etapta T\u00fcrkiye\u2019nin do\u011falgaz faturas\u0131n\u0131 y\u0131lda 3 milyar dolar a\u015fa\u011f\u0131 \u00e7ekece\u011fini s\u00f6yledi. T\u00fcrkiye\u2019de 20 milyon hanenin do\u011falgaz kulland\u0131\u011f\u0131n\u0131 belirten Emre Erkin, \u201cBu 20 milyon hanenin yar\u0131s\u0131 Cosa kullansa bu tasarrufu sa\u011flar\u0131z. Hane ba\u015f\u0131na y\u0131lda ortalama 1500 TL do\u011falgaz faturas\u0131 \u00f6deniyor. Testlerde y\u00fczde 40\u2019a kadar ula\u015fmam\u0131za ra\u011fmen y\u00fczde 30 ortalama tasarrufu baz al\u0131rsak her hanenin ortalama tasarrufu 450 lira olur. 10 milyon hanenin toplam tasarrufu ise 4.5 milyar liraya ula\u015f\u0131r. Bu paray\u0131 Hazine kasas\u0131ndan ithalata harcamam\u0131\u015f oluruz. Devletin bu konuyu stratejik eylem plan\u0131 i\u00e7ine almas\u0131 herkese kazand\u0131r\u0131r\u201d dedi.<\/p>\n<p style=\"color: #0a0a0a;\"><strong>S\u0131rada ak\u0131ll\u0131\u00a0klimalar var<\/strong><br \/>\nBu cihaza y\u00fcklenecek yeni yaz\u0131l\u0131mlarla yeni \u00f6zellikler eklemek i\u00e7in Ar-Ge birimlerinin \u00e7al\u0131\u015fmas\u0131n\u0131 s\u00fcrd\u00fcrd\u00fc\u011f\u00fcn\u00fc ifade eden Cem G\u00fcl ve Emre Erkin, \u201c\u00d6ncelikle bu yaz klimalar\u0131 da Cosa\u2019ya entegre etmek i\u00e7in \u00e7al\u0131\u015f\u0131yoruz. Daha sonraki hedefimiz ise evdeki b\u00fct\u00fcn cihazlar\u0131 bu kite entegre ederek t\u00fcm cihazlar\u0131n d\u0131\u015far\u0131dan cep telefonu uygulamas\u0131yla kontrol alt\u0131na al\u0131nmas\u0131n\u0131 sa\u011flamak. Her geli\u015ftirdi\u011fimiz yaz\u0131l\u0131mda vatanda\u015f yeni cihaz almayacak. Sadece cep telefonu uygulamas\u0131na yeni g\u00fcncelleme gelecek\u201d diye konu\u015ftu.<\/p>\n<p style=\"color: #0a0a0a;\">Kaynak: <a href=\"http:\/\/m.turkiyegazetesi.com.tr\/ekonomi\/335002.aspx\" target=\"_blank\" rel=\"nofollow\">T\u00fcrkiye Gazetesi<\/a><\/p>\n<p><\/p>","protected":false},"excerpt":{"rendered":"<p>Sorry, this entry is only available in Turkish. For the sake of viewer convenience, the content is shown below in the alternative language. You may click the link to switch the active language. T\u00fcrkiye\u2019nin y\u00fckte a\u011f\u0131r, pahada hafif ihracat\u0131n\u0131 tersine \u00e7evirmek i\u00e7in devlet deste\u011fiyle kurulan teknokentler meyvesini vermeye ba\u015flad\u0131. \u0130ki m\u00fchendisin i\u015flerini b\u0131rakarak \u0130T\u00dc Teknokent\u2019inde [&hellip;]<\/p>\n","protected":false},"author":1,"featured_media":48695,"comment_status":"open","ping_status":"open","sticky":false,"template":"","format":"standard","meta":[],"categories":[46,53],"tags":[27790,92,226,63,67,1009,165,27789,27786,1440,27787,27785,27788],"views":897,"_links":{"self":[{"href":"https:\/\/www.enerjigazetesi.ist\/en\/wp-json\/wp\/v2\/posts\/48694"}],"collection":[{"href":"https:\/\/www.enerjigazetesi.ist\/en\/wp-json\/wp\/v2\/posts"}],"about":[{"href":"https:\/\/www.enerjigazetesi.ist\/en\/wp-json\/wp\/v2\/types\/post"}],"author":[{"embeddable":true,"href":"https:\/\/www.enerjigazetesi.ist\/en\/wp-json\/wp\/v2\/users\/1"}],"replies":[{"embeddable":true,"href":"https:\/\/www.enerjigazetesi.ist\/en\/wp-json\/wp\/v2\/comments?post=48694"}],"version-history":[{"count":2,"href":"https:\/\/www.enerjigazetesi.ist\/en\/wp-json\/wp\/v2\/posts\/48694\/revisions"}],"predecessor-version":[{"id":48697,"href":"https:\/\/www.enerjigazetesi.ist\/en\/wp-json\/wp\/v2\/posts\/48694\/revisions\/48697"}],"wp:featuredmedia":[{"embeddable":true,"href":"https:\/\/www.enerjigazetesi.ist\/en\/wp-json\/wp\/v2\/media\/48695"}],"wp:attachment":[{"href":"https:\/\/www.enerjigazetesi.ist\/en\/wp-json\/wp\/v2\/media?parent=48694"}],"wp:term":[{"taxonomy":"category","embeddable":true,"href":"https:\/\/www.enerjigazetesi.ist\/en\/wp-json\/wp\/v2\/categories?post=48694"},{"taxonomy":"post_tag","embeddable":true,"href":"https:\/\/www.enerjigazetesi.ist\/en\/wp-json\/wp\/v2\/tags?post=48694"}],"curies":[{"name":"wp","href":"https:\/\/api.w.org\/{rel}","templated":true}]}}