{"id":48687,"date":"2016-01-03T17:14:13","date_gmt":"2016-01-03T14:14:13","guid":{"rendered":"https:\/\/www.enerjigazetesi.ist\/?p=48687"},"modified":"2016-01-03T17:15:34","modified_gmt":"2016-01-03T14:15:34","slug":"bankalar-yenilenebilir-enerji-yatirimlarina-pozitif-yaklasim-icerisinde","status":"publish","type":"post","link":"https:\/\/www.enerjigazetesi.ist\/en\/bankalar-yenilenebilir-enerji-yatirimlarina-pozitif-yaklasim-icerisinde\/","title":{"rendered":"(Turkish) \u201cBankalar Yenilenebilir Enerji Yat\u0131r\u0131mlar\u0131na Pozitif Yakla\u015f\u0131m \u0130\u00e7erisinde&#8230;\u201d"},"content":{"rendered":"<p class=\"qtranxs-available-languages-message qtranxs-available-languages-message-en\">Sorry, this entry is only available in <a href=\"https:\/\/www.enerjigazetesi.ist\/tr\/wp-json\/wp\/v2\/posts\/48687\" class=\"qtranxs-available-language-link qtranxs-available-language-link-tr\" title=\"Turkish\">Turkish<\/a>. For the sake of viewer convenience, the content is shown below in the alternative language. You may click the link to switch the active language.<\/p><p><\/p>\n<p style=\"color: #666666;\"><span style=\"font-weight: bold; color: #222222;\">\u0130\u015f Bankas\u0131 Yetkilileri: \u201cYenilenebilir enerji yat\u0131r\u0131mlar\u0131n\u0131n \u00e7evreye g\u00f6rece daha az etki ederek \u00fclke ekonomisine olumlu katk\u0131 sa\u011fl\u0131yor olmas\u0131, buna ilaveten T\u00fcrk bankalar\u0131n\u0131n son d\u00f6nemde bu yat\u0131r\u0131mlara \u00f6zg\u00fc olarak avantajl\u0131 d\u0131\u015f finansman imkanlar\u0131na eri\u015fim sa\u011flamas\u0131, bu yat\u0131r\u0131mlara bankalar\u0131n pozitif yakla\u015f\u0131m sa\u011flamas\u0131 a\u00e7\u0131s\u0131ndan \u00f6nem arz etmektedir.\u201d<\/span><\/p>\n<p style=\"color: #666666;\">\u0130\u015f Bankas\u0131 Yetkilileri,\u00a0<span style=\"font-weight: bold; color: #222222;\">yenilenebilir enerji<\/span>\u00a0sekt\u00f6r\u00fcne yap\u0131lan yat\u0131r\u0131mlar\u0131n son 10 y\u0131l i\u00e7inde T\u00fcrkiye\u2019nin artan\u00a0<span style=\"font-weight: bold; color: #222222;\">enerji ihtiyac\u0131<\/span>, termik santr<a href=\"https:\/\/www.enerjigazetesi.ist\/wp-content\/uploads\/2015\/09\/yenilenebilir-enerji-yyy-328723-696x385.jpg\"><img loading=\"lazy\" class=\"alignleft size-medium wp-image-44507\" src=\"https:\/\/www.enerjigazetesi.ist\/wp-content\/uploads\/2015\/09\/yenilenebilir-enerji-yyy-328723-696x385-300x165.jpg\" alt=\"yenilenebilir-enerji-yyy-328723-696x385\" width=\"300\" height=\"165\" srcset=\"https:\/\/www.enerjigazetesi.ist\/wp-content\/uploads\/2015\/09\/yenilenebilir-enerji-yyy-328723-696x385-300x165.jpg 300w, https:\/\/www.enerjigazetesi.ist\/wp-content\/uploads\/2015\/09\/yenilenebilir-enerji-yyy-328723-696x385-500x276.jpg 500w, https:\/\/www.enerjigazetesi.ist\/wp-content\/uploads\/2015\/09\/yenilenebilir-enerji-yyy-328723-696x385-80x44.jpg 80w, https:\/\/www.enerjigazetesi.ist\/wp-content\/uploads\/2015\/09\/yenilenebilir-enerji-yyy-328723-696x385.jpg 696w\" sizes=\"(max-width: 300px) 100vw, 300px\" \/><\/a>allerin fosil yak\u0131t kullan\u0131m\u0131ndan kaynaklanan \u00e7evresel ve sosyal sorunlar ve hammadde tedarik\u00e7isi \u00fclkelere ba\u011f\u0131ml\u0131l\u0131k gibi dezavantajlar nedeniyle, devlet taraf\u0131ndan sa\u011flanan \u00e7e\u015fitli te\u015fviklerin de etkisiyle \u00f6nemli bir ivme kazand\u0131\u011f\u0131n\u0131 belirtti. Yetkililer, bu kapsamda ilk a\u015famada yap\u0131lan yat\u0131r\u0131mlar\u0131n a\u011f\u0131rl\u0131kla hidroelektrik kaynaklara y\u00f6nelik oldu\u011funu ifade etti. Buna kar\u015f\u0131n, hidroelektrik enerjisi potansiyelinin \u00f6nemli bir b\u00f6l\u00fcm\u00fcn\u00fcn de\u011ferlendirilmi\u015f olmas\u0131 paralelinde yat\u0131r\u0131mc\u0131lar\u0131n da kademeli olarak\u00a0<span style=\"font-weight: bold; color: #222222;\">r\u00fczgar, jeotermal, biyok\u00fctle ve g\u00fcne\u015f enerjisi<\/span>\u00a0alanlar\u0131na y\u00f6nelmeye ba\u015flad\u0131klar\u0131n\u0131 kaydeden yetkililer, bu s\u00fcre\u00e7te ana faaliyet konusu\u00a0<span style=\"font-weight: bold; color: #222222;\">enerji<\/span>\u00a0olmayan bir\u00e7ok yat\u0131r\u0131mc\u0131n\u0131n da sekt\u00f6re yo\u011fun ilgi g\u00f6stermeye ba\u015flad\u0131\u011f\u0131 g\u00f6r\u00fcld\u00fc\u011f\u00fcn\u00fc aktard\u0131. Yetkililer bu e\u011filimin \u00f6n\u00fcm\u00fczdeki d\u00f6nemde\u00a0<span style=\"font-weight: bold; color: #222222;\">iklim de\u011fi\u015fikli\u011fi\u00a0<\/span>ve d\u0131\u015fa ba\u011f\u0131ml\u0131l\u0131k kayg\u0131lar\u0131n\u0131n ve kamu te\u015fviklerinin etkisiyle s\u00fcrmesi beklendi\u011finin alt\u0131n\u0131 \u00e7izdi.<br \/>\n<span style=\"font-weight: bold; color: #222222;\">Yenilenebilir enerji yat\u0131r\u0131mlar\u0131n\u0131n<\/span>\u00a0halen a\u011f\u0131rl\u0131kla T\u00fcrk bankalar\u0131 taraf\u0131ndan uzun vadeli d\u00f6viz kredileriyle finanse edildi\u011fine dikkat \u00e7eken yetkililer \u015fu a\u00e7\u0131klamay\u0131 yapt\u0131: \u201cT\u00fcrk bankalar\u0131 mevduat tabanlar\u0131n\u0131n vade yap\u0131s\u0131ndan kaynaklanan s\u0131n\u0131rlamalar nedeniyle, EBRD, D\u00fcnya Bankas\u0131 gibi kurulu\u015flar\u0131n ve ekipman tedarik\u00e7isi \u00fclkelerin ihracat sigorta kurulu\u015flar\u0131n\u0131n sa\u011flad\u0131\u011f\u0131 g\u00f6rece uzun vadeli ve uygun maliyetli fonlarla bu finansmanlar\u0131 bug\u00fcne kadar ger\u00e7ekle\u015ftirmi\u015ftir. T\u00fcrk bankalar\u0131n\u0131n alternatif fonlama kaynaklar\u0131na eri\u015fim imkanlar\u0131n\u0131n artmas\u0131 ve stratejik tercihleri de paralelinde\u00a0<span style=\"font-weight: bold; color: #222222;\">yenilenebilir enerji<\/span>\u00a0alan\u0131na olan ilgi her zaman canl\u0131 kalm\u0131\u015f olup bankalar bu imkanlar dahilinde di\u011fer finansmanlara k\u0131yasla daha uygun maliyetli kaynaklar\u0131 m\u00fc\u015fterilerine sunma gayretinde olmu\u015ftur.<br \/>\nSekt\u00f6r\u00fcn lider finans\u00f6rlerinden olan Bankam\u0131z ba\u015fta olmak \u00fczere proje finansman\u0131 alan\u0131nda aktif olarak faaliyet g\u00f6steren T\u00fcrk bankalar\u0131n\u0131n yenilenebilir enerji projelerini destekleyici bir tutum i\u00e7erisinde oldu\u011fu rahatl\u0131kla ifade edilebilir. Bahse konu yat\u0131r\u0131mlar\u0131n \u00e7evreye g\u00f6rece daha az etki ederek \u00fclke ekonomisine olumlu katk\u0131 sa\u011fl\u0131yor olmas\u0131, buna ilaveten T\u00fcrk bankalar\u0131n\u0131n son d\u00f6nemde bu yat\u0131r\u0131mlara \u00f6zg\u00fc olarak avantajl\u0131 d\u0131\u015f finansman imkanlar\u0131na eri\u015fim sa\u011flamas\u0131, bu yat\u0131r\u0131mlara bankalar\u0131n pozitif yakla\u015f\u0131m sa\u011flamas\u0131 a\u00e7\u0131s\u0131ndan \u00f6nem arz etmektedir.<br \/>\nBankam\u0131z\u0131n proje finansman portf\u00f6y\u00fc yakla\u015f\u0131k 14,5 milyar USD\u2019lik bir b\u00fcy\u00fckl\u00fc\u011fe ula\u015fm\u0131\u015f olup, bunun yakla\u015f\u0131k \u00bd\u2019sini enerji portf\u00f6y\u00fc olu\u015fturmaktad\u0131r. Toplam 14 bin MW\u2019l\u0131k enerji portf\u00f6y\u00fcn\u00fcn yakla\u015f\u0131k y\u00fczde 30\u2019u YEKDEM kapsam\u0131ndaki al\u0131m garantilerinden faydalanma imkan\u0131 bulunan yenilenebilir enerji projelerinden olu\u015fmaktad\u0131r. Bankam\u0131z\u0131n profesyonel olarak sekt\u00f6rde faaliyet g\u00f6steren\u00a0<span style=\"font-weight: bold; color: #222222;\">enerji yat\u0131r\u0131mc\u0131lar\u0131n\u0131n<\/span>, y\u00fcksek teknik verimlili\u011fe sahip\u00a0<span style=\"font-weight: bold; color: #222222;\">yenilenebilir enerji yat\u0131r\u0131mlar\u0131na<\/span>, bu yat\u0131r\u0131mlar\u0131n \u00e7evresel ve sosyal etkilerini de detayl\u0131 analiz etmek suretiyle ve devletin sa\u011flad\u0131\u011f\u0131 al\u0131m garantilerinin ve yerli \u00fcretim te\u015fviklerinin de i\u015f planlar\u0131na olumlu etkisini dikkate alarak \u00f6n\u00fcm\u00fczdeki d\u00f6nemde de ilgi g\u00f6stermeye devam etmesi \u00f6ng\u00f6r\u00fclmektedir.\u201d<\/p>\n<p style=\"color: #666666;\"><span style=\"font-weight: bold; color: #222222;\">\u201cProjelere y\u00f6nelik se\u00e7ici bir tutum izleniyor\u201d<\/span><\/p>\n<p style=\"color: #666666;\">Yetkililer \u0130\u015f Bankas\u0131 olarak, s\u00f6z konusu projelere y\u00f6nelik se\u00e7ici bir tutum izlediklerini, yat\u0131r\u0131mc\u0131n\u0131n kimli\u011fi,<span style=\"font-weight: bold; color: #222222;\">\u00a0enerji alan\u0131ndaki<\/span>\u00a0tecr\u00fcbesi, ekipman tedarik firmas\u0131, yat\u0131r\u0131m\u0131n teknik \u00f6zellikleri, \u00e7evresel ve sosyal etkileri, yasal izin, onay s\u00fcre\u00e7leri gibi bir\u00e7ok kriteri g\u00f6z \u00f6n\u00fcnde bulundurularak kredilendirme kararlar\u0131 verdiklerine dikkat \u00e7ekti. Yetkililer a\u00e7\u0131klamay\u0131 \u015f\u00f6yle tamamlad\u0131: \u201cKredi kulland\u0131r\u0131mlar\u0131 teknik, sigorta, \u00e7evre vs. dan\u0131\u015fmanlar\u0131n\u0131n saha ziyaretleri sonras\u0131nda yay\u0131nlad\u0131klar\u0131 d\u00f6nemsel raporlamalara istinaden yap\u0131lmakta, yat\u0131r\u0131m bitip i\u015fletme a\u015famas\u0131na ge\u00e7en\u00a0<span style=\"font-weight: bold; color: #222222;\">santrallerin<\/span>\u00a0\u00fcretim, sat\u0131\u015f performanslar\u0131 da yak\u0131ndan takip edilmektedir. EBRD, EIB, Proparco gibi uluslararas\u0131 finans kurulu\u015flar\u0131n\u0131n sa\u011flad\u0131\u011f\u0131 MIDSEFF, TURSEFF gibi kaynaklar\u0131n kullan\u0131ld\u0131\u011f\u0131 finansmanlarda yat\u0131r\u0131mc\u0131lar\u0131n yerine getirmesi gereken \u00e7evresel ve sosyal y\u00fck\u00fcml\u00fcl\u00fckler bankam\u0131zca yak\u0131ndan takip edilmekte ve uygun kaynak maliyeti avantaj\u0131ndan faydalanabilmesi i\u00e7in yat\u0131r\u0131mc\u0131lara da bankam\u0131zca \u00fcstlenilen y\u00fck\u00fcml\u00fcl\u00fcklerin tamam\u0131 yans\u0131t\u0131lmak suretiyle etkin bir izleme mekanizmas\u0131 kurulmaktad\u0131r. Bu s\u00fcre\u00e7te yat\u0131r\u0131mc\u0131lar\u0131n \u00fcstlenecekleri \u00e7evresel ve sosyal y\u00fck\u00fcml\u00fcl\u00fcklerin boyutlar\u0131 konusunda do\u011fru ve zaman\u0131nda bilgilendirilmesine azami \u00f6zen g\u00f6sterilmektedir.<br \/>\n\u00d6nceki d\u00f6nemlerde kar\u015f\u0131la\u015f\u0131lan en \u00f6nemli sorunlardan biri sekt\u00f6rde yeterli deneyime ve ar\u0131zi hallerde ihtiya\u00e7 duyulabilecek mali b\u00fcnyeye sahip olmayan baz\u0131 yat\u0131r\u0131mc\u0131lar\u0131n k\u0131sa vadeli hedefler \u00e7er\u00e7evesinde yat\u0131r\u0131m kararlar\u0131 vererek sekt\u00f6re at\u0131lmas\u0131 olmu\u015ftur. \u00d6te yandan EPDK ve di\u011fer d\u00fczenleyici kurumlar\u0131n ald\u0131\u011f\u0131 bir tak\u0131m \u00f6nlemler ve sekt\u00f6r dinamiklerinin de etkisiyle ilerleyen d\u00f6nemde bu t\u00fcr yat\u0131r\u0131mc\u0131lar\u0131n elendi\u011fi g\u00f6r\u00fclm\u00fc\u015ft\u00fcr. Yine ge\u00e7mi\u015f d\u00f6nemde kar\u015f\u0131la\u015f\u0131lan bir di\u011fer sorun da yasal izin, onay ve kamula\u015ft\u0131rma s\u00fcre\u00e7lerinin uzunlu\u011fu ve \u00e7ok say\u0131da farkl\u0131 kurumdan onay alma gereklili\u011fi nedeniyle yat\u0131r\u0131mlar\u0131n ger\u00e7ekle\u015ftirilmesinde ortaya \u00e7\u0131kabilen gecikmeler olmu\u015ftur. \u00d6te yandan s\u00fcre\u00e7 i\u00e7erisinde ger\u00e7ekle\u015ftirilen mevzuat de\u011fi\u015fiklikleriyle bu s\u00fcre\u00e7 de m\u00fcmk\u00fcn oldu\u011funca basitle\u015ftirilmi\u015ftir. Yat\u0131r\u0131mlar\u0131n geli\u015fim h\u0131z\u0131n\u0131 ve kalitesini do\u011frudan etkileyen mevzuat de\u011fi\u015fiklikleri bankam\u0131zca yak\u0131ndan takip edilmektedir. Bundan sonraki s\u00fcre\u00e7te<span style=\"font-weight: bold; color: #222222;\">\u00a0yenilenebilir enerji yat\u0131r\u0131mlar\u0131<\/span>\u00a0her ne kadar temiz enerji projeleri olarak bilinse de \u00f6zellikle yat\u0131r\u0131m d\u00f6neminde meydana gelen \u00e7evresel ve sosyal etkilerin do\u011fru y\u00f6netimi \u00f6nemli olmaya devam edecektir.<br \/>\nBug\u00fcne kadar proje portf\u00f6y\u00fcm\u00fcz \u00fclkenin ekonomik geli\u015fim yap\u0131s\u0131 ve\u00a0<span style=\"font-weight: bold; color: #222222;\">enerji sekt\u00f6r\u00fcn\u00fcn<\/span>\u00a0olgunla\u015fmas\u0131 paralelinde HES projelerinin a\u011f\u0131rl\u0131\u011f\u0131nda \u015fekillenmi\u015f olmakla birlikte son d\u00f6nemde \u00f6zellikle\u00a0<span style=\"font-weight: bold; color: #222222;\">jeotermal ve r\u00fczgar projeleri de<\/span>\u00a0portf\u00f6y i\u00e7erisinde h\u0131zl\u0131 bir ivme kazanm\u0131\u015ft\u0131r.\u00a0<span style=\"font-weight: bold; color: #222222;\">Jeotermal alanda<\/span>\u00a0G\u00fcri\u015f ve Zorlu Gruplar\u0131 gibi \u00fclkemizin \u00f6nde gelen\u00a0<span style=\"font-weight: bold; color: #222222;\">enerji firmalar\u0131n\u0131n<\/span>\u00a0projelerinin finansman\u0131nda yer alan Bankam\u0131z T\u00fcrk bankalar\u0131 i\u00e7inde bu alanda en b\u00fcy\u00fck finansman portf\u00f6y\u00fcne sahip bankad\u0131r. Say\u0131ca az olmakla birlikte hayvansal ve tar\u0131msal at\u0131klara dayal\u0131\u00a0<span style=\"font-weight: bold; color: #222222;\">enerji \u00fcretimi yapan biyok\u00fctle yat\u0131r\u0131mlar\u0131na sa\u011flad\u0131\u011f\u0131m\u0131z finansmanlara<\/span>, portf\u00f6y\u00fcm\u00fczde \u00f6zel bir \u00f6nem atfedilmektedir.\u00a0<span style=\"font-weight: bold; color: #222222;\">G\u00fcne\u015f enerjisi yat\u0131r\u0131mlar\u0131nda<\/span>\u00a0ise lisanss\u0131z yat\u0131r\u0131mlar\u0131n yan\u0131 s\u0131ra lisansl\u0131 projelere sa\u011flanan finansmanlar\u0131n \u00f6n\u00fcm\u00fczdeki d\u00f6nemde art\u0131\u015f g\u00f6stermesi beklenmektedir.<br \/>\nArtan\u00a0<span style=\"font-weight: bold; color: #222222;\">enerji ihtiyac\u0131<\/span>\u00a0ve \u00fclkemizin potansiyeli a\u00e7\u0131s\u0131ndan de\u011ferlendirildi\u011finde halen d\u00fc\u015f\u00fck seviyelerde seyreden\u00a0<span style=\"font-weight: bold; color: #222222;\">yenilenebilir enerjinin<\/span>\u00fcretimdeki pay\u0131n\u0131n izleyen d\u00f6nemlerde kademeli olarak art\u0131\u015f g\u00f6stermesi beklenmektedir. Bu kapsamda \u0130\u015f Bankas\u0131 olarak hem kendi kaynaklar\u0131m\u0131z\u0131n hem de uluslararas\u0131 kurulu\u015flardan sa\u011flad\u0131\u011f\u0131m\u0131z kaynaklar\u0131n do\u011fru yat\u0131r\u0131mlara y\u00f6nlendirilmesi stratejisi \u00e7er\u00e7evesinde\u00a0<span style=\"font-weight: bold; color: #222222;\">yenilenebilir enerji<\/span>\u00a0projelerine finansman \u00f6nceli\u011fi sa\u011flanmas\u0131 konusundaki yakla\u015f\u0131m\u0131m\u0131z\u0131 devam ettirece\u011fimizi ve bu \u00e7er\u00e7evede gerek faal gerekse de yeni yat\u0131r\u0131mlar \u00f6zelinde se\u00e7ici bir yakla\u015f\u0131mla projelere olan deste\u011fimizi muhafaza edece\u011fimizi memnuniyetle dile getirebiliriz.\u201d<\/p>\n<p style=\"color: #666666;\">Kaynak: B\u00fcltenler<\/p>\n<p><\/p>","protected":false},"excerpt":{"rendered":"<p>Sorry, this entry is only available in Turkish. For the sake of viewer convenience, the content is shown below in the alternative language. You may click the link to switch the active language. \u0130\u015f Bankas\u0131 Yetkilileri: \u201cYenilenebilir enerji yat\u0131r\u0131mlar\u0131n\u0131n \u00e7evreye g\u00f6rece daha az etki ederek \u00fclke ekonomisine olumlu katk\u0131 sa\u011fl\u0131yor olmas\u0131, buna ilaveten T\u00fcrk bankalar\u0131n\u0131n [&hellip;]<\/p>\n","protected":false},"author":1,"featured_media":44507,"comment_status":"open","ping_status":"open","sticky":false,"template":"","format":"standard","meta":[],"categories":[53,49,50],"tags":[63,67,1009,2698,165,227,13,23133,4269,69,16,23318,4784,105],"views":1114,"_links":{"self":[{"href":"https:\/\/www.enerjigazetesi.ist\/en\/wp-json\/wp\/v2\/posts\/48687"}],"collection":[{"href":"https:\/\/www.enerjigazetesi.ist\/en\/wp-json\/wp\/v2\/posts"}],"about":[{"href":"https:\/\/www.enerjigazetesi.ist\/en\/wp-json\/wp\/v2\/types\/post"}],"author":[{"embeddable":true,"href":"https:\/\/www.enerjigazetesi.ist\/en\/wp-json\/wp\/v2\/users\/1"}],"replies":[{"embeddable":true,"href":"https:\/\/www.enerjigazetesi.ist\/en\/wp-json\/wp\/v2\/comments?post=48687"}],"version-history":[{"count":3,"href":"https:\/\/www.enerjigazetesi.ist\/en\/wp-json\/wp\/v2\/posts\/48687\/revisions"}],"predecessor-version":[{"id":48690,"href":"https:\/\/www.enerjigazetesi.ist\/en\/wp-json\/wp\/v2\/posts\/48687\/revisions\/48690"}],"wp:featuredmedia":[{"embeddable":true,"href":"https:\/\/www.enerjigazetesi.ist\/en\/wp-json\/wp\/v2\/media\/44507"}],"wp:attachment":[{"href":"https:\/\/www.enerjigazetesi.ist\/en\/wp-json\/wp\/v2\/media?parent=48687"}],"wp:term":[{"taxonomy":"category","embeddable":true,"href":"https:\/\/www.enerjigazetesi.ist\/en\/wp-json\/wp\/v2\/categories?post=48687"},{"taxonomy":"post_tag","embeddable":true,"href":"https:\/\/www.enerjigazetesi.ist\/en\/wp-json\/wp\/v2\/tags?post=48687"}],"curies":[{"name":"wp","href":"https:\/\/api.w.org\/{rel}","templated":true}]}}