{"id":48664,"date":"2016-01-03T14:05:38","date_gmt":"2016-01-03T11:05:38","guid":{"rendered":"https:\/\/www.enerjigazetesi.ist\/?p=48664"},"modified":"2016-01-03T14:05:38","modified_gmt":"2016-01-03T11:05:38","slug":"2015te-avrupada-80-binin-uzerinde-elektrikli-arac-satildi","status":"publish","type":"post","link":"https:\/\/www.enerjigazetesi.ist\/en\/2015te-avrupada-80-binin-uzerinde-elektrikli-arac-satildi\/","title":{"rendered":"(Turkish) 2015\u2019te Avrupa\u2019da 80 Binin \u00dczerinde Elektrikli Ara\u00e7 Sat\u0131ld\u0131&#8230;"},"content":{"rendered":"<p class=\"qtranxs-available-languages-message qtranxs-available-languages-message-en\">Sorry, this entry is only available in <a href=\"https:\/\/www.enerjigazetesi.ist\/tr\/wp-json\/wp\/v2\/posts\/48664\" class=\"qtranxs-available-language-link qtranxs-available-language-link-tr\" title=\"Turkish\">Turkish<\/a>. For the sake of viewer convenience, the content is shown below in the alternative language. You may click the link to switch the active language.<\/p><p><\/p>\n<p style=\"color: #444444;\"><strong>2015\u2019in ilk 11 ay\u0131nda Avrupa otomobil pazar\u0131nda 76,301 adet elektrikli ara\u00e7 sat\u0131ld\u0131\u011f\u0131 a\u00e7\u0131kland\u0131.<\/strong><\/p>\n<p style=\"color: #444444;\">Frans\u0131z elektrikli ara\u00e7 <a href=\"https:\/\/www.enerjigazetesi.ist\/wp-content\/uploads\/2016\/01\/2015te-avrupada-80-binin-uzerinde-elektrikli-arac-satildi.jpg\"><img loading=\"lazy\" class=\"alignleft size-medium wp-image-48665\" src=\"https:\/\/www.enerjigazetesi.ist\/wp-content\/uploads\/2016\/01\/2015te-avrupada-80-binin-uzerinde-elektrikli-arac-satildi-300x163.jpg\" alt=\"2015te-avrupada-80-binin-uzerinde-elektrikli-arac-satildi\" width=\"300\" height=\"163\" srcset=\"https:\/\/www.enerjigazetesi.ist\/wp-content\/uploads\/2016\/01\/2015te-avrupada-80-binin-uzerinde-elektrikli-arac-satildi-300x163.jpg 300w, https:\/\/www.enerjigazetesi.ist\/wp-content\/uploads\/2016\/01\/2015te-avrupada-80-binin-uzerinde-elektrikli-arac-satildi-80x43.jpg 80w, https:\/\/www.enerjigazetesi.ist\/wp-content\/uploads\/2016\/01\/2015te-avrupada-80-binin-uzerinde-elektrikli-arac-satildi.jpg 460w\" sizes=\"(max-width: 300px) 100vw, 300px\" \/><\/a>birli\u011fi Avere taraf\u0131ndan a\u00e7\u0131klanan verilere g\u00f6re, bu d\u00f6nemki sat\u0131\u015f rakam\u0131 ge\u00e7en y\u0131l\u0131n ayn\u0131 d\u00f6nemine g\u00f6re y\u00fczde 48,5 oran\u0131nda y\u00fckselmi\u015f durumda.<\/p>\n<p style=\"color: #444444;\">Norve\u00e7, Fransa, Birle\u015fik Krall\u0131k ve Almanya ise en fazla sat\u0131\u015f\u0131n ger\u00e7ekle\u015ftirdi\u011fi \u00fclkeler oldu.<\/p>\n<p style=\"color: #444444;\">Verilere g\u00f6re bu d\u00f6nemki elektrikli ara\u00e7 sat\u0131\u015flar\u0131n\u0131n y\u00fczde 75\u2019i bu d\u00f6rt \u00fclkede ger\u00e7ekle\u015fti.<\/p>\n<p style=\"color: #444444;\">T\u00fcrkiye Otomotiv Distrib\u00fct\u00f6rleri Derne\u011fi verilerine g\u00f6re ise ayn\u0131 d\u00f6nemde T\u00fcrkiye&#8217;de 102 elektrikli ara\u00e7 sat\u0131\u015f\u0131 ger\u00e7ekle\u015fti.<\/p>\n<p style=\"color: #444444;\">Kaynak: <a href=\"http:\/\/yesilekonomi.com\/elektrikli-araclar\/2015te-avrupada-80-binin-uzerinde-elektrikli-arac-satildi\" target=\"_blank\" rel=\"nofollow\">Ye\u015fil Ekonomi<\/a><\/p>\n<p><\/p>","protected":false},"excerpt":{"rendered":"<p>Sorry, this entry is only available in Turkish. For the sake of viewer convenience, the content is shown below in the alternative language. You may click the link to switch the active language. 2015\u2019in ilk 11 ay\u0131nda Avrupa otomobil pazar\u0131nda 76,301 adet elektrikli ara\u00e7 sat\u0131ld\u0131\u011f\u0131 a\u00e7\u0131kland\u0131. Frans\u0131z elektrikli ara\u00e7 birli\u011fi Avere taraf\u0131ndan a\u00e7\u0131klanan verilere g\u00f6re, [&hellip;]<\/p>\n","protected":false},"author":1,"featured_media":48665,"comment_status":"open","ping_status":"open","sticky":false,"template":"","format":"standard","meta":[],"categories":[51,53],"tags":[1964,215,63,67,1009,2698,165],"views":877,"_links":{"self":[{"href":"https:\/\/www.enerjigazetesi.ist\/en\/wp-json\/wp\/v2\/posts\/48664"}],"collection":[{"href":"https:\/\/www.enerjigazetesi.ist\/en\/wp-json\/wp\/v2\/posts"}],"about":[{"href":"https:\/\/www.enerjigazetesi.ist\/en\/wp-json\/wp\/v2\/types\/post"}],"author":[{"embeddable":true,"href":"https:\/\/www.enerjigazetesi.ist\/en\/wp-json\/wp\/v2\/users\/1"}],"replies":[{"embeddable":true,"href":"https:\/\/www.enerjigazetesi.ist\/en\/wp-json\/wp\/v2\/comments?post=48664"}],"version-history":[{"count":1,"href":"https:\/\/www.enerjigazetesi.ist\/en\/wp-json\/wp\/v2\/posts\/48664\/revisions"}],"predecessor-version":[{"id":48666,"href":"https:\/\/www.enerjigazetesi.ist\/en\/wp-json\/wp\/v2\/posts\/48664\/revisions\/48666"}],"wp:featuredmedia":[{"embeddable":true,"href":"https:\/\/www.enerjigazetesi.ist\/en\/wp-json\/wp\/v2\/media\/48665"}],"wp:attachment":[{"href":"https:\/\/www.enerjigazetesi.ist\/en\/wp-json\/wp\/v2\/media?parent=48664"}],"wp:term":[{"taxonomy":"category","embeddable":true,"href":"https:\/\/www.enerjigazetesi.ist\/en\/wp-json\/wp\/v2\/categories?post=48664"},{"taxonomy":"post_tag","embeddable":true,"href":"https:\/\/www.enerjigazetesi.ist\/en\/wp-json\/wp\/v2\/tags?post=48664"}],"curies":[{"name":"wp","href":"https:\/\/api.w.org\/{rel}","templated":true}]}}