{"id":48653,"date":"2016-01-03T12:53:27","date_gmt":"2016-01-03T09:53:27","guid":{"rendered":"https:\/\/www.enerjigazetesi.ist\/?p=48653"},"modified":"2016-01-03T12:54:41","modified_gmt":"2016-01-03T09:54:41","slug":"verimli-konuta-dusuk-vergi","status":"publish","type":"post","link":"https:\/\/www.enerjigazetesi.ist\/en\/verimli-konuta-dusuk-vergi\/","title":{"rendered":"(Turkish) Verimli Konuta D\u00fc\u015f\u00fck Vergi!"},"content":{"rendered":"<p class=\"qtranxs-available-languages-message qtranxs-available-languages-message-en\">Sorry, this entry is only available in <a href=\"https:\/\/www.enerjigazetesi.ist\/tr\/wp-json\/wp\/v2\/posts\/48653\" class=\"qtranxs-available-language-link qtranxs-available-language-link-tr\" title=\"Turkish\">Turkish<\/a>. For the sake of viewer convenience, the content is shown below in the alternative language. You may click the link to switch the active language.<\/p><p><strong>Ba\u015fbakan Yard\u0131mc\u0131s\u0131 L\u00fctfi Elvan, &#8220;Enerji verimlili\u011fini art\u0131r\u0131c\u0131 tedbirlerimiz olacak. Vergilendirmede d\u00fczenlemeye gidece\u011fiz. Verimlili\u011fi y\u00fcksek alanlarda daha d\u00fc\u015f\u00fck vergi s\u00f6z konusu olacak. Konut olabilir, ara\u00e7lar olabilir.&#8221; dedi.<\/strong><\/p>\n<p>Ba\u015fbakan Yard\u0131mc\u0131s\u0131 L\u00fctfi Elvan, k\u0131dem tazminati tart\u0131\u015fmalar\u0131na son noktay\u0131 koydu. Elvan, k\u0131dem tazmi<a href=\"https:\/\/www.enerjigazetesi.ist\/wp-content\/uploads\/2016\/01\/verimli-konuta-dusuk-vergi.jpg\"><img loading=\"lazy\" class=\"alignright size-medium wp-image-48654\" src=\"https:\/\/www.enerjigazetesi.ist\/wp-content\/uploads\/2016\/01\/verimli-konuta-dusuk-vergi-300x192.jpg\" alt=\"verimli-konuta-dusuk-vergi\" width=\"300\" height=\"192\" srcset=\"https:\/\/www.enerjigazetesi.ist\/wp-content\/uploads\/2016\/01\/verimli-konuta-dusuk-vergi-300x192.jpg 300w, https:\/\/www.enerjigazetesi.ist\/wp-content\/uploads\/2016\/01\/verimli-konuta-dusuk-vergi-77x50.jpg 77w, https:\/\/www.enerjigazetesi.ist\/wp-content\/uploads\/2016\/01\/verimli-konuta-dusuk-vergi.jpg 449w\" sizes=\"(max-width: 300px) 100vw, 300px\" \/><\/a>nat\u0131na y\u00f6nelik d\u00fczenlemenin \u015fubat ay\u0131n\u0131n ikinci haftas\u0131na kadar TBMM&#8217;ye sevk edilece\u011fini a\u00e7\u0131klad\u0131.Elvan, EMD \u00fcyeleriyle bir araya gelerek \u015fu mesajlar\u0131 verdi;<\/p>\n<p>Arsa Maliyetleri D\u00fc\u015fecek: \u0130zin ve ruhsat i\u015flemleri uzun s\u00fcr\u00fcyor. Bu s\u00fcre\u00e7leri kolayla\u015ft\u0131raca\u011f\u0131z. B\u00fcrokrasi d\u00fczeyince \u00e7\u00f6z\u00fclemiyorsa, bakan d\u00fczeyinde \u00e7\u00f6z\u00fcc\u00fc mekanizma olu\u015fturaca\u011f\u0131z. Arsa maliyetlerini a\u015fa\u011f\u0131 \u00e7eken d\u00fczenleme yapaca\u011f\u0131z.<\/p>\n<p><strong>Verimli konuta d\u00fc\u015f\u00fck vergi<\/strong><\/p>\n<p>Enerji verimlili\u011fini art\u0131r\u0131c\u0131 tedbirlerimiz olacak. Vergilendirmede d\u00fczenlemeye gidece\u011fiz. Verimlili\u011fi y\u00fcksek alanlarda daha d\u00fc\u015f\u00fck vergi s\u00f6z konusu olacak. Konut olabilir, ara\u00e7lar olabilir.<\/p>\n<p>Kaynak: Habert\u00fcrk<\/p>","protected":false},"excerpt":{"rendered":"<p>Sorry, this entry is only available in Turkish. For the sake of viewer convenience, the content is shown below in the alternative language. You may click the link to switch the active language.Ba\u015fbakan Yard\u0131mc\u0131s\u0131 L\u00fctfi Elvan, &#8220;Enerji verimlili\u011fini art\u0131r\u0131c\u0131 tedbirlerimiz olacak. Vergilendirmede d\u00fczenlemeye gidece\u011fiz. Verimlili\u011fi y\u00fcksek alanlarda daha d\u00fc\u015f\u00fck vergi s\u00f6z konusu olacak. Konut olabilir, [&hellip;]<\/p>\n","protected":false},"author":1,"featured_media":48654,"comment_status":"open","ping_status":"open","sticky":false,"template":"","format":"standard","meta":[],"categories":[53,52],"tags":[63,67,1009,2698,165,12,27779,793],"views":889,"_links":{"self":[{"href":"https:\/\/www.enerjigazetesi.ist\/en\/wp-json\/wp\/v2\/posts\/48653"}],"collection":[{"href":"https:\/\/www.enerjigazetesi.ist\/en\/wp-json\/wp\/v2\/posts"}],"about":[{"href":"https:\/\/www.enerjigazetesi.ist\/en\/wp-json\/wp\/v2\/types\/post"}],"author":[{"embeddable":true,"href":"https:\/\/www.enerjigazetesi.ist\/en\/wp-json\/wp\/v2\/users\/1"}],"replies":[{"embeddable":true,"href":"https:\/\/www.enerjigazetesi.ist\/en\/wp-json\/wp\/v2\/comments?post=48653"}],"version-history":[{"count":3,"href":"https:\/\/www.enerjigazetesi.ist\/en\/wp-json\/wp\/v2\/posts\/48653\/revisions"}],"predecessor-version":[{"id":48657,"href":"https:\/\/www.enerjigazetesi.ist\/en\/wp-json\/wp\/v2\/posts\/48653\/revisions\/48657"}],"wp:featuredmedia":[{"embeddable":true,"href":"https:\/\/www.enerjigazetesi.ist\/en\/wp-json\/wp\/v2\/media\/48654"}],"wp:attachment":[{"href":"https:\/\/www.enerjigazetesi.ist\/en\/wp-json\/wp\/v2\/media?parent=48653"}],"wp:term":[{"taxonomy":"category","embeddable":true,"href":"https:\/\/www.enerjigazetesi.ist\/en\/wp-json\/wp\/v2\/categories?post=48653"},{"taxonomy":"post_tag","embeddable":true,"href":"https:\/\/www.enerjigazetesi.ist\/en\/wp-json\/wp\/v2\/tags?post=48653"}],"curies":[{"name":"wp","href":"https:\/\/api.w.org\/{rel}","templated":true}]}}