{"id":48650,"date":"2016-01-02T22:35:53","date_gmt":"2016-01-02T19:35:53","guid":{"rendered":"https:\/\/www.enerjigazetesi.ist\/?p=48650"},"modified":"2016-01-02T22:35:53","modified_gmt":"2016-01-02T19:35:53","slug":"nukleer-enerjiye-en-fazla-yatirim-cinden","status":"publish","type":"post","link":"https:\/\/www.enerjigazetesi.ist\/en\/nukleer-enerjiye-en-fazla-yatirim-cinden\/","title":{"rendered":"(Turkish) N\u00fckleer Enerjiye En Fazla Yat\u0131r\u0131m \u00c7in&#8217;den!"},"content":{"rendered":"<p class=\"qtranxs-available-languages-message qtranxs-available-languages-message-en\">Sorry, this entry is only available in <a href=\"https:\/\/www.enerjigazetesi.ist\/tr\/wp-json\/wp\/v2\/posts\/48650\" class=\"qtranxs-available-language-link qtranxs-available-language-link-tr\" title=\"Turkish\">Turkish<\/a>. For the sake of viewer convenience, the content is shown below in the alternative language. You may click the link to switch the active language.<\/p><p><\/p>\n<p style=\"color: #000000;\"><strong>Kurulu n\u00fckleer enerji kapasitesinde d\u00fcnyada be\u015finci s\u0131rada bulunan \u00c7in&#8217;in in\u015fa halinde olan kapasitede ilk s\u0131rada bulundu\u011fu bildirildi.<\/strong><\/p>\n<p style=\"color: #000000;\">\u00c7in Ulusal Enerji \u0130daresi Ba\u015fkan\u0131 Nur Bekri, &#8220;\u00c7in&#8217;in onaylanm\u0131\u015f ve in\u015fa edilen yeni n\u00fckleer enerji projeleri y\u0131lda 32 milyon kilovat \u00fcretecek kapasitede. \u00c7in<a href=\"https:\/\/www.enerjigazetesi.ist\/wp-content\/uploads\/2016\/01\/nukleer-enerjiye-en-fazla-yatirim-cinden.jpg\"><img loading=\"lazy\" class=\"alignleft size-medium wp-image-48651\" src=\"https:\/\/www.enerjigazetesi.ist\/wp-content\/uploads\/2016\/01\/nukleer-enerjiye-en-fazla-yatirim-cinden-300x168.jpg\" alt=\"nukleer-enerjiye-en-fazla-yatirim-cinden\" width=\"300\" height=\"168\" srcset=\"https:\/\/www.enerjigazetesi.ist\/wp-content\/uploads\/2016\/01\/nukleer-enerjiye-en-fazla-yatirim-cinden-300x168.jpg 300w, https:\/\/www.enerjigazetesi.ist\/wp-content\/uploads\/2016\/01\/nukleer-enerjiye-en-fazla-yatirim-cinden-500x280.jpg 500w, https:\/\/www.enerjigazetesi.ist\/wp-content\/uploads\/2016\/01\/nukleer-enerjiye-en-fazla-yatirim-cinden-80x44.jpg 80w, https:\/\/www.enerjigazetesi.ist\/wp-content\/uploads\/2016\/01\/nukleer-enerjiye-en-fazla-yatirim-cinden.jpg 632w\" sizes=\"(max-width: 300px) 100vw, 300px\" \/><\/a>, in\u015fa a\u015famas\u0131nda olan n\u00fckleer santral kapasitesinde d\u00fcnyada en b\u00fcy\u00fck&#8221; dedi.<\/p>\n<p style=\"color: #000000;\">Nur Bekri, \u00c7in&#8217;in 2015 y\u0131l\u0131nda 8,2 milyon kilovat ilave n\u00fckleer enerji kapasitesini faaliyete soktu\u011funu ve 8,8 milyon kilovat kapasiteli yeni santrallerin in\u015fas\u0131n\u0131 onaylad\u0131\u011f\u0131n\u0131 belirtti.<\/p>\n<p style=\"color: #000000;\">Halihaz\u0131rda 25,5 milyon kilovat kurulu n\u00fckleer enerji kapasitesine sahip olan ve t\u00fcketiminin yakla\u015f\u0131k y\u00fczde 3&#8217;\u00fcn\u00fc n\u00fckleerden sa\u011flayan \u00c7in, 2020 y\u0131l\u0131nda 58 milyon kilovat kapasiteye ula\u015fmay\u0131 hedefliyor.<\/p>\n<p style=\"color: #000000;\">\u00c7in&#8217;in 2030&#8217;a kadar Rusya, Fransa, Japonya ve ABD&#8217;yi geride b\u0131rakarak n\u00fckleer enerji \u00fcretiminde d\u00fcnyada birinci s\u0131raya y\u00fckselmesi bekleniyor.<\/p>\n<p style=\"color: #000000;\">Kaynak: AA<\/p>\n<p><\/p>","protected":false},"excerpt":{"rendered":"<p>Sorry, this entry is only available in Turkish. For the sake of viewer convenience, the content is shown below in the alternative language. You may click the link to switch the active language. Kurulu n\u00fckleer enerji kapasitesinde d\u00fcnyada be\u015finci s\u0131rada bulunan \u00c7in&#8217;in in\u015fa halinde olan kapasitede ilk s\u0131rada bulundu\u011fu bildirildi. \u00c7in Ulusal Enerji \u0130daresi Ba\u015fkan\u0131 [&hellip;]<\/p>\n","protected":false},"author":1,"featured_media":48651,"comment_status":"open","ping_status":"open","sticky":false,"template":"","format":"standard","meta":[],"categories":[53,43],"tags":[886,63,67,1009,2698,165,71,21,688,25480,2973,27778],"views":944,"_links":{"self":[{"href":"https:\/\/www.enerjigazetesi.ist\/en\/wp-json\/wp\/v2\/posts\/48650"}],"collection":[{"href":"https:\/\/www.enerjigazetesi.ist\/en\/wp-json\/wp\/v2\/posts"}],"about":[{"href":"https:\/\/www.enerjigazetesi.ist\/en\/wp-json\/wp\/v2\/types\/post"}],"author":[{"embeddable":true,"href":"https:\/\/www.enerjigazetesi.ist\/en\/wp-json\/wp\/v2\/users\/1"}],"replies":[{"embeddable":true,"href":"https:\/\/www.enerjigazetesi.ist\/en\/wp-json\/wp\/v2\/comments?post=48650"}],"version-history":[{"count":1,"href":"https:\/\/www.enerjigazetesi.ist\/en\/wp-json\/wp\/v2\/posts\/48650\/revisions"}],"predecessor-version":[{"id":48652,"href":"https:\/\/www.enerjigazetesi.ist\/en\/wp-json\/wp\/v2\/posts\/48650\/revisions\/48652"}],"wp:featuredmedia":[{"embeddable":true,"href":"https:\/\/www.enerjigazetesi.ist\/en\/wp-json\/wp\/v2\/media\/48651"}],"wp:attachment":[{"href":"https:\/\/www.enerjigazetesi.ist\/en\/wp-json\/wp\/v2\/media?parent=48650"}],"wp:term":[{"taxonomy":"category","embeddable":true,"href":"https:\/\/www.enerjigazetesi.ist\/en\/wp-json\/wp\/v2\/categories?post=48650"},{"taxonomy":"post_tag","embeddable":true,"href":"https:\/\/www.enerjigazetesi.ist\/en\/wp-json\/wp\/v2\/tags?post=48650"}],"curies":[{"name":"wp","href":"https:\/\/api.w.org\/{rel}","templated":true}]}}