{"id":4865,"date":"2013-01-02T15:53:53","date_gmt":"2013-01-02T12:53:53","guid":{"rendered":"https:\/\/www.enerjigazetesi.ist\/?p=4865"},"modified":"2016-12-13T23:06:57","modified_gmt":"2016-12-13T20:06:57","slug":"enerji-verimliligi-hakkinda-carpici-gercekler","status":"publish","type":"post","link":"https:\/\/www.enerjigazetesi.ist\/en\/enerji-verimliligi-hakkinda-carpici-gercekler\/","title":{"rendered":"(Turkish) Enerji Verimlili\u011fi, Gereklili\u011fi ve \u00c7arp\u0131c\u0131 \u0130statistikler&#8230;"},"content":{"rendered":"<p class=\"qtranxs-available-languages-message qtranxs-available-languages-message-en\">Sorry, this entry is only available in <a href=\"https:\/\/www.enerjigazetesi.ist\/tr\/wp-json\/wp\/v2\/posts\/4865\" class=\"qtranxs-available-language-link qtranxs-available-language-link-tr\" title=\"Turkish\">Turkish<\/a>. For the sake of viewer convenience, the content is shown below in the alternative language. You may click the link to switch the active language.<\/p><p><strong>2013 y\u0131l\u0131na girdi\u011fimiz \u015fu g\u00fcnlerde enerji verimlili\u011fi konusu giderek \u00f6nemini artt\u0131r\u0131yor. Peki bizler bu konuda ne kadar bilin\u00e7liyiz? Enerji verimlili\u011fi\u00a0et\u00fct ve uygulamalar\u0131 ile kendi ya\u015fam ve \u00e7al\u0131\u015fma ortamlar\u0131m\u0131zda ( Binalar, Sanayi Kurulu\u015flar\u0131\u00a0vb.) ne gibi tasarruf potansiyelleri yarat\u0131yoruz?&#8230;Ne kadar kar ediyoruz?&#8230; Yoksa parasal kazanc\u0131m\u0131z hi\u00e7bir \u015fey yapmadan u\u00e7uyor, \u00a0yok olup gidiyor mu? <\/strong><\/p>\n<p><strong>\u0130\u015fte Sizlere \u00c7arp\u0131c\u0131 Ger\u00e7ekler:<\/strong><\/p>\n<p>\u00dclkemizin enerji yo\u011funlu\u011fu d\u00fcnya ortalamas\u0131n\u0131n \u00fczerindedir.<\/p>\n<p>A\u015fa\u011f\u0131daki tablo bunu en\u00a0do\u011fru bi\u00e7imde yans\u0131tmaktad\u0131r.<\/p>\n<p><img loading=\"lazy\" class=\"alignleft  wp-image-4137\" title=\"ab-enerji-verimliligi-eylem-plani\" src=\"https:\/\/www.enerjigazetesi.ist\/wp-content\/uploads\/2012\/12\/ab-enerji-verimliligi-eylem-plani-300x185.png\" alt=\"\" width=\"260\" height=\"149\" \/>Sanayi ve hizmet sekt\u00f6rlerimiz eliyle yarat\u0131lan katma de\u011ferde sa\u011flanacak yap\u0131sal de\u011fi\u015fiklikler ile elde edilen milli has\u0131lan\u0131n ihtiyac\u0131 olan enerji kullan\u0131m\u0131n\u0131 ciddi oranda azaltmak m\u00fcmk\u00fcnd\u00fcr.<\/p>\n<p>Ancak mevcut sanayi ve hizmet yap\u0131m\u0131zdaki katma de\u011fer bile\u015fimini korudu\u011fumuzda bile % 20&#8217;lere varan bir enerji tasarrufunun sadece do\u011fru projelendirme ve do\u011fru finansmanla potansiyel olarak varl\u0131\u011f\u0131 s\u00f6z konusudur.<\/p>\n<p>&nbsp;<\/p>\n<p>&nbsp;<\/p>\n<p style=\"text-align: center;\" align=\"center\"><a href=\"https:\/\/www.enerjigazetesi.ist\/wp-content\/uploads\/2013\/01\/enerji-yogunlugu-b.jpg\"><img loading=\"lazy\" class=\"aligncenter  wp-image-16666\" title=\"enerji-verimliligi-hakkinda-carpici-gercekler\" src=\"https:\/\/www.enerjigazetesi.ist\/wp-content\/uploads\/2013\/01\/enerji-yogunlugu-b-300x192.jpg\" alt=\"\" width=\"442\" height=\"252\" \/><\/a><\/p>\n<table border=\"0\" width=\"100%\" cellspacing=\"0\" cellpadding=\"0\">\n<tbody>\n<tr>\n<td><strong>\u00dclke<\/strong><\/td>\n<td><strong>GDP\u00a0 (milyar $)<\/strong><\/td>\n<td><strong>T\u00fcketim (milyon TEP)<\/strong><\/td>\n<td><strong>Enerji yo\u011funlu\u011fu<\/strong><\/td>\n<td><strong>Ki\u015fi ba\u015f\u0131na t\u00fcketim (TEP\/n\u00fcfus)<\/strong><\/td>\n<\/tr>\n<tr>\n<td><strong>T\u00fcrkiye<\/strong><\/td>\n<td>190,3<\/td>\n<td>72,5<\/td>\n<td>0,38<\/td>\n<td>1,06<\/td>\n<\/tr>\n<tr>\n<td><strong>Japonya<\/strong><\/td>\n<td>5.648<\/td>\n<td>520,7<\/td>\n<td>0,09<\/td>\n<td>4,09<\/td>\n<\/tr>\n<tr>\n<td><strong>ABD<\/strong><\/td>\n<td>8.977,9<\/td>\n<td>2.281,5<\/td>\n<td>0,25<\/td>\n<td>7,98<\/td>\n<\/tr>\n<tr>\n<td><strong>Yunanistan<\/strong><\/td>\n<td>144,8<\/td>\n<td>28,7<\/td>\n<td>0,20<\/td>\n<td>2,62<\/td>\n<\/tr>\n<tr>\n<td><strong>OECD<\/strong><\/td>\n<td>27.880,9<\/td>\n<td>8.970<\/td>\n<td>0,19<\/td>\n<td>4,68<\/td>\n<\/tr>\n<tr>\n<td><strong>D\u00fcnya<\/strong><\/td>\n<td>34.399,8<\/td>\n<td>10.029<\/td>\n<td>0,29<\/td>\n<td>1,64<\/td>\n<\/tr>\n<\/tbody>\n<\/table>\n<h2><\/h2>\n<p>\u00dcretim s\u00fcresini, kaliteyi, performans\u0131, i\u015f g\u00fcvenli\u011fini ve \u00e7evresel etki seviyesini koruyarak veya iyi y\u00f6nde geli\u015ftirerek ayn\u0131 seviyede veya daha fazla \u00fcretim miktar\u0131 i\u00e7in harcanan enerji miktar\u0131n\u0131 azalt\u0131c\u0131 her t\u00fcrl\u00fc proses, teknik veya ekipman yat\u0131r\u0131m\u0131 Enerji Verimlili\u011fi (EV) Yat\u0131r\u0131m\u0131 olarak tan\u0131mlanmaktad\u0131r.<\/p>\n<p>Tek c\u00fcmle ile \u00f6zetlenirse;\u00a0<strong>&#8220;firman\u0131n e\u011fer yapt\u0131\u011f\u0131\/yapmay\u0131 \u00f6ng\u00f6rd\u00fc\u011f\u00fc proje ile mevcut \u00fcretimini daha az enerji ile yapmas\u0131n\u0131 sa\u011flayan yat\u0131r\u0131m EV yat\u0131r\u0131m\u0131d\u0131r.&#8221;<\/strong><\/p>\n<ul>\n<li>\u00dclkemizde sanayi, konut ve ula\u015ft\u0131rmada kullan\u0131lan enerji <strong>%70-75<\/strong> oran\u0131nda ithalat yoluyla kar\u015f\u0131land\u0131\u011f\u0131ndan dolay\u0131 T\u00fcrkiye hali haz\u0131rda enerji kaynaklar\u0131 y\u00f6n\u00fcnden olduk\u00e7a fakir \u00fclkeler aras\u0131nda yer almaktad\u0131r.<\/li>\n<\/ul>\n<p>&nbsp;<\/p>\n<ul>\n<li>Tesisinizde varolan y\u00fcksek \u0131s\u0131l de\u011ferlere sahip at\u0131k \u0131s\u0131lar\u0131n\u0131z\u0131n enerji cinsinden de\u011ferini ve bunlar\u0131n de\u011ferlendirilebilme et\u00fcd\u00fcn\u00fc yapt\u0131rman\u0131z, Firma\u2019n\u0131za geri \u00f6deme s\u00fcresi minumum olan yat\u0131r\u0131mlara d\u00f6n\u00fc\u015febilir. B\u00f6ylece firman\u0131z kazan\u0131rken, \u00e7evremize de ekzoz emisyonlar\u0131n azalt\u0131m\u0131 konusunda \u00e7ok de\u011ferli katk\u0131lar sa\u011flam\u0131\u015f olursunuz.<\/li>\n<\/ul>\n<p>&nbsp;<\/p>\n<ul>\n<li>\u00c7imento Sekt\u00f6r\u00fcnde klinker \u00fcretimi \u00f6n \u0131s\u0131tma ve klinker so\u011futma prosesi esnas\u0131nda atmosfere at\u0131lan y\u00fcksek debi ve kalorifik de\u011fere sahip gazlar\u0131n \u0131s\u0131 enerjisini kullanarak \u00fcretece\u011finiz elektrik enerjisi ile tesisinizin tam kapasitedeki elektrik ihtiyac\u0131n\u0131n yakla\u015f\u0131k %30&#8217;luk k\u0131sm\u0131n\u0131 kar\u015f\u0131layabilirsiniz.<\/li>\n<\/ul>\n<p>&nbsp;<\/p>\n<ul>\n<li>Tesisinizde birim \u00fcretim ba\u015f\u0131na yapt\u0131\u011f\u0131n\u0131z enerji sarfiyat\u0131n\u0131n et\u00fcd\u00fcn\u00fc yaparak bunu asgariye indirecek alternatif \u00e7\u00f6z\u00fcmler \u00fczerine bir et\u00fcd haz\u0131rlaman\u0131z veya haz\u0131rlatman\u0131z enerji sarfiyatlar\u0131n\u0131z\u0131 azaltmaya ataca\u011f\u0131n\u0131z ilk alt\u0131n ad\u0131m olacakt\u0131r.<\/li>\n<\/ul>\n<p>&nbsp;<\/p>\n<ul>\n<li>Tesisiniz i\u00e7inde belirli kademelerde uygulamaya girecek bir enerji verimlili\u011fi stratejisi olu\u015fturman\u0131z enerji verimlili\u011fi bilincinin uyand\u0131r\u0131lmas\u0131n\u0131n en temel ad\u0131mlar\u0131ndan biridir.<\/li>\n<\/ul>\n<p>&nbsp;<\/p>\n<ul>\n<li>Ba\u011f\u0131ms\u0131z \u00fcretim noktalar\u0131n\u0131 azaltarak \u00f6n \u0131s\u0131tma, kal\u0131p de\u011fi\u015fimi gibi enerji ve \u00fcretim kayb\u0131na yol a\u00e7an \u00fcretim ak\u0131\u015flar\u0131n\u0131 yok ederek, kontin\u00fc \u00fcretime ge\u00e7meniz Firma\u2019n\u0131za enerji ve \u00fcretim verimlili\u011fi anlam\u0131nda \u00e7ok \u00f6nemli kazan\u00e7lar sa\u011flayacakt\u0131r.<\/li>\n<\/ul>\n<p>&nbsp;<\/p>\n<ul>\n<li>\u0130stanbul&#8217;dan Avustralya&#8217;ya yap\u0131lan bir u\u00e7u\u015fta ki\u015fi ba\u015f\u0131na ortalama 12 ton CO<sub>2<\/sub>\u00a0sal\u0131n\u0131yor. Oysa bir a\u011fa\u00e7 \u00f6mr\u00fc boyunca en fazla 1 ton CO<sub>2<\/sub>\u00a0emebiliyor.<\/li>\n<\/ul>\n<p>&nbsp;<\/p>\n<ul>\n<li>T\u00fcrkiye&#8217;nin enerji yo\u011funlu\u011fu AB ortalamas\u0131n\u0131n 2,5 kat\u0131d\u0131r. T\u00fcrkiye&#8217;nin enerji tasarruf potansiyelinin en az %30 oldu\u011funda t\u00fcm kesimler mutab\u0131kt\u0131r.<\/li>\n<\/ul>\n<p>&nbsp;<\/p>\n<p><strong>EnerjiGazetesi.Ist<\/strong><\/p>\n<p><strong>Genel Yay\u0131n\u00a0Y\u00f6netmeni<\/strong><\/p>\n<p><strong>Sarp ALTINEL<\/strong><\/p>","protected":false},"excerpt":{"rendered":"<p>Sorry, this entry is only available in Turkish. For the sake of viewer convenience, the content is shown below in the alternative language. You may click the link to switch the active language.2013 y\u0131l\u0131na girdi\u011fimiz \u015fu g\u00fcnlerde enerji verimlili\u011fi konusu giderek \u00f6nemini artt\u0131r\u0131yor. Peki bizler bu konuda ne kadar bilin\u00e7liyiz? Enerji verimlili\u011fi\u00a0et\u00fct ve uygulamalar\u0131 ile [&hellip;]<\/p>\n","protected":false},"author":1,"featured_media":4137,"comment_status":"open","ping_status":"open","sticky":false,"template":"","format":"standard","meta":[],"categories":[53,52],"tags":[67,12,1660,848,846,1661,133],"views":2264,"_links":{"self":[{"href":"https:\/\/www.enerjigazetesi.ist\/en\/wp-json\/wp\/v2\/posts\/4865"}],"collection":[{"href":"https:\/\/www.enerjigazetesi.ist\/en\/wp-json\/wp\/v2\/posts"}],"about":[{"href":"https:\/\/www.enerjigazetesi.ist\/en\/wp-json\/wp\/v2\/types\/post"}],"author":[{"embeddable":true,"href":"https:\/\/www.enerjigazetesi.ist\/en\/wp-json\/wp\/v2\/users\/1"}],"replies":[{"embeddable":true,"href":"https:\/\/www.enerjigazetesi.ist\/en\/wp-json\/wp\/v2\/comments?post=4865"}],"version-history":[{"count":17,"href":"https:\/\/www.enerjigazetesi.ist\/en\/wp-json\/wp\/v2\/posts\/4865\/revisions"}],"predecessor-version":[{"id":60008,"href":"https:\/\/www.enerjigazetesi.ist\/en\/wp-json\/wp\/v2\/posts\/4865\/revisions\/60008"}],"wp:featuredmedia":[{"embeddable":true,"href":"https:\/\/www.enerjigazetesi.ist\/en\/wp-json\/wp\/v2\/media\/4137"}],"wp:attachment":[{"href":"https:\/\/www.enerjigazetesi.ist\/en\/wp-json\/wp\/v2\/media?parent=4865"}],"wp:term":[{"taxonomy":"category","embeddable":true,"href":"https:\/\/www.enerjigazetesi.ist\/en\/wp-json\/wp\/v2\/categories?post=4865"},{"taxonomy":"post_tag","embeddable":true,"href":"https:\/\/www.enerjigazetesi.ist\/en\/wp-json\/wp\/v2\/tags?post=4865"}],"curies":[{"name":"wp","href":"https:\/\/api.w.org\/{rel}","templated":true}]}}