{"id":48637,"date":"2016-01-02T19:50:16","date_gmt":"2016-01-02T16:50:16","guid":{"rendered":"https:\/\/www.enerjigazetesi.ist\/?p=48637"},"modified":"2016-01-02T19:50:16","modified_gmt":"2016-01-02T16:50:16","slug":"avrupada-elektrikli-arac-kullanimi-yari-yariya-artti","status":"publish","type":"post","link":"https:\/\/www.enerjigazetesi.ist\/en\/avrupada-elektrikli-arac-kullanimi-yari-yariya-artti\/","title":{"rendered":"(Turkish) Avrupa&#8217;da Elektrikli Ara\u00e7 Kullan\u0131m\u0131 Yar\u0131 Yar\u0131ya Artt\u0131!"},"content":{"rendered":"<p class=\"qtranxs-available-languages-message qtranxs-available-languages-message-en\">Sorry, this entry is only available in <a href=\"https:\/\/www.enerjigazetesi.ist\/tr\/wp-json\/wp\/v2\/posts\/48637\" class=\"qtranxs-available-language-link qtranxs-available-language-link-tr\" title=\"Turkish\">Turkish<\/a>. For the sake of viewer convenience, the content is shown below in the alternative language. You may click the link to switch the active language.<\/p><p><strong>2015 y\u0131l\u0131n\u0131n ilk 11 ay\u0131nda Avrupa`da trafi\u011fe \u00e7\u0131kan elektrikli ara\u00e7 say\u0131s\u0131 bir \u00f6nceki y\u0131la g\u00f6re yar\u0131 yar\u0131ya artarak 76.301 oldu.<\/strong><\/p>\n<p>Avere France verilerine g\u00f6r<a href=\"https:\/\/www.enerjigazetesi.ist\/wp-content\/uploads\/2016\/01\/avrupada-elektrikli-arac-kullanimi-yari-yariya-artti.jpg\"><img loading=\"lazy\" class=\"alignleft size-medium wp-image-48638\" src=\"https:\/\/www.enerjigazetesi.ist\/wp-content\/uploads\/2016\/01\/avrupada-elektrikli-arac-kullanimi-yari-yariya-artti-300x152.jpg\" alt=\"avrupada-elektrikli-arac-kullanimi-yari-yariya-artti\" width=\"300\" height=\"152\" srcset=\"https:\/\/www.enerjigazetesi.ist\/wp-content\/uploads\/2016\/01\/avrupada-elektrikli-arac-kullanimi-yari-yariya-artti-300x152.jpg 300w, https:\/\/www.enerjigazetesi.ist\/wp-content\/uploads\/2016\/01\/avrupada-elektrikli-arac-kullanimi-yari-yariya-artti-80x40.jpg 80w, https:\/\/www.enerjigazetesi.ist\/wp-content\/uploads\/2016\/01\/avrupada-elektrikli-arac-kullanimi-yari-yariya-artti.jpg 448w\" sizes=\"(max-width: 300px) 100vw, 300px\" \/><\/a>e, 2015 y\u0131l\u0131n\u0131n ilk on bir ay\u0131nda Avrupa`da trafi\u011fe \u00e7\u0131kan elektrikli ara\u00e7 say\u0131s\u0131 bir \u00f6nceki y\u0131l\u0131n tamam\u0131na g\u00f6re y\u00fczde 48.5 artarak 76.301 oldu.<\/p>\n<p>Norve\u00e7, Fransa, \u0130ngiltere ve Almanya Avrupa`da trafi\u011fe \u00e7\u0131kan ve kayd\u0131 yap\u0131lan elektrikli ara\u00e7lar\u0131n neredeyse y\u00fczde 75`ine sahip olarak, pazarda \u00f6ne \u00e7\u0131kan ilk d\u00f6rt \u00fclke oldu.<\/p>\n<p>Norve\u00e7 ise 22.388 ara\u00e7 kayd\u0131 ile neredeyse tek ba\u015f\u0131na elektrik ara\u00e7lar\u0131n \u00fc\u00e7te birinin trafi\u011fe \u00e7\u0131kt\u0131\u011f\u0131 \u00fclke oldu. Fransa`da 17.060, Almanya`da 9438, \u0130ngiltere`de 8356elektrikli ara\u00e7 trafi\u011fe \u00e7\u0131kt\u0131.<\/p>\n<p>Kaynak: <a href=\"http:\/\/enerjigunlugu.net\/avrupada-elektrikli-arac-kullanimi-yari-yariya-art_16681.html#.Vof_AFSLRdg\" target=\"_blank\" rel=\"nofollow\">Enerji G\u00fcnl\u00fc\u011f\u00fc<\/a><\/p>","protected":false},"excerpt":{"rendered":"<p>Sorry, this entry is only available in Turkish. For the sake of viewer convenience, the content is shown below in the alternative language. You may click the link to switch the active language.2015 y\u0131l\u0131n\u0131n ilk 11 ay\u0131nda Avrupa`da trafi\u011fe \u00e7\u0131kan elektrikli ara\u00e7 say\u0131s\u0131 bir \u00f6nceki y\u0131la g\u00f6re yar\u0131 yar\u0131ya artarak 76.301 oldu. Avere France verilerine [&hellip;]<\/p>\n","protected":false},"author":1,"featured_media":48638,"comment_status":"open","ping_status":"open","sticky":false,"template":"","format":"standard","meta":[],"categories":[51,53],"tags":[21279,1964,68,61,215,63,67,1009,2698,165],"views":953,"_links":{"self":[{"href":"https:\/\/www.enerjigazetesi.ist\/en\/wp-json\/wp\/v2\/posts\/48637"}],"collection":[{"href":"https:\/\/www.enerjigazetesi.ist\/en\/wp-json\/wp\/v2\/posts"}],"about":[{"href":"https:\/\/www.enerjigazetesi.ist\/en\/wp-json\/wp\/v2\/types\/post"}],"author":[{"embeddable":true,"href":"https:\/\/www.enerjigazetesi.ist\/en\/wp-json\/wp\/v2\/users\/1"}],"replies":[{"embeddable":true,"href":"https:\/\/www.enerjigazetesi.ist\/en\/wp-json\/wp\/v2\/comments?post=48637"}],"version-history":[{"count":1,"href":"https:\/\/www.enerjigazetesi.ist\/en\/wp-json\/wp\/v2\/posts\/48637\/revisions"}],"predecessor-version":[{"id":48639,"href":"https:\/\/www.enerjigazetesi.ist\/en\/wp-json\/wp\/v2\/posts\/48637\/revisions\/48639"}],"wp:featuredmedia":[{"embeddable":true,"href":"https:\/\/www.enerjigazetesi.ist\/en\/wp-json\/wp\/v2\/media\/48638"}],"wp:attachment":[{"href":"https:\/\/www.enerjigazetesi.ist\/en\/wp-json\/wp\/v2\/media?parent=48637"}],"wp:term":[{"taxonomy":"category","embeddable":true,"href":"https:\/\/www.enerjigazetesi.ist\/en\/wp-json\/wp\/v2\/categories?post=48637"},{"taxonomy":"post_tag","embeddable":true,"href":"https:\/\/www.enerjigazetesi.ist\/en\/wp-json\/wp\/v2\/tags?post=48637"}],"curies":[{"name":"wp","href":"https:\/\/api.w.org\/{rel}","templated":true}]}}