{"id":48631,"date":"2016-01-02T17:22:47","date_gmt":"2016-01-02T14:22:47","guid":{"rendered":"https:\/\/www.enerjigazetesi.ist\/?p=48631"},"modified":"2016-01-02T17:22:47","modified_gmt":"2016-01-02T14:22:47","slug":"yedas-odaga-insani-ve-cevreyi-koyarak-buyuyor","status":"publish","type":"post","link":"https:\/\/www.enerjigazetesi.ist\/en\/yedas-odaga-insani-ve-cevreyi-koyarak-buyuyor\/","title":{"rendered":"(Turkish) \u201cYEDA\u015e Oda\u011fa \u0130nsan\u0131 ve \u00c7evreyi Koyarak B\u00fcy\u00fcyor!\u201d"},"content":{"rendered":"<p class=\"qtranxs-available-languages-message qtranxs-available-languages-message-en\">Sorry, this entry is only available in <a href=\"https:\/\/www.enerjigazetesi.ist\/tr\/wp-json\/wp\/v2\/posts\/48631\" class=\"qtranxs-available-language-link qtranxs-available-language-link-tr\" title=\"Turkish\">Turkish<\/a>. For the sake of viewer convenience, the content is shown below in the alternative language. You may click the link to switch the active language.<\/p><p><\/p>\n<p style=\"color: #363636;\"><strong>Ye\u015fil\u0131rmak Elektrik Da\u011f\u0131t\u0131m A.\u015e. (YEDA\u015e), Samsun, Amasya, \u00c7orum, Ordu ve Sinop illerinde ya\u015fayan 3 milyonun \u00fczerinde insan\u0131n elektrik enerjisi ihtiyac\u0131n\u0131 kar\u015f\u0131l\u0131yor.<\/strong><\/p>\n<p style=\"color: #363636;\">1 milyon 800 binin \u00fczerin<a href=\"https:\/\/www.enerjigazetesi.ist\/wp-content\/uploads\/2016\/01\/yedas-odaga-insani-ve-cevreyi-koyarak-buyuyor.jpg\"><img loading=\"lazy\" class=\"alignleft  wp-image-48632\" src=\"https:\/\/www.enerjigazetesi.ist\/wp-content\/uploads\/2016\/01\/yedas-odaga-insani-ve-cevreyi-koyarak-buyuyor.jpg\" alt=\"yedas-odaga-insani-ve-cevreyi-koyarak-buyuyor\" width=\"300\" height=\"218\" \/><\/a>de m\u00fc\u015fterisine t\u00fcm \u00e7al\u0131\u015fanlar\u0131 ile birlikte \u201cS\u00fcrd\u00fcr\u00fclebilir M\u00fc\u015fteri Memnuniyeti\u201d odakl\u0131 hizmet sunan \u015firket, 2019 y\u0131l\u0131nda kurumsal ve operasyonel m\u00fckemmellik alan\u0131nda Avrupa\u2019n\u0131n ilk 10 \u015firketi aras\u0131nda olma vizyonu ile \u00e7al\u0131\u015fmalar\u0131n\u0131 h\u0131z kesmeden s\u00fcrd\u00fcr\u00fcyor. \u201cYEDA\u015e olarak gerek operasyonel yat\u0131r\u0131mlarla gerekse de kurumsal i\u015f s\u00fcre\u00e7leriyle m\u00fc\u015fterimize s\u00fcrd\u00fcr\u00fclebilir hizmet anlay\u0131\u015f\u0131n\u0131, kaliteli ve kesintisiz elektrik enerjisi da\u011f\u0131t\u0131m\u0131 hizmeti sunmay\u0131 ama\u00e7l\u0131yoruz\u201ddiyen YEDA\u015e Genel M\u00fcd\u00fcr\u00fc Nurettin T\u00fcrko\u011flu, \u00e7evrenin korunmas\u0131n\u0131 da bir \u015firket k\u00fclt\u00fcr\u00fc haline getirdiklerini s\u00f6yl\u00fcyor.<\/p>\n<p style=\"color: #363636;\"><strong>AKILLI \u015eEH\u0130R PLATFORMUNA<br \/>\n\u00d6NC\u00dcL\u00dcK ETMEYE HAZIRIZ<\/strong><\/p>\n<p style=\"color: #363636;\"><strong>T\u00fcm d\u00fcnya global \u00e7evre uyumu i\u00e7in karbon emisyonlar\u0131n\u0131 d\u00fc\u015f\u00fcrmek \u00fczere \u00e7evre dostu ve ye\u015fil enerji kayna\u011f\u0131 aray\u0131\u015f\u0131nda. YEDA\u015e, bu alanda ne t\u00fcr \u00e7al\u0131\u015fmalar y\u00fcr\u00fct\u00fcyor?<\/strong><\/p>\n<p style=\"color: #363636;\">2014 y\u0131l\u0131ndaileri d\u00fczeyde \u201cSmart Grid\u201d kullan\u0131c\u0131s\u0131 olarak lanse edilen \u015firketimize, Amerikan Ticaret ve Kalk\u0131nma Ajans\u0131 (USTDA) taraf\u0131ndan Ak\u0131ll\u0131 \u015eebeke Fizibilite Projesi\u2019ne 550.000 USD\u2019l\u0131k hibe ile destek verildi. Bu proje ile amac\u0131m\u0131z;sahadaki \u015febekeyi misafiri oldu\u011fumuz \u015fu d\u00fcnyada, gelecek ku\u015faklar\u0131n ya\u015fam hakk\u0131na sayg\u0131 duyarak, \u00e7ok m\u00fcdahale etmeden, ekolojik dengeyi korumay\u0131 ama\u00e7layarak, \u201cAk\u0131ll\u0131\u201d olarak g\u00fc\u00e7lendirmek. SCADA\/DMS, SAP-ISU, GIS ve AMR gibi operasyonelm\u00fckemmellikte ve m\u00fc\u015fteri memnuniyetinde kilit ta\u015f\u0131 olan teknolojik sistemleri devreye ald\u0131k. 2016 y\u0131l\u0131ndan itibaren hedefimiz bu sistemleri birbirine entegre ederek, \u201cAk\u0131ll\u0131 \u015eebeke Faz\u0131n\u0131\u201d tamamlamak. Ak\u0131ll\u0131 \u015febekeye ge\u00e7i\u015fin d\u00fcnya \u00fczerindeki en y\u00fcksek standartlarda ger\u00e7ekle\u015fmesi i\u00e7in USTDA destekli Ak\u0131ll\u0131 \u015eebeke Fizibilite Projesi b\u00fcy\u00fck \u00f6nem ta\u015f\u0131maktad\u0131r.<\/p>\n<p style=\"color: #363636;\">Her zaman s\u00f6yledi\u011fimiz gibi, ak\u0131ll\u0131 \u015febekelerden \u00f6nce, ak\u0131ll\u0131 toplumu sa\u011flamal\u0131y\u0131z. \u00d6nce insanlarda bu alg\u0131 yarat\u0131lmal\u0131d\u0131r. Tek ba\u015f\u0131na \u015febekeniz istedi\u011fi kadar ak\u0131ll\u0131 olsun. Toplumun bu bilin\u00e7li olmamas\u0131 halinde sizin yapt\u0131\u011f\u0131n\u0131z yat\u0131r\u0131m t\u00fcketiciye sadece maliyet anlam\u0131nda yans\u0131r. Dolay\u0131s\u0131yla ak\u0131ll\u0131 \u015febekelerden ziyade, ak\u0131ll\u0131 toplum bilincini olu\u015fturmal\u0131y\u0131z. Bu nedenle kurdu\u011fu teknolojik sistemlerle ak\u0131ll\u0131 \u015febeke y\u00f6netiminden ak\u0131ll\u0131 \u015fehirler boyutuna ge\u00e7mek \u00fczere olan YEDA\u015e\u2019\u0131n t\u00fcm payda\u015flar\u0131yla ak\u0131ll\u0131 \u015fehirle\u015fme y\u00f6n\u00fcnde bir platformda bulu\u015fmas\u0131 gerekti\u011fine vurgu yap\u0131yoruz. YEDA\u015e olarak kamu, \u00f6zel sekt\u00f6r ve \u00fcniversitelerin de kat\u0131l\u0131m\u0131yla olu\u015fturulacak bir ak\u0131ll\u0131 \u015fehir platformuna \u00f6nc\u00fcl\u00fck etmeye haz\u0131r\u0131z.2016 y\u0131l\u0131ndan itibaren yat\u0131r\u0131m stratejimiz; \u201cG\u00fc\u00e7lendirilmi\u015f \u015febeke fiziki yap\u0131s\u0131n\u0131 teknoloji ile donat\u0131p, t\u00fcm sistemlerin entegrasyonunu ger\u00e7ekle\u015ftirmek ve \u2018Ak\u0131ll\u0131 \u015eebeke\u2019 s\u00fcrecinde uluslararas\u0131 olgunluk d\u00fczeyine ula\u015farak, enerjinin do\u011fru kullan\u0131m\u0131n\u0131 da \u00f6z\u00fcmseyerek \u2018Ak\u0131ll\u0131 Toplum\u2019 alg\u0131s\u0131n\u0131 sa\u011flamak\u201d olacakt\u0131r.<\/p>\n<p style=\"color: #363636;\"><strong>YEDA\u015e\u2019\u0131n \u201c\u00c7evre Y\u00f6netim Sistemi Politikas\u0131\u201dndan s\u00f6z eder misiniz?<\/strong><\/p>\n<p style=\"color: #363636;\">Faaliyetleri s\u0131ras\u0131nda ortaya \u00e7\u0131kabilecek \u00e7evresel etkiyi minimize etmeye dikkat g\u00f6steren YEDA\u015e;<br \/>\n\u2022 Elektrik da\u011f\u0131t\u0131m ve perakende sat\u0131\u015f hizmetlerini yerine getirirken t\u00fcm \u00e7al\u0131\u015fanlar\u0131n\u0131n \u00e7evre bilincini geli\u015ftirerek bir \u00e7evre y\u00f6netim sistemi olu\u015fturaca\u011f\u0131n\u0131,<br \/>\n\u2022 Bu ba\u011flamda; resmi g\u00f6n\u00fcll\u00fc kurum ve kurulu\u015flar yan\u0131nda toplumun her kesimi ile i\u015fbirli\u011fi yaparak ulusal ve uluslararas\u0131 yasalara uygun olarak \u00e7evresel etkileri en aza indirmek suretiyle do\u011fay\u0131 ve \u00e7evreyi koyaca\u011f\u0131n\u0131,<br \/>\n\u2022 Yeterli kaynak sa\u011flayarak hizmetlerinde uygun teknoloji se\u00e7imi ve kullan\u0131m\u0131 sonucunda enerji tasarrufu,do\u011fal kaynaklar\u0131n israf\u0131n\u0131n \u00f6nlenmesi, at\u0131klar\u0131n azalt\u0131lmas\u0131 ve at\u0131klar\u0131n geri d\u00f6n\u00fc\u015f\u00fcm yoluyla \u00fclke ekonomisine kazand\u0131r\u0131lmas\u0131n\u0131 \u015firketin ana prensibi olarak belirleyece\u011fini,<br \/>\n\u2022 G\u00fcn\u00fcm\u00fczde h\u0131zla geli\u015fen teknoloji ve buna paralel olarak de\u011fi\u015fen \u00e7evresel yakla\u015f\u0131mlar do\u011frultusunda \u00e7evre ve insan sa\u011fl\u0131\u011f\u0131n\u0131n korunmas\u0131 i\u00e7in YEDA\u015e \u00e7al\u0131\u015fanlar\u0131n\u0131n e\u011fitim ve uygulamalara aktif bir \u015fekilde kat\u0131l\u0131m\u0131n\u0131 sa\u011flayarak dinamik bir \u00e7evre politikas\u0131na \u00f6ncelik verece\u011fini taahh\u00fct etmektedir.<\/p>\n<p style=\"color: #363636;\"><strong>GER\u0130 D\u00d6N\u00dc\u015e\u00dcMLE ATIKLAR<br \/>\nEKONOM\u0130YE KAZANDIRILIYOR<\/strong><\/p>\n<p style=\"color: #363636;\"><strong>At\u0131klar\u0131n azalt\u0131lmas\u0131 ve geri d\u00f6n\u00fc\u015f\u00fcm\u00fc yoluyla \u00fclke ekonomisine kazand\u0131r\u0131lmas\u0131 i\u00e7in hayata ge\u00e7irdi\u011finiz projeler neler?<\/strong><\/p>\n<p style=\"color: #363636;\">Hizmet veren bir sekt\u00f6rde oldu\u011fu i\u00e7in \u00e7evreye zarar verme olas\u0131l\u0131\u011f\u0131 d\u00fc\u015f\u00fck olan YEDA\u015e, 2012 y\u0131l\u0131nda elektrik da\u011f\u0131t\u0131m\u0131 sekt\u00f6r\u00fcnde bir ilke imza atarak ISO 14001 \u00c7evre Y\u00f6netim Sistemi\u2019ni kalite y\u00f6netim sistemine entegreetmi\u015ftir.\u015eirketimizin \u00e7evre politikas\u0131ndaki \u00f6nceli\u011fi; t\u00fcm \u00e7al\u0131\u015fanlar\u0131m\u0131z\u0131n ve toplumun \u00e7evre bilincinin geli\u015ftirilmesinde \u00f6nc\u00fcl\u00fck etmektir. Bu ba\u011flamda t\u00fcm g\u00f6n\u00fcll\u00fc resmi kurumlarla i\u015f birli\u011fi i\u00e7inde yasalara uygun olarak hareket eden \u015firketimiz, \u00fclke kaynaklar\u0131n\u0131 g\u00f6z \u00f6n\u00fcne alarak do\u011fay\u0131 ve \u00e7evreyi korumak ad\u0131na, gelecek nesillere daha s\u00fcrd\u00fcr\u00fclebilir bir d\u00fcnya b\u0131rakmak i\u00e7in \u00e7evresel etkileri en aza indirgeyen, \u00e7evreye duyarl\u0131 teknolojik yat\u0131r\u0131mlar ger\u00e7ekle\u015ftirmektedir. Ama\u00e7, enerji tasarrufu sa\u011flamak ve do\u011fal kaynaklar\u0131n israf\u0131n\u0131n \u00f6nlenmesidir.<\/p>\n<p style=\"color: #363636;\">At\u0131klar\u0131n azalt\u0131lmas\u0131 ve at\u0131klar\u0131n geri d\u00f6n\u00fc\u015f\u00fcm yoluyla \u00fclke ekonomisine kazand\u0131r\u0131lmas\u0131 \u015firketimizin ana prensiplerindendir. YEDA\u015e, 5 il 58 il\u00e7ede faaliyet y\u00fcr\u00fctmekte olup, her i\u015fletmemizde ka\u011f\u0131t, plastik, metal, cam, pil vb. at\u0131klarat\u0131k kutular\u0131nda toplanarak, lisansl\u0131 geri d\u00f6n\u00fc\u015f\u00fcm kurumlar\u0131na teslim edilmektedir. \u00c7\u0131kan at\u0131klar\u0131n miktarlar\u0131 kay\u0131t alt\u0131na al\u0131narak, bir sonraki senenin at\u0131k hedeflerinin belirlenmesi sa\u011flanmaktad\u0131r. Yine t\u00fcm i\u015fletmelerdeki elektrik, su t\u00fcketimleri hesaplanarak, bir sonraki y\u0131l elektrik ve su israf\u0131n\u0131 \u00f6nlemek amac\u0131yla hedefler belirlenmektedir. Ayn\u0131 zamanda, g\u00fcn\u00fcm\u00fczde h\u0131zla geli\u015fen teknoloji ve buna e\u015f zamanl\u0131 olarak de\u011fi\u015fen \u00e7evresel yakla\u015f\u0131mlar do\u011frultusunda \u00e7al\u0131\u015fanlar\u0131m\u0131z, \u2018\u00c7evre ve \u0130nsan Sa\u011fl\u0131\u011f\u0131\u2019 konulu e\u011fitim ve uygulamalarla desteklenmektedir.T\u00fcm \u00e7al\u0131\u015fanlar\u0131m\u0131z k\u00e2\u011f\u0131t,elektrik, su vb. t\u00fcketimlerinin azalt\u0131lmas\u0131, at\u0131klar\u0131n geri d\u00f6n\u00fc\u015f\u00fcme kazand\u0131r\u0131lmas\u0131 i\u00e7in e\u011fitimlerle te\u015fvik edilmektedir.<\/p>\n<p style=\"color: #363636;\">Sahada yap\u0131lan yat\u0131r\u0131m ve ar\u0131za bak\u0131m onar\u0131m \u00e7al\u0131\u015fmalar\u0131 esnas\u0131nda \u00e7evre g\u00fcvenlik tedbirleri al\u0131narak, \u00e7evreye verilebilecek zararlar en aza indirilmektedir. Denetim ekiplerimizin s\u00fcrekli yapt\u0131klar\u0131 denetimlerle al\u0131nan tedbirler kontrol edilerek, g\u00f6r\u00fclen eksiklik veya yanl\u0131\u015f uygulamalar\u0131n \u00f6n\u00fcne ge\u00e7ilmektedir. Ambarlarda ar\u0131zal\u0131 ve topra\u011fa, suya, havaya zarar verebilecek \u00fcr\u00fcn veya cihazlar i\u00e7in \u00f6zel depolama alanlar\u0131 olu\u015fturularak, \u00e7evreye verilebilecek zararlar en aza indirilmektedir. \u00c7evre i\u00e7in zararl\u0131 olabilecek t\u00fcm unsurlar giderilerek \u00e7evre i\u00e7in zararl\u0131 at\u0131klar bertaraf kurallar\u0131na uygun lisansl\u0131 firmalar arac\u0131l\u0131\u011f\u0131yla imha edilmektedir.<\/p>\n<p style=\"color: #363636;\">YEDA\u015e, do\u011fal kaynaklar\u0131n israf\u0131n\u0131n \u00f6nlenmesine, at\u0131klar\u0131n azalt\u0131lmas\u0131na ve at\u0131klar\u0131n geri d\u00f6n\u00fc\u015f\u00fcm yoluyla \u00fclke ekonomisine kazand\u0131r\u0131lmas\u0131na \u00f6nem g\u00f6stermektedir. Bu anlay\u0131\u015f \u00e7er\u00e7evesinde \u015firketin hizmet verdi\u011fi illerde kimyasal at\u0131k depolar\u0131 faaliyet g\u00f6stermektedir. Elektrik da\u011f\u0131t\u0131m sekt\u00f6r\u00fcn\u00fcn do\u011fas\u0131 gere\u011fi trafo gaz kesici \u00fcnitelerde, insan sa\u011fl\u0131\u011f\u0131 ve \u00e7evre \u00fczerinde etkisi olmayanizolasyon ya\u011flar\u0131 kullanan YEDA\u015e, bu ya\u011flar\u0131 Toybelen Deposu\/Kat\u0131 At\u0131k \u00dcnitesi\u2019nde depolamaktad\u0131r.<\/p>\n<p style=\"color: #363636;\">Kaynak: <a href=\"http:\/\/energyworld.com.tr\/yedas-odaga-insani-ve-cevreyi-koyarak-buyuyor.html\" target=\"_blank\" rel=\"nofollow\">Energyworld Dergisi<\/a><\/p>\n<p><\/p>","protected":false},"excerpt":{"rendered":"<p>Sorry, this entry is only available in Turkish. For the sake of viewer convenience, the content is shown below in the alternative language. You may click the link to switch the active language. Ye\u015fil\u0131rmak Elektrik Da\u011f\u0131t\u0131m A.\u015e. (YEDA\u015e), Samsun, Amasya, \u00c7orum, Ordu ve Sinop illerinde ya\u015fayan 3 milyonun \u00fczerinde insan\u0131n elektrik enerjisi ihtiyac\u0131n\u0131 kar\u015f\u0131l\u0131yor. 1 [&hellip;]<\/p>\n","protected":false},"author":1,"featured_media":48632,"comment_status":"open","ping_status":"open","sticky":false,"template":"","format":"standard","meta":[],"categories":[51,53],"tags":[780,2530,68,1266,61,19638,2873,63,67,1009,2698,165,4346,16315,782,27771,9138,27772,11524],"views":1251,"_links":{"self":[{"href":"https:\/\/www.enerjigazetesi.ist\/en\/wp-json\/wp\/v2\/posts\/48631"}],"collection":[{"href":"https:\/\/www.enerjigazetesi.ist\/en\/wp-json\/wp\/v2\/posts"}],"about":[{"href":"https:\/\/www.enerjigazetesi.ist\/en\/wp-json\/wp\/v2\/types\/post"}],"author":[{"embeddable":true,"href":"https:\/\/www.enerjigazetesi.ist\/en\/wp-json\/wp\/v2\/users\/1"}],"replies":[{"embeddable":true,"href":"https:\/\/www.enerjigazetesi.ist\/en\/wp-json\/wp\/v2\/comments?post=48631"}],"version-history":[{"count":1,"href":"https:\/\/www.enerjigazetesi.ist\/en\/wp-json\/wp\/v2\/posts\/48631\/revisions"}],"predecessor-version":[{"id":48633,"href":"https:\/\/www.enerjigazetesi.ist\/en\/wp-json\/wp\/v2\/posts\/48631\/revisions\/48633"}],"wp:featuredmedia":[{"embeddable":true,"href":"https:\/\/www.enerjigazetesi.ist\/en\/wp-json\/wp\/v2\/media\/48632"}],"wp:attachment":[{"href":"https:\/\/www.enerjigazetesi.ist\/en\/wp-json\/wp\/v2\/media?parent=48631"}],"wp:term":[{"taxonomy":"category","embeddable":true,"href":"https:\/\/www.enerjigazetesi.ist\/en\/wp-json\/wp\/v2\/categories?post=48631"},{"taxonomy":"post_tag","embeddable":true,"href":"https:\/\/www.enerjigazetesi.ist\/en\/wp-json\/wp\/v2\/tags?post=48631"}],"curies":[{"name":"wp","href":"https:\/\/api.w.org\/{rel}","templated":true}]}}