{"id":48618,"date":"2016-01-02T16:46:10","date_gmt":"2016-01-02T13:46:10","guid":{"rendered":"https:\/\/www.enerjigazetesi.ist\/?p=48618"},"modified":"2016-01-02T17:08:08","modified_gmt":"2016-01-02T14:08:08","slug":"almanyanin-elektriginin-ucte-biri-yenilenebilir-enerjiden-saglandi","status":"publish","type":"post","link":"https:\/\/www.enerjigazetesi.ist\/en\/almanyanin-elektriginin-ucte-biri-yenilenebilir-enerjiden-saglandi\/","title":{"rendered":"(Turkish) Almanya\u2019n\u0131n Elektri\u011finin \u00dc\u00e7te Biri Yenilenebilir Enerjiden Sa\u011fland\u0131&#8230;"},"content":{"rendered":"<p class=\"qtranxs-available-languages-message qtranxs-available-languages-message-en\">Sorry, this entry is only available in <a href=\"https:\/\/www.enerjigazetesi.ist\/tr\/wp-json\/wp\/v2\/posts\/48618\" class=\"qtranxs-available-language-link qtranxs-available-language-link-tr\" title=\"Turkish\">Turkish<\/a>. For the sake of viewer convenience, the content is shown below in the alternative language. You may click the link to switch the active language.<\/p><p><\/p>\n<p style=\"color: #444444;\"><strong>Yenilenebilir enerji kaynaklar\u0131n\u0131n Almanya\u2019n\u0131n elektrik \u00fcretimi i\u00e7indeki pay\u0131n\u0131n \u00f6nemli oranda y\u00fckseldi\u011fi bildirildi.<\/strong><\/p>\n<p style=\"color: #444444;\">Berlin Uygulamal\u0131 Bilimler \u00dcniversitesi&#8217;nde (HTW Berlin) g\u00f6revli\u00a0Prof. Volker Quaschningtaraf\u0131ndan derlenen\u00a0bilgilere g\u00f6re\u00a0Almanya 2015 y\u0131l\u0131nda bu kaynaklardan toplam \u00fcretimin y\u00fczde 32,5\u2019una denk olacak \u015fekilde 194 Ter<a href=\"https:\/\/www.enerjigazetesi.ist\/wp-content\/uploads\/2016\/01\/almanyanin-elektriginin-ucte-biri-yenilenebilir-enerjiden-saglandi.jpg\"><img loading=\"lazy\" class=\"alignright size-medium wp-image-48620\" src=\"https:\/\/www.enerjigazetesi.ist\/wp-content\/uploads\/2016\/01\/almanyanin-elektriginin-ucte-biri-yenilenebilir-enerjiden-saglandi-300x163.jpg\" alt=\"almanyanin-elektriginin-ucte-biri-yenilenebilir-enerjiden-saglandi\" width=\"300\" height=\"163\" srcset=\"https:\/\/www.enerjigazetesi.ist\/wp-content\/uploads\/2016\/01\/almanyanin-elektriginin-ucte-biri-yenilenebilir-enerjiden-saglandi-300x163.jpg 300w, https:\/\/www.enerjigazetesi.ist\/wp-content\/uploads\/2016\/01\/almanyanin-elektriginin-ucte-biri-yenilenebilir-enerjiden-saglandi-80x43.jpg 80w, https:\/\/www.enerjigazetesi.ist\/wp-content\/uploads\/2016\/01\/almanyanin-elektriginin-ucte-biri-yenilenebilir-enerjiden-saglandi.jpg 460w\" sizes=\"(max-width: 300px) 100vw, 300px\" \/><\/a>avat-saat (TWh) d\u00fczeyinde elektrik \u00fcretimi ger\u00e7ekle\u015ftirdi.\u00a0\u00dclkenin 2015 y\u0131l\u0131 tahmini toplam elektrik \u00fcretimi ise 597 TWh olarak ger\u00e7ekle\u015fti.<\/p>\n<p style=\"color: #444444;\">Almanya 2014 y\u0131l\u0131nda ise toplam elektrik \u00fcretiminin y\u00fczde 27,4\u2019\u00fcne denk olacak \u015fekilde 162,5 TWh&#8217;lik elektri\u011fi yenilenebilir enerji kaynaklar\u0131ndan sa\u011flam\u0131\u015ft\u0131.<\/p>\n<p style=\"color: #444444;\">Verilere g\u00f6re bu \u00fcretimde en b\u00fcy\u00fck pay ise r\u00fczgar enerjisi santrallerinin oldu.\u00a0Almanya\u2019daki r\u00fczgar enerjisi santralleri 2014 y\u0131l\u0131nda 55,9 TWh\u2019lik elektrik \u00fcretimi ger\u00e7ekle\u015ftirirken, bu rakam 2015 y\u0131l\u0131nda 77,9 TWh\u2019e y\u00fckseldi.<\/p>\n<p style=\"color: #444444;\">Deniz \u00fcst\u00fc r\u00fczgar enerjisi ise pay\u0131n\u0131 en h\u0131zl\u0131 art\u0131ran yenilenebilir enerji alan\u0131 oldu. 2014 y\u0131l\u0131nda 1,4 TWh\u2019lik elektrik \u00fcretimi deniz \u00fcst\u00fc r\u00fczgar enerjisi santralleri sayesinde sa\u011flan\u0131rken, 2015 y\u0131l\u0131nda ise 8,1 TWh\u2019lik \u00fcretim sa\u011fland\u0131.<\/p>\n<p style=\"color: #444444;\">Biyomas santralleri benzer d\u00fczeyde kalarak ge\u00e7en y\u0131l 49,9 TWh\u2019lik elektrik \u00fcretimi ger\u00e7ekle\u015ftirdi.<\/p>\n<p style=\"color: #444444;\">\u00dclkedeki fotovoltaik sistemler ise 2014 y\u0131l\u0131nda 36,1 TWh\u2019lik elektrik \u00fcretimi ger\u00e7ekle\u015ftirirken, bu rakam artan kurulu g\u00fcc\u00fcn de etkisi ile\u00a0 2015 y\u0131l\u0131nda 38,5 TWh\u2019e y\u00fckseldi.<\/p>\n<p style=\"color: #444444;\">Hidroelektrik santralleri ise 2015 y\u0131l\u0131nda, bir \u00f6nceki y\u0131la benzer \u015fekilde 19,5 TWh\u2019lik \u00fcretim ger\u00e7ekle\u015ftirdi.<\/p>\n<p style=\"color: #444444;\">Kaynak: <a href=\"http:\/\/yesilekonomi.com\/yenilenebilir-enerji\/almanyanin-elektriginin-ucte-biri-yenilenebilir-enerjiden-saglandi\" target=\"_blank\" rel=\"nofollow\">Ye\u015fil Ekonomi<\/a><\/p>\n<p><\/p>","protected":false},"excerpt":{"rendered":"<p>Sorry, this entry is only available in Turkish. For the sake of viewer convenience, the content is shown below in the alternative language. You may click the link to switch the active language. Yenilenebilir enerji kaynaklar\u0131n\u0131n Almanya\u2019n\u0131n elektrik \u00fcretimi i\u00e7indeki pay\u0131n\u0131n \u00f6nemli oranda y\u00fckseldi\u011fi bildirildi. Berlin Uygulamal\u0131 Bilimler \u00dcniversitesi&#8217;nde (HTW Berlin) g\u00f6revli\u00a0Prof. Volker Quaschningtaraf\u0131ndan derlenen\u00a0bilgilere [&hellip;]<\/p>\n","protected":false},"author":1,"featured_media":48620,"comment_status":"open","ping_status":"open","sticky":false,"template":"","format":"standard","meta":[],"categories":[51,53,50],"tags":[19,63,67,1009,2698,165,474,69,16,231,23318,4784,105],"views":669,"_links":{"self":[{"href":"https:\/\/www.enerjigazetesi.ist\/en\/wp-json\/wp\/v2\/posts\/48618"}],"collection":[{"href":"https:\/\/www.enerjigazetesi.ist\/en\/wp-json\/wp\/v2\/posts"}],"about":[{"href":"https:\/\/www.enerjigazetesi.ist\/en\/wp-json\/wp\/v2\/types\/post"}],"author":[{"embeddable":true,"href":"https:\/\/www.enerjigazetesi.ist\/en\/wp-json\/wp\/v2\/users\/1"}],"replies":[{"embeddable":true,"href":"https:\/\/www.enerjigazetesi.ist\/en\/wp-json\/wp\/v2\/comments?post=48618"}],"version-history":[{"count":3,"href":"https:\/\/www.enerjigazetesi.ist\/en\/wp-json\/wp\/v2\/posts\/48618\/revisions"}],"predecessor-version":[{"id":48624,"href":"https:\/\/www.enerjigazetesi.ist\/en\/wp-json\/wp\/v2\/posts\/48618\/revisions\/48624"}],"wp:featuredmedia":[{"embeddable":true,"href":"https:\/\/www.enerjigazetesi.ist\/en\/wp-json\/wp\/v2\/media\/48620"}],"wp:attachment":[{"href":"https:\/\/www.enerjigazetesi.ist\/en\/wp-json\/wp\/v2\/media?parent=48618"}],"wp:term":[{"taxonomy":"category","embeddable":true,"href":"https:\/\/www.enerjigazetesi.ist\/en\/wp-json\/wp\/v2\/categories?post=48618"},{"taxonomy":"post_tag","embeddable":true,"href":"https:\/\/www.enerjigazetesi.ist\/en\/wp-json\/wp\/v2\/tags?post=48618"}],"curies":[{"name":"wp","href":"https:\/\/api.w.org\/{rel}","templated":true}]}}