{"id":48615,"date":"2016-01-02T01:18:57","date_gmt":"2016-01-01T22:18:57","guid":{"rendered":"https:\/\/www.enerjigazetesi.ist\/?p=48615"},"modified":"2016-01-02T01:18:57","modified_gmt":"2016-01-01T22:18:57","slug":"cinin-ruzgar-ve-gunes-gucu-2016da-200-gwi-asacak","status":"publish","type":"post","link":"https:\/\/www.enerjigazetesi.ist\/en\/cinin-ruzgar-ve-gunes-gucu-2016da-200-gwi-asacak\/","title":{"rendered":"(Turkish) \u00c7in\u2019in R\u00fczgar ve G\u00fcne\u015f G\u00fcc\u00fc 2016\u2019da 200 GW\u2019\u0131 A\u015facak!"},"content":{"rendered":"<p class=\"qtranxs-available-languages-message qtranxs-available-languages-message-en\">Sorry, this entry is only available in <a href=\"https:\/\/www.enerjigazetesi.ist\/tr\/wp-json\/wp\/v2\/posts\/48615\" class=\"qtranxs-available-language-link qtranxs-available-language-link-tr\" title=\"Turkish\">Turkish<\/a>. For the sake of viewer convenience, the content is shown below in the alternative language. You may click the link to switch the active language.<\/p><p><strong>\u00c7in\u2019in 2015 y\u0131l\u0131 sonu itibari ile r\u00fczgar enerjisi alan\u0131ndaki kurulu g\u00fcc\u00fcn\u00fcn 120 GW\u2019\u0131, g\u00fcne\u015f elektri\u011fi g\u00fcc\u00fcn\u00fcn ise 43 GW\u2019\u0131 a\u015ft\u0131\u011f\u0131 bildirildi.<\/strong><\/p>\n<p>29 Aral\u0131k 2015 tarihin<a href=\"https:\/\/www.enerjigazetesi.ist\/wp-content\/uploads\/2016\/01\/cinin-ruzgar-ve-gunes-gucu-2016da-200-gwi-asacak.jpg\"><img loading=\"lazy\" class=\"alignleft size-medium wp-image-48616\" src=\"https:\/\/www.enerjigazetesi.ist\/wp-content\/uploads\/2016\/01\/cinin-ruzgar-ve-gunes-gucu-2016da-200-gwi-asacak-300x163.jpg\" alt=\"cinin-ruzgar-ve-gunes-gucu-2016da-200-gwi-asacak\" width=\"300\" height=\"163\" srcset=\"https:\/\/www.enerjigazetesi.ist\/wp-content\/uploads\/2016\/01\/cinin-ruzgar-ve-gunes-gucu-2016da-200-gwi-asacak-300x163.jpg 300w, https:\/\/www.enerjigazetesi.ist\/wp-content\/uploads\/2016\/01\/cinin-ruzgar-ve-gunes-gucu-2016da-200-gwi-asacak-80x43.jpg 80w, https:\/\/www.enerjigazetesi.ist\/wp-content\/uploads\/2016\/01\/cinin-ruzgar-ve-gunes-gucu-2016da-200-gwi-asacak.jpg 460w\" sizes=\"(max-width: 300px) 100vw, 300px\" \/><\/a>de Pekin\u2019de d\u00fczenlenen Ulusal Enerji \u00c7al\u0131\u015fmalar\u0131 Konferans\u0131\u2019nda yap\u0131lan a\u00e7\u0131klamalara g\u00f6re \u00c7in enerji y\u00f6netimi 2016 y\u0131l\u0131nda ise r\u00fczgar enerjisinde 20 GW, g\u00fcne\u015f elektri\u011finde ise 15 GW\u2019l\u0131k yeni kurulum \u00f6ng\u00f6r\u00fcyor.<\/p>\n<p>Ayn\u0131 a\u00e7\u0131klamada \u00c7in\u2019in hidroelektrik alan\u0131ndaki kurulu g\u00fcc\u00fcn\u00fcn 2015 sonu itibari ile 320 GW\u2019\u0131 a\u015ft\u0131\u011f\u0131 bildirilirken, \u00f6zellikle \u00fclkenin g\u00fcney bat\u0131 b\u00f6lgesinde bu alandaki yat\u0131r\u0131mlar\u0131n aktif \u015fekilde s\u00fcrd\u00fcr\u00fclece\u011fi bildirildi.<\/p>\n<p>Bununla birlikte \u00c7in Ulusal Kalk\u0131nma ve Reform Komisyonu taraf\u0131ndan yap\u0131lan ayr\u0131 bir a\u00e7\u0131klamada ise \u00fclkenin yenilenebilir enerji alan\u0131ndaki yat\u0131r\u0131mlar\u0131n\u0131 finanse etmek i\u00e7in elektrik faturalar\u0131na yans\u0131t\u0131lan katk\u0131 bedellerinin de y\u00fckseldi\u011fi bildirildi. A\u00e7\u0131klamaya g\u00f6re bu bedeller yeni y\u0131lda y\u00fczde 27\u2019lik art\u0131\u015f ile kilovat-saat ba\u015f\u0131na 0,02 y\u00fcen olarak uygulanacak.<\/p>\n<p>Kaynak: <a href=\"http:\/\/yesilekonomi.com\/yenilenebilir-enerji\/cinin-ruzgar-ve-gunes-gucu-2016da-200-gwi-asacak\" target=\"_blank\" rel=\"nofollow\">Ye\u015fil Ekonomi<\/a><\/p>","protected":false},"excerpt":{"rendered":"<p>Sorry, this entry is only available in Turkish. For the sake of viewer convenience, the content is shown below in the alternative language. You may click the link to switch the active language.\u00c7in\u2019in 2015 y\u0131l\u0131 sonu itibari ile r\u00fczgar enerjisi alan\u0131ndaki kurulu g\u00fcc\u00fcn\u00fcn 120 GW\u2019\u0131, g\u00fcne\u015f elektri\u011fi g\u00fcc\u00fcn\u00fcn ise 43 GW\u2019\u0131 a\u015ft\u0131\u011f\u0131 bildirildi. 29 Aral\u0131k [&hellip;]<\/p>\n","protected":false},"author":1,"featured_media":48616,"comment_status":"open","ping_status":"open","sticky":false,"template":"","format":"standard","meta":[],"categories":[53,49,50],"tags":[886,63,67,1009,2698,165,227,13,23133,4269,69,16,23318,4784,105],"views":804,"_links":{"self":[{"href":"https:\/\/www.enerjigazetesi.ist\/en\/wp-json\/wp\/v2\/posts\/48615"}],"collection":[{"href":"https:\/\/www.enerjigazetesi.ist\/en\/wp-json\/wp\/v2\/posts"}],"about":[{"href":"https:\/\/www.enerjigazetesi.ist\/en\/wp-json\/wp\/v2\/types\/post"}],"author":[{"embeddable":true,"href":"https:\/\/www.enerjigazetesi.ist\/en\/wp-json\/wp\/v2\/users\/1"}],"replies":[{"embeddable":true,"href":"https:\/\/www.enerjigazetesi.ist\/en\/wp-json\/wp\/v2\/comments?post=48615"}],"version-history":[{"count":1,"href":"https:\/\/www.enerjigazetesi.ist\/en\/wp-json\/wp\/v2\/posts\/48615\/revisions"}],"predecessor-version":[{"id":48617,"href":"https:\/\/www.enerjigazetesi.ist\/en\/wp-json\/wp\/v2\/posts\/48615\/revisions\/48617"}],"wp:featuredmedia":[{"embeddable":true,"href":"https:\/\/www.enerjigazetesi.ist\/en\/wp-json\/wp\/v2\/media\/48616"}],"wp:attachment":[{"href":"https:\/\/www.enerjigazetesi.ist\/en\/wp-json\/wp\/v2\/media?parent=48615"}],"wp:term":[{"taxonomy":"category","embeddable":true,"href":"https:\/\/www.enerjigazetesi.ist\/en\/wp-json\/wp\/v2\/categories?post=48615"},{"taxonomy":"post_tag","embeddable":true,"href":"https:\/\/www.enerjigazetesi.ist\/en\/wp-json\/wp\/v2\/tags?post=48615"}],"curies":[{"name":"wp","href":"https:\/\/api.w.org\/{rel}","templated":true}]}}