{"id":48580,"date":"2016-01-01T13:43:49","date_gmt":"2016-01-01T10:43:49","guid":{"rendered":"https:\/\/www.enerjigazetesi.ist\/?p=48580"},"modified":"2016-01-01T13:43:49","modified_gmt":"2016-01-01T10:43:49","slug":"ingilterenin-en-eski-nukleer-reaktoru-wylfa-1-45-yil-sonra-kapatildi","status":"publish","type":"post","link":"https:\/\/www.enerjigazetesi.ist\/en\/ingilterenin-en-eski-nukleer-reaktoru-wylfa-1-45-yil-sonra-kapatildi\/","title":{"rendered":"(Turkish) \u0130ngiltere\u2019nin En Eski N\u00fckleer Reakt\u00f6r\u00fc Wylfa 1, 45 Y\u0131l Sonra Kapat\u0131ld\u0131&#8230;"},"content":{"rendered":"<p class=\"qtranxs-available-languages-message qtranxs-available-languages-message-en\">Sorry, this entry is only available in <a href=\"https:\/\/www.enerjigazetesi.ist\/tr\/wp-json\/wp\/v2\/posts\/48580\" class=\"qtranxs-available-language-link qtranxs-available-language-link-tr\" title=\"Turkish\">Turkish<\/a>. For the sake of viewer convenience, the content is shown below in the alternative language. You may click the link to switch the active language.<\/p><p><\/p>\n<p style=\"color: #0a0a0a;\"><strong>\u0130ngiltere\u2019nin en eski n\u00fckleer reakt\u00f6r\u00fc Wylfa 1 kapat\u0131ld\u0131. Galler\u2019in Anglesey adas\u0131nda bulunan n\u00fckleer santral tam 45 y\u0131l \u00e7al\u0131\u015ft\u0131.<a href=\"https:\/\/www.enerjigazetesi.ist\/wp-content\/uploads\/2016\/01\/ingilterenin-en-eski-nukleer-reaktoru-wylfa-1-45-yil-sonra-kapatildi1.jpg\"><img loading=\"lazy\" class=\"alignright size-medium wp-image-48582\" src=\"https:\/\/www.enerjigazetesi.ist\/wp-content\/uploads\/2016\/01\/ingilterenin-en-eski-nukleer-reaktoru-wylfa-1-45-yil-sonra-kapatildi1-300x165.jpg\" alt=\"ingilterenin-en-eski-nukleer-reaktoru-wylfa-1-45-yil-sonra-kapatildi\" width=\"300\" height=\"165\" srcset=\"https:\/\/www.enerjigazetesi.ist\/wp-content\/uploads\/2016\/01\/ingilterenin-en-eski-nukleer-reaktoru-wylfa-1-45-yil-sonra-kapatildi1-300x165.jpg 300w, https:\/\/www.enerjigazetesi.ist\/wp-content\/uploads\/2016\/01\/ingilterenin-en-eski-nukleer-reaktoru-wylfa-1-45-yil-sonra-kapatildi1-500x276.jpg 500w, https:\/\/www.enerjigazetesi.ist\/wp-content\/uploads\/2016\/01\/ingilterenin-en-eski-nukleer-reaktoru-wylfa-1-45-yil-sonra-kapatildi1-80x44.jpg 80w, https:\/\/www.enerjigazetesi.ist\/wp-content\/uploads\/2016\/01\/ingilterenin-en-eski-nukleer-reaktoru-wylfa-1-45-yil-sonra-kapatildi1.jpg 696w\" sizes=\"(max-width: 300px) 100vw, 300px\" \/><\/a><\/strong><span id=\"more-75112\"><\/span><\/p>\n<p style=\"color: #0a0a0a;\">Wylfa n\u00fckleer santralini i\u015fleten Magnox \u015firketinin a\u00e7\u0131klamas\u0131nda, \u201cWylfa n\u00fckleer santrali kapat\u0131ld\u0131. Bu, bir ku\u015fak Magnox reakt\u00f6rlerinin tarihinin sona erdi\u011fi anlam\u0131na geliyor\u201d dendi.<\/p>\n<p style=\"color: #0a0a0a;\">490 MW\u2019l\u0131k Wylfa 1 reakt\u00f6r\u00fc, 1971\u2019de hizmete a\u00e7\u0131lm\u0131\u015ft\u0131. Birlikte \u00e7al\u0131\u015ft\u0131\u011f\u0131 Wylfa 2 reakt\u00f6r\u00fc ise 2012\u2019de kapat\u0131lm\u0131\u015ft\u0131. Wylfa n\u00fckleer santralin Eyl\u00fcl 2014\u2019te kapat\u0131lmas\u0131 planlan\u0131yordu ancak daha sonra faaliyetinin bu y\u0131l\u0131n sonuna kadar uzat\u0131lmas\u0131na karar verilmi\u015fti.<\/p>\n<p style=\"color: #0a0a0a;\">Kaynak: Sputnik<\/p>\n<p><\/p>","protected":false},"excerpt":{"rendered":"<p>Sorry, this entry is only available in Turkish. For the sake of viewer convenience, the content is shown below in the alternative language. You may click the link to switch the active language. \u0130ngiltere\u2019nin en eski n\u00fckleer reakt\u00f6r\u00fc Wylfa 1 kapat\u0131ld\u0131. Galler\u2019in Anglesey adas\u0131nda bulunan n\u00fckleer santral tam 45 y\u0131l \u00e7al\u0131\u015ft\u0131. Wylfa n\u00fckleer santralini i\u015fleten [&hellip;]<\/p>\n","protected":false},"author":1,"featured_media":48581,"comment_status":"open","ping_status":"open","sticky":false,"template":"","format":"standard","meta":[],"categories":[53,43],"tags":[63,67,1009,2698,165,71,21,25480,2973],"views":1115,"_links":{"self":[{"href":"https:\/\/www.enerjigazetesi.ist\/en\/wp-json\/wp\/v2\/posts\/48580"}],"collection":[{"href":"https:\/\/www.enerjigazetesi.ist\/en\/wp-json\/wp\/v2\/posts"}],"about":[{"href":"https:\/\/www.enerjigazetesi.ist\/en\/wp-json\/wp\/v2\/types\/post"}],"author":[{"embeddable":true,"href":"https:\/\/www.enerjigazetesi.ist\/en\/wp-json\/wp\/v2\/users\/1"}],"replies":[{"embeddable":true,"href":"https:\/\/www.enerjigazetesi.ist\/en\/wp-json\/wp\/v2\/comments?post=48580"}],"version-history":[{"count":1,"href":"https:\/\/www.enerjigazetesi.ist\/en\/wp-json\/wp\/v2\/posts\/48580\/revisions"}],"predecessor-version":[{"id":48583,"href":"https:\/\/www.enerjigazetesi.ist\/en\/wp-json\/wp\/v2\/posts\/48580\/revisions\/48583"}],"wp:featuredmedia":[{"embeddable":true,"href":"https:\/\/www.enerjigazetesi.ist\/en\/wp-json\/wp\/v2\/media\/48581"}],"wp:attachment":[{"href":"https:\/\/www.enerjigazetesi.ist\/en\/wp-json\/wp\/v2\/media?parent=48580"}],"wp:term":[{"taxonomy":"category","embeddable":true,"href":"https:\/\/www.enerjigazetesi.ist\/en\/wp-json\/wp\/v2\/categories?post=48580"},{"taxonomy":"post_tag","embeddable":true,"href":"https:\/\/www.enerjigazetesi.ist\/en\/wp-json\/wp\/v2\/tags?post=48580"}],"curies":[{"name":"wp","href":"https:\/\/api.w.org\/{rel}","templated":true}]}}